{"id":527436,"date":"2025-11-11T15:56:36","date_gmt":"2025-11-11T15:56:36","guid":{"rendered":"https:\/\/www.europesays.com\/fr\/527436\/"},"modified":"2025-11-11T15:56:36","modified_gmt":"2025-11-11T15:56:36","slug":"exclu-midol-transferts-pro-d2-martin-bogado-oyonnax-est-proche-de-rejoindre-une-autre-equipe-de-la-division","status":"publish","type":"post","link":"https:\/\/www.europesays.com\/fr\/527436\/","title":{"rendered":"Exclu Midol. Transferts \/ Pro D2\u00a0&#8211; Martin Bogado (Oyonnax) est proche de rejoindre une autre \u00e9quipe de la division"},"content":{"rendered":"<p>\n                Selon nos informations, l\u2019international argentin (quatre s\u00e9lections) va quitter le club de l\u2019Ain au terme de son contrat en juin prochain. Il est en contacts tr\u00e8s avanc\u00e9s avec une autre formation de Pro D2.\n            <\/p>\n<p>Ces derni\u00e8res semaines, <strong><a href=\"https:\/\/www.rugbyrama.fr\/equipe\/provence-rugby\/\" target=\"_self\" rel=\"nofollow noopener\">Provence Rugby avance ses pions<\/a><\/strong> sur le march\u00e9 des mutations. Comme indiqu\u00e9 dans notre \u00e9dition du lundi 10\u00a0novembre, les Noirs sont en passe de finaliser l\u2019arriv\u00e9e d\u2019Andr\u00e9a Pontanier. Le pilier gauche s\u2019est impos\u00e9 comme <strong><a href=\"https:\/\/www.rugbyrama.fr\/equipe\/valence-romans\/\" target=\"_self\" rel=\"nofollow noopener\">un cadre de Valence Romans<\/a><\/strong>. Mais, les Bucco-Rhodaniens cherchent aussi \u00e0 se renforcer au niveau du triangle arri\u00e8re.<\/p>\n<p>Le chantier est cons\u00e9quent puisque cinq \u00e9l\u00e9ments arrivent en fin de contrat. Parmi cette liste, il y a de v\u00e9ritables r\u00e9f\u00e9rences de la division <strong><a href=\"https:\/\/www.rugbyrama.fr\/2025\/09\/06\/exclu-midol-transferts-top-14-adrien-lapegue-provence-rugby-dans-le-viseur-de-bayonne-12915016.php\" target=\"_self\" rel=\"nofollow noopener\">\u00e0 l\u2019instar d\u2019Adrien Lap\u00e8gue<\/a><\/strong> et de L\u00e9o Douret. On trouve aussi des joueurs exp\u00e9riment\u00e9s comme Thomas Salles, Mathias Colombet ou encore Sione Tui. Si certains ont re\u00e7u des offres pour prolonger du c\u00f4t\u00e9 de Maurice-David, d\u2019autres s\u2019en iront vers de nouveaux horizons. Pour pr\u00e9parer l\u2019avenir, Provence Rugby a pris un coup d\u2019avance et un dossier est proche d\u2019aboutir. Selon nos informations, l\u2019arriv\u00e9e de Martin Bogado est en tr\u00e8s bonne voie. C\u2019est un gros coup r\u00e9alis\u00e9 par Provence Rugby, tant le curriculum vitae du joueur form\u00e9 \u00e0 C\u00f3rdoba est fourni.<\/p>\n<p>Provence Rugby s\u2019est renseign\u00e9 sur Sim\u00e3o Bento<\/p>\n<p>\u00c0 27 ans, le Puma s\u2019appr\u00eate \u00e0 d\u00e9couvrir un troisi\u00e8me club dans l\u2019Hexagone apr\u00e8s des exp\u00e9riences concluantes \u00e0 Bayonne et \u00e0 Oyonnax. <strong><a href=\"https:\/\/www.rugbyrama.fr\/equipe\/us-oyonnax\/\" target=\"_self\" rel=\"nofollow noopener\">Avec le club de l\u2019Ain<\/a><\/strong>, il est titulaire indiscutable depuis le d\u00e9but de l\u2019ann\u00e9e avec sept apparitions. L\u2019an pass\u00e9, il \u00e9tait apparu \u00e0 20 reprises et il avait inscrit cinq essais. Le natif de Posadas a \u00e9galement l\u2019avantage de pouvoir \u00e9voluer \u00e0 l\u2019aile. Il l\u2019a fait plusieurs fois avec l\u2019Aviron ou lors de son passage aux Highlanders. Toujours selon nos informations, les parties ont trouv\u00e9 un accord pour un contrat portant sur les deux prochaines saisons.<\/p>\n<p>Avant d\u2019acc\u00e9l\u00e9rer sur cette piste, le club dirig\u00e9 par Denis Philipon avait scrut\u00e9 plusieurs options et notamment celle menant \u00e0 l\u2019arri\u00e8re Sim\u00e3o Bento. L\u2019international portugais (21 s\u00e9lections) a montr\u00e9 de superbes qualit\u00e9s de relanceur du c\u00f4t\u00e9 de Mont-de-Marsan. Son profil de facteur X int\u00e9resse d\u2019ailleurs plusieurs \u00e9curies du haut de tableau de Pro D2. Le nom d\u2019Aymeric Luc, qui arrive en fin de contrat avec la Section paloise, a aussi \u00e9t\u00e9 discut\u00e9 en interne ces derni\u00e8res semaines.<\/p>\n","protected":false},"excerpt":{"rendered":"Selon nos informations, l\u2019international argentin (quatre s\u00e9lections) va quitter le club de l\u2019Ain au terme de son contrat&hellip;\n","protected":false},"author":2,"featured_media":527437,"comment_status":"","ping_status":"","sticky":false,"template":"","format":"standard","meta":{"footnotes":""},"categories":[1416],"tags":[1011,27,479,1468,60],"class_list":{"0":"post-527436","1":"post","2":"type-post","3":"status-publish","4":"format-standard","5":"has-post-thumbnail","7":"category-rugby","8":"tag-fr","9":"tag-france","10":"tag-rugby","11":"tag-rugby-football","12":"tag-sports"},"share_on_mastodon":{"url":"https:\/\/pubeurope.com\/@fr\/115531886215177662","error":""},"_links":{"self":[{"href":"https:\/\/www.europesays.com\/fr\/wp-json\/wp\/v2\/posts\/527436","targetHints":{"allow":["GET"]}}],"collection":[{"href":"https:\/\/www.europesays.com\/fr\/wp-json\/wp\/v2\/posts"}],"about":[{"href":"https:\/\/www.europesays.com\/fr\/wp-json\/wp\/v2\/types\/post"}],"author":[{"embeddable":true,"href":"https:\/\/www.europesays.com\/fr\/wp-json\/wp\/v2\/users\/2"}],"replies":[{"embeddable":true,"href":"https:\/\/www.europesays.com\/fr\/wp-json\/wp\/v2\/comments?post=527436"}],"version-history":[{"count":0,"href":"https:\/\/www.europesays.com\/fr\/wp-json\/wp\/v2\/posts\/527436\/revisions"}],"wp:featuredmedia":[{"embeddable":true,"href":"https:\/\/www.europesays.com\/fr\/wp-json\/wp\/v2\/media\/527437"}],"wp:attachment":[{"href":"https:\/\/www.europesays.com\/fr\/wp-json\/wp\/v2\/media?parent=527436"}],"wp:term":[{"taxonomy":"category","embeddable":true,"href":"https:\/\/www.europesays.com\/fr\/wp-json\/wp\/v2\/categories?post=527436"},{"taxonomy":"post_tag","embeddable":true,"href":"https:\/\/www.europesays.com\/fr\/wp-json\/wp\/v2\/tags?post=527436"}],"curies":[{"name":"wp","href":"https:\/\/api.w.org\/{rel}","templated":true}]}}