{"id":527438,"date":"2025-11-11T15:58:11","date_gmt":"2025-11-11T15:58:11","guid":{"rendered":"https:\/\/www.europesays.com\/fr\/527438\/"},"modified":"2025-11-11T15:58:11","modified_gmt":"2025-11-11T15:58:11","slug":"tennis-pour-feter-le-101e-titre-de-sa-carriere-novak-djokovic-prend-la-pose-au-milieu-de-dalmatiens","status":"publish","type":"post","link":"https:\/\/www.europesays.com\/fr\/527438\/","title":{"rendered":"Tennis\u00a0: pour f\u00eater le 101e titre de sa carri\u00e8re, Novak Djokovic prend la pose au milieu de\u2026 dalmatiens"},"content":{"rendered":"<p class=\"paragraph text_align_left lp-f-body-02\">Il est entr\u00e9 un peu plus dans l\u2019histoire du tennis mondial. Dimanche dernier <a href=\"https:\/\/www.leparisien.fr\/sports\/tennis\/novak-djokovic\/\" target=\"_blank\" rel=\"noreferrer nofollow noopener\">Novak Djokovic<\/a> remportait, au terme d\u2019une bataille \u00e9pique de trois heures et <a href=\"https:\/\/www.leparisien.fr\/sports\/tennis\/tennis-la-video-de-la-volee-grand-ecart-exceptionnelle-de-novak-djokovic-en-finale-a-athenes-08-11-2025-EI5OUVD22NDMHGZCAKZCRJMLNQ.php\" target=\"_blank\" rel=\"noreferrer nofollow noopener\">de nombreux coups spectaculaires<\/a>, le tournoi ATP 250 d\u2019Ath\u00e8nes. <a href=\"https:\/\/www.leparisien.fr\/sports\/tennis\/nous-sommes-la-pour-de-nombreuses-annees-de-heros-a-paria-en-serbie-pourquoi-djokovic-sest-installe-en-grece-03-11-2025-2MNSCPNFOVA3LMMM4G2QCUUBVQ.php\" target=\"_blank\" rel=\"noreferrer nofollow noopener\">\u00ab\u00a0Son tournoi\u00a0\u00bb<\/a>, puisque cette saison le rendez-vous a pris place dans le calendrier de l\u2019Open de Belgrade et est organis\u00e9 par sa famille.<\/p>\n<p class=\"paragraph text_align_left lp-f-body-02\">Une victoire synonyme de 101e titre sur le circuit ATP. Pour f\u00eater cette nouvelle marque, le fac\u00e9tieux Serbe a post\u00e9 sur ses r\u00e9seaux sociaux, lundi, une photo o\u00f9 il prend la pose, sur les hauteurs de l\u2019Acropole, au milieu de nombreux dalmatiens.<\/p>\n<p class=\"paragraph text_align_left lp-f-body-02\">\u00ab\u00a0Je ne pouvais pas f\u00eater la 101e sans quelques dalmatiens\u00a0\u00bb, explique le joueur aux 24 titres du Grand Chelem en commentaire de la publication. Un clich\u00e9 qui semble \u00eatre retouch\u00e9 par l\u2019IA.<\/p>\n<p class=\"paragraph text_align_left lp-f-body-02\">La photo fait \u00e9videmment r\u00e9f\u00e9rence au film de Disney \u00ab\u00a0les 101 Dalmatiens\u00a0\u00bb. Terreur des courts mais jamais \u00e0 court de blague, le Djoker se prendrait-il pour Cruella\u00a0?<\/p>\n","protected":false},"excerpt":{"rendered":"Il est entr\u00e9 un peu plus dans l\u2019histoire du tennis mondial. Dimanche dernier Novak Djokovic remportait, au terme&hellip;\n","protected":false},"author":2,"featured_media":527439,"comment_status":"","ping_status":"","sticky":false,"template":"","format":"standard","meta":{"footnotes":""},"categories":[1415],"tags":[1011,27,60,1467],"class_list":{"0":"post-527438","1":"post","2":"type-post","3":"status-publish","4":"format-standard","5":"has-post-thumbnail","7":"category-tennis","8":"tag-fr","9":"tag-france","10":"tag-sports","11":"tag-tennis"},"share_on_mastodon":{"url":"https:\/\/pubeurope.com\/@fr\/115531894151233248","error":""},"_links":{"self":[{"href":"https:\/\/www.europesays.com\/fr\/wp-json\/wp\/v2\/posts\/527438","targetHints":{"allow":["GET"]}}],"collection":[{"href":"https:\/\/www.europesays.com\/fr\/wp-json\/wp\/v2\/posts"}],"about":[{"href":"https:\/\/www.europesays.com\/fr\/wp-json\/wp\/v2\/types\/post"}],"author":[{"embeddable":true,"href":"https:\/\/www.europesays.com\/fr\/wp-json\/wp\/v2\/users\/2"}],"replies":[{"embeddable":true,"href":"https:\/\/www.europesays.com\/fr\/wp-json\/wp\/v2\/comments?post=527438"}],"version-history":[{"count":0,"href":"https:\/\/www.europesays.com\/fr\/wp-json\/wp\/v2\/posts\/527438\/revisions"}],"wp:featuredmedia":[{"embeddable":true,"href":"https:\/\/www.europesays.com\/fr\/wp-json\/wp\/v2\/media\/527439"}],"wp:attachment":[{"href":"https:\/\/www.europesays.com\/fr\/wp-json\/wp\/v2\/media?parent=527438"}],"wp:term":[{"taxonomy":"category","embeddable":true,"href":"https:\/\/www.europesays.com\/fr\/wp-json\/wp\/v2\/categories?post=527438"},{"taxonomy":"post_tag","embeddable":true,"href":"https:\/\/www.europesays.com\/fr\/wp-json\/wp\/v2\/tags?post=527438"}],"curies":[{"name":"wp","href":"https:\/\/api.w.org\/{rel}","templated":true}]}}