{"id":527440,"date":"2025-11-11T16:02:14","date_gmt":"2025-11-11T16:02:14","guid":{"rendered":"https:\/\/www.europesays.com\/fr\/527440\/"},"modified":"2025-11-11T16:02:14","modified_gmt":"2025-11-11T16:02:14","slug":"cyclo-cross-du-mont-olympe-a-charleville-mezieres-timothe-gabriel-1er-actualite","status":"publish","type":"post","link":"https:\/\/www.europesays.com\/fr\/527440\/","title":{"rendered":"Cyclo-cross du Mont-Olympe \u00e0 Charleville-M\u00e9zi\u00e8res : Timoth\u00e9 Gabriel 1er &#8211; Actualit\u00e9"},"content":{"rendered":"<p>                                                                    <img decoding=\"async\" src=\"https:\/\/www.europesays.com\/fr\/wp-content\/uploads\/2025\/11\/69135278dccac.jpg\" height=\"auto\" loading=\"lazy\"\/><br \/>\n                                                                    Cr\u00e9dit photo Alexis Dancerelle &#8211; DirectVelo<\/p>\n<p class=\"images-caption\">Cr\u00e9dit photo Alexis Dancerelle &#8211; DirectVelo<\/p>\n<p class=\"metadata\">\n            Par<br \/>\n        <strong class=\"text-black\">ALEXIS DANCERELLE<\/strong><br \/>\n                    <br \/>Le<br \/>\n    11 novembre 2025, 16:09<\/p>\n<p style=\"text-align: justify;\">Timoth\u00e9 Gabriel (Team CX TPM) a remport\u00e9, ce mardi, la 59e \u00e9dition du cyclo-cross du Mont-Olympe \u00e0 Charleville-M\u00e9zi\u00e8res (Ardennes) organis\u00e9 par l&rsquo;Union V\u00e9lo Club de Charleville-M\u00e9zi\u00e8res. Il a devanc\u00e9 Florian Fery (Bike Energy School) et Arnaud Gillet (UVC Charleville-M\u00e9zi\u00e8res).<br \/>Timoth\u00e9 Gabriel se succ\u00e8de \u00e0 lui-m\u00eame au palmar\u00e8s .<\/p>\n<p><strong>Classement non-officiel :<\/strong><br \/><strong>S\u00e9niors, U23 et Masters moins 40 ans<\/strong><br \/>1. Timoth\u00e9 GABRIEL (TEAM CX TPM)<br \/>2. Florian FERY (BIKE ENERGY SCHOOL)<br \/>3. Arnaud GILLET (UVCCM)<br \/>4. Theo DRUMAUX (VCU SCHWENHEIM)<br \/>5. Ga\u00ebl GUILLAUME (ACT CYCLING)\u00a0<br \/>Plus d&rsquo;informations \u00e0 venir.<\/p>\n<p>            En savoir plus : coureurs et \u00e9quipes associ\u00e9s<\/p>\n<p>                Coureurs<\/p>\n<p>                    <img decoding=\"async\" src=\"https:\/\/www.europesays.com\/fr\/wp-content\/uploads\/2025\/11\/660b372b04081.png\" height=\"auto\" loading=\"lazy\"\/><\/p>\n<p>                            Portrait de Timoth\u00e9 GABRIEL<\/p>\n<p>                \u00c9quipes<\/p>\n","protected":false},"excerpt":{"rendered":"Cr\u00e9dit photo Alexis Dancerelle &#8211; DirectVelo Cr\u00e9dit photo Alexis Dancerelle &#8211; DirectVelo Par ALEXIS DANCERELLE Le 11 novembre&hellip;\n","protected":false},"author":2,"featured_media":527441,"comment_status":"","ping_status":"","sticky":false,"template":"","format":"standard","meta":{"footnotes":""},"categories":[1411],"tags":[834,828,836,829,837,827,83,826,824,823,1154,207,814,817,815,816,822,821,832,211,839,1011,27,820,818,819,835,831,830,833,838,60,212,208,825],"class_list":{"0":"post-527440","1":"post","2":"type-post","3":"status-publish","4":"format-standard","5":"has-post-thumbnail","7":"category-cyclisme","8":"tag-attaque","9":"tag-belgique","10":"tag-braquet","11":"tag-bretagne","12":"tag-chute","13":"tag-competition","14":"tag-coupe-de-france","15":"tag-coureur","16":"tag-course-cyclisme","17":"tag-course-cycliste","18":"tag-cycling","19":"tag-cyclisme","20":"tag-direct","21":"tag-direct-velo","22":"tag-directvelo","23":"tag-directvelo-com","24":"tag-epreuve","25":"tag-epreuve-cycliste","26":"tag-federation-francaise-de-cyclisme","27":"tag-ffc","28":"tag-flandres","29":"tag-fr","30":"tag-france","31":"tag-live","32":"tag-live-course","33":"tag-live-epreuve","34":"tag-peloton","35":"tag-radio-peloton","36":"tag-radio-tour","37":"tag-ravitaillement","38":"tag-relance","39":"tag-sports","40":"tag-uci","41":"tag-velo","42":"tag-velos"},"share_on_mastodon":{"url":"https:\/\/pubeurope.com\/@fr\/115531910760862241","error":""},"_links":{"self":[{"href":"https:\/\/www.europesays.com\/fr\/wp-json\/wp\/v2\/posts\/527440","targetHints":{"allow":["GET"]}}],"collection":[{"href":"https:\/\/www.europesays.com\/fr\/wp-json\/wp\/v2\/posts"}],"about":[{"href":"https:\/\/www.europesays.com\/fr\/wp-json\/wp\/v2\/types\/post"}],"author":[{"embeddable":true,"href":"https:\/\/www.europesays.com\/fr\/wp-json\/wp\/v2\/users\/2"}],"replies":[{"embeddable":true,"href":"https:\/\/www.europesays.com\/fr\/wp-json\/wp\/v2\/comments?post=527440"}],"version-history":[{"count":0,"href":"https:\/\/www.europesays.com\/fr\/wp-json\/wp\/v2\/posts\/527440\/revisions"}],"wp:featuredmedia":[{"embeddable":true,"href":"https:\/\/www.europesays.com\/fr\/wp-json\/wp\/v2\/media\/527441"}],"wp:attachment":[{"href":"https:\/\/www.europesays.com\/fr\/wp-json\/wp\/v2\/media?parent=527440"}],"wp:term":[{"taxonomy":"category","embeddable":true,"href":"https:\/\/www.europesays.com\/fr\/wp-json\/wp\/v2\/categories?post=527440"},{"taxonomy":"post_tag","embeddable":true,"href":"https:\/\/www.europesays.com\/fr\/wp-json\/wp\/v2\/tags?post=527440"}],"curies":[{"name":"wp","href":"https:\/\/api.w.org\/{rel}","templated":true}]}}