{"id":527444,"date":"2025-11-11T16:04:17","date_gmt":"2025-11-11T16:04:17","guid":{"rendered":"https:\/\/www.europesays.com\/fr\/527444\/"},"modified":"2025-11-11T16:04:17","modified_gmt":"2025-11-11T16:04:17","slug":"demi-moore-etincelante-en-mini-robe-sur-le-tapis-rouge-avec-son-petit-compagnon-photos","status":"publish","type":"post","link":"https:\/\/www.europesays.com\/fr\/527444\/","title":{"rendered":"Demi Moore \u00e9tincelante en mini robe sur le tapis rouge avec son petit compagnon (Photos)"},"content":{"rendered":"<p>Le dimanche 9 novembre, <strong>Demi Moore<\/strong> a fait une<br \/>\napparition remarqu\u00e9e \u00e0 New York lors de la premi\u00e8re de la saison 2<br \/>\nde la s\u00e9rie Landman, o\u00f9 elle pr\u00eate ses traits \u00e0 Cami<br \/>\nMiller.<\/p>\n<p>Pour cette soir\u00e9e, <a href=\"https:\/\/www.closermag.fr\/people\/un-peu-embarrassant-tom-cruise-gene-par-la-grossesse-de-demi-moore-en-plein-tournage-elle-balance-3589544\" rel=\"nofollow noopener\" target=\"_blank\"><br \/>\nl\u2019actrice am\u00e9ricaine<\/a> avait choisi une tenue chic aux accents<br \/>\nautomnaux : une robe courte en tweed violet, dont la coupe mettait<br \/>\nen valeur sa c\u00e9l\u00e8bre chevelure brune, tombant en longues vagues<br \/>\njusqu\u2019\u00e0 ses hanches.<\/p>\n<p>Une apparition brillante \u00e0 New<br \/>\nYork<\/p>\n<p data-start=\"49\" data-end=\"1017\">Longtemps symbole du glamour<br \/>\nhollywoodien, l&rsquo;ex femme de <a href=\"https:\/\/www.closermag.fr\/people\/malade-bruce-willis-sautorise-une-rare-sortie-et-les-images-emeuvent-tout-le-monde-3592343\" rel=\"nofollow noopener\" target=\"_blank\"><br \/>\nBruce Willis<\/a> semble aujourd\u2019hui vouloir red\u00e9finir son style.<br \/>\nFinies les robes \u00e9tincelantes et les silhouettes<br \/>\nultra-sophistiqu\u00e9es : lors de la premi\u00e8re new-yorkaise de la saison<br \/>\n2 de Landman, l\u2019actrice de<br \/>\n61 ans a surpris dans une tenue d\u2019une \u00e9l\u00e9gance d\u00e9contract\u00e9e. Elle<br \/>\nportait une <strong>robe courte en tweed color\u00e9 sign\u00e9e<br \/>\nGucci<\/strong>, <strong>aux accents sixties, accompagn\u00e9e de bottes<br \/>\ncavali\u00e8res noires et de simples boucles d\u2019oreilles<\/strong>.<\/p>\n<p data-start=\"49\" data-end=\"1017\">\u00c0 ses c\u00f4t\u00e9s, son fid\u00e8le<br \/>\n<strong>petit chien<\/strong>, qui ne la quitte plus, ajoutait une<br \/>\ntouche attendrissante \u00e0 cette apparition plus naturelle que jamais.<br \/>\nDans une interview accord\u00e9e \u00e0 TIME100, Demi Moore expliquait d\u00e9j\u00e0 : \u00ab\u00a0Vieillir et<br \/>\n\u00eatre vieux ne sont pas la m\u00eame chose. Vieillir est un cadeau<br \/>\nincroyable. On ne pourrait pas me payer pour avoir 21 ans \u00e0<br \/>\nnouveau\u00a0\u00bb. Un message qu\u2019elle r\u00e9affirmait quelques mois plus<br \/>\ntard dans Glamour. Elle<br \/>\nconfiait voir d\u00e9sormais un rapport \u00ab\u00a0beaucoup plus sain\u00a0\u00bb \u00e0<br \/>\nson apparence.<\/p>\n<p>Demi<br \/>\nMoore : vers un style plus authentique<\/p>\n<p data-start=\"1056\" data-end=\"1710\" data-is-last-node=\"\" data-is-only-node=\"\">Cette <strong>\u00e9volution<\/strong> personnelle<br \/>\ntranspara\u00eet d\u00e9sormais dans toutes ses apparitions publiques.<br \/>\nRefusant les diktats du glamour \u00e0 tout prix, Demi Moore s\u2019autorise<br \/>\ndavantage de simplicit\u00e9 et d\u2019authenticit\u00e9, \u00e0 l\u2019image de son r\u00f4le<br \/>\ndans The Substance.<\/p>\n<p data-start=\"1056\" data-end=\"1710\" data-is-last-node=\"\" data-is-only-node=\"\">Que ce soit dans un ensemble noir \u00e9pur\u00e9 lors<br \/>\nde la soir\u00e9e Women of the<br \/>\nYear de Glamour, en<br \/>\njupe en denim Gap Studio \u00e0 l\u2019avant-premi\u00e8re de Landman \u00e0 Los Angeles ou en<br \/>\n<strong>blazer \u00e0 carreaux<\/strong> <a href=\"https:\/\/www.closermag.fr\/people\/yves-saint-laurent-ce-n-etait-pas-tres-sain-le-mari-de-pierre-berge-se-confie-su-1153742\" rel=\"nofollow noopener\" target=\"_blank\"><br \/>\nSaint Laurent<\/a> pour le Forbes Power Women&rsquo;s Summit, la star privil\u00e9gie<br \/>\nd\u00e9sormais le confort et la sobri\u00e9t\u00e9. Un tournant stylistique<br \/>\nassum\u00e9, reflet d\u2019une femme plus apais\u00e9e, s\u00fbre d\u2019elle et en pleine<br \/>\nma\u00eetrise de son image.<\/p>\n<p>Diaporama<br \/>\n<img decoding=\"async\" class=\"diapo_img img-responsive lazy-load\" loading=\"lazy\" src=\"https:\/\/www.europesays.com\/fr\/wp-content\/uploads\/2025\/11\/bestimage_00731897_000001.jpg\"\/><\/p>\n<p>\u00a9 Ron Adar\/SOPA Images via ZUMA Press \/<br \/>\nBestimage Wire<\/p>\n<p>1\/8 Demi Moore, un retour sous le signe de la<br \/>\nsimplicit\u00e9.<\/p>\n<p data-start=\"73\" data-end=\"234\">L\u2019ic\u00f4ne hollywoodienne a surpris<br \/>\ntout le monde \u00e0 New York lors de la premi\u00e8re de la saison 2 de<br \/>\nLandman, en misant sur un<br \/>\nlook \u00e0 la fois chic et d\u00e9contract\u00e9.<\/p>\n<p><img decoding=\"async\" class=\"diapo_img img-responsive lazy-load\" loading=\"lazy\" src=\"https:\/\/www.europesays.com\/fr\/wp-content\/uploads\/2025\/11\/bestimage_00731897_000010.jpg\"\/><\/p>\n<p>\u00a9 Ron Adar\/SOPA Images via ZUMA Press \/<br \/>\nBestimage Wire<\/p>\n<p>2\/8 Exit le glamour flamboyant.<\/p>\n<p data-start=\"283\" data-end=\"428\">Connue pour ses tenues<br \/>\nspectaculaires et ses robes de gala \u00e9tincelantes, l\u2019actrice de 61<br \/>\nans semble tourner la page d\u2019une \u00e9poque ultra-glamour.<\/p>\n<p><img decoding=\"async\" class=\"diapo_img img-responsive lazy-load\" loading=\"lazy\" src=\"https:\/\/www.europesays.com\/fr\/wp-content\/uploads\/2025\/11\/bestimage_00731898_000008.jpg\"\/><\/p>\n<p>\u00a9 Photo Image Press via ZUMA Press \/<br \/>\nBestimage Wire<\/p>\n<p>3\/8 Une allure sixties sign\u00e9e Gucci.<\/p>\n<p>Pour l\u2019occasion, elle portait une robe courte en tweed color\u00e9<br \/>\nGucci, inspir\u00e9e des ann\u00e9es 60, qu\u2019elle a associ\u00e9e \u00e0 des bottes<br \/>\ncavali\u00e8res noires et \u00e0 des bijoux discrets.<\/p>\n<p><img decoding=\"async\" class=\"diapo_img img-responsive lazy-load\" loading=\"lazy\" src=\"https:\/\/www.europesays.com\/fr\/wp-content\/uploads\/2025\/11\/bestimage_00731898_000011.jpg\"\/><\/p>\n<p>\u00a9 Photo Image Press via ZUMA Press \/<br \/>\nBestimage Wire<\/p>\n<p>4\/8 Son chien, la touche la plus tendre du<br \/>\ntapis rouge.<\/p>\n<p>Demi Moore n\u2019\u00e9tait pas seule : son petit chien, qu\u2019elle emm\u00e8ne<br \/>\npartout, a vol\u00e9 la vedette, rendant cette apparition encore plus<br \/>\nattachante.\u00a0<\/p>\n<p><img decoding=\"async\" class=\"diapo_img img-responsive lazy-load\" loading=\"lazy\" src=\"https:\/\/www.europesays.com\/fr\/wp-content\/uploads\/2025\/11\/bestimage_00731898_000009.jpg\"\/><\/p>\n<p>\u00a9 Photo Image Press via ZUMA Press \/<br \/>\nBestimage Wire<\/p>\n<p>5\/8 Une nouvelle philosophie de vie.<\/p>\n<p>\u00ab\u00a0Vieillir et \u00eatre vieux ne sont pas la m\u00eame chose\u2026 Vieillir est<br \/>\nun cadeau incroyable\u00a0\u00bb, confiait-elle \u00e0 TIME100, affirmant vivre cette \u00e9tape avec<br \/>\ns\u00e9r\u00e9nit\u00e9.<\/p>\n<p><img decoding=\"async\" class=\"diapo_img img-responsive lazy-load\" loading=\"lazy\" src=\"https:\/\/www.europesays.com\/fr\/wp-content\/uploads\/2025\/11\/bestimage_00731898_000015.jpg\"\/><\/p>\n<p>\u00a9 Photo Image Press via ZUMA Press \/<br \/>\nBestimage Wire<\/p>\n<p>6\/8 Un rapport plus sain \u00e0 l\u2019image.<\/p>\n<p>Dans Glamour,<br \/>\nl\u2019actrice expliquait avoir d\u00e9sormais un lien \u00ab\u00a0beaucoup plus sain\u00a0\u00bb<br \/>\navec son apparence, loin des pressions hollywoodiennes.<\/p>\n<p><img decoding=\"async\" class=\"diapo_img img-responsive lazy-load\" loading=\"lazy\" src=\"https:\/\/www.europesays.com\/fr\/wp-content\/uploads\/2025\/11\/bestimage_00731897_000008.jpg\"\/><\/p>\n<p>\u00a9 Ron Adar\/SOPA Images via ZUMA Press \/<br \/>\nBestimage Wire<\/p>\n<p>7\/8 Un style plus vrai, plus apais\u00e9.<\/p>\n<p data-start=\"1328\" data-end=\"1484\">Lors de ses derni\u00e8res<br \/>\napparitions, Demi Moore privil\u00e9gie la sobri\u00e9t\u00e9 : denim, tailleurs<br \/>\noversize, ou noir minimaliste. Une \u00e9l\u00e9gance assum\u00e9e sans<br \/>\nartifice.<\/p>\n<p><img decoding=\"async\" class=\"diapo_img img-responsive lazy-load\" loading=\"lazy\" src=\"https:\/\/www.europesays.com\/fr\/wp-content\/uploads\/2025\/11\/bestimage_00731897_000006.jpg\"\/><\/p>\n<p>\u00a9 Ron Adar\/SOPA Images via ZUMA Press \/<br \/>\nBestimage Wire<\/p>\n<p>8\/8 Une star en pleine renaissance.<\/p>\n<p>Entre authenticit\u00e9, confiance et simplicit\u00e9, Demi Moore prouve<br \/>\nqu\u2019\u00e0 61 ans, la vraie beaut\u00e9 r\u00e9side dans l\u2019\u00e9quilibre !<\/p>\n","protected":false},"excerpt":{"rendered":"Le dimanche 9 novembre, Demi Moore a fait une apparition remarqu\u00e9e \u00e0 New York lors de la premi\u00e8re&hellip;\n","protected":false},"author":2,"featured_media":527445,"comment_status":"","ping_status":"","sticky":false,"template":"","format":"standard","meta":{"footnotes":""},"categories":[1359],"tags":[13312,58,59,1011,27,1638,973],"class_list":{"0":"post-527444","1":"post","2":"type-post","3":"status-publish","4":"format-standard","5":"has-post-thumbnail","7":"category-people","8":"tag-demi-moore","9":"tag-divertissement","10":"tag-entertainment","11":"tag-fr","12":"tag-france","13":"tag-has_diapo","14":"tag-people"},"share_on_mastodon":{"url":"https:\/\/pubeurope.com\/@fr\/115531919656714586","error":""},"_links":{"self":[{"href":"https:\/\/www.europesays.com\/fr\/wp-json\/wp\/v2\/posts\/527444","targetHints":{"allow":["GET"]}}],"collection":[{"href":"https:\/\/www.europesays.com\/fr\/wp-json\/wp\/v2\/posts"}],"about":[{"href":"https:\/\/www.europesays.com\/fr\/wp-json\/wp\/v2\/types\/post"}],"author":[{"embeddable":true,"href":"https:\/\/www.europesays.com\/fr\/wp-json\/wp\/v2\/users\/2"}],"replies":[{"embeddable":true,"href":"https:\/\/www.europesays.com\/fr\/wp-json\/wp\/v2\/comments?post=527444"}],"version-history":[{"count":0,"href":"https:\/\/www.europesays.com\/fr\/wp-json\/wp\/v2\/posts\/527444\/revisions"}],"wp:featuredmedia":[{"embeddable":true,"href":"https:\/\/www.europesays.com\/fr\/wp-json\/wp\/v2\/media\/527445"}],"wp:attachment":[{"href":"https:\/\/www.europesays.com\/fr\/wp-json\/wp\/v2\/media?parent=527444"}],"wp:term":[{"taxonomy":"category","embeddable":true,"href":"https:\/\/www.europesays.com\/fr\/wp-json\/wp\/v2\/categories?post=527444"},{"taxonomy":"post_tag","embeddable":true,"href":"https:\/\/www.europesays.com\/fr\/wp-json\/wp\/v2\/tags?post=527444"}],"curies":[{"name":"wp","href":"https:\/\/api.w.org\/{rel}","templated":true}]}}