{"id":527448,"date":"2025-11-11T16:07:20","date_gmt":"2025-11-11T16:07:20","guid":{"rendered":"https:\/\/www.europesays.com\/fr\/527448\/"},"modified":"2025-11-11T16:07:20","modified_gmt":"2025-11-11T16:07:20","slug":"julien-embrasse-louise-lors-dune-danse-enlacee-je-sens-quil","status":"publish","type":"post","link":"https:\/\/www.europesays.com\/fr\/527448\/","title":{"rendered":"Julien embrasse Louise lors d&rsquo;une danse enlac\u00e9e, \u00ab\u00a0Je sens qu&rsquo;il&#8230;\u00a0\u00bb"},"content":{"rendered":"<p>Les \u00e9missions de t\u00e9l\u00e9r\u00e9alit\u00e9 amoureuse fascinent depuis toujours<br \/>\npar leur authenticit\u00e9 troublante. En effet, elles capturent des<br \/>\ninstants de vuln\u00e9rabilit\u00e9 o\u00f9 les protagonistes exposent leurs<br \/>\n\u00e9motions sans filtre. <strong>L\u00a0\u00bbamour est dans le pr\u00e9<\/strong><br \/>\ndemeure ainsi l&rsquo;une des r\u00e9f\u00e9rences incontournables du genre en<br \/>\nFrance. Cette <strong>saison 20<\/strong> ne d\u00e9roge d&rsquo;ailleurs pas \u00e0<br \/>\nla r\u00e8gle avec son lot de surprises \u00e9motionnelles.<\/p>\n<p>Par cons\u00e9quent, les t\u00e9l\u00e9spectateurs d\u00e9couvrent des personnalit\u00e9s<br \/>\nattachantes qui cherchent l&rsquo;\u00e2me s\u0153ur avec sinc\u00e9rit\u00e9. Ainsi, chaque<br \/>\n\u00e9pisode r\u00e9v\u00e8le des moments tant\u00f4t dr\u00f4les, tant\u00f4t d\u00e9chirants,<br \/>\nparfois m\u00eame os\u00e9s. D\u00e9sormais, cette \u00e9dition promet des<br \/>\nrebondissements inattendus qui bousculent les codes habituels du<br \/>\nprogramme culte.<\/p>\n<p>Un pr\u00e9tendant audacieux fait sensation aupr\u00e8s d&rsquo;une \u00e9leveuse<br \/>\nd&rsquo;alpagas<\/p>\n<p><strong>L&rsquo;amour est dans le pr\u00e9<\/strong> a r\u00e9serv\u00e9 une surprise<br \/>\nde taille d\u00e8s les premiers \u00e9pisodes de cette saison. Effectivement,<br \/>\nune <strong>\u00e9leveuse d&rsquo;alpagas<\/strong> nomm\u00e9e G\u00e9raldine a re\u00e7u une<br \/>\nlettre particuli\u00e8rement os\u00e9e de la part d&rsquo;un pr\u00e9tendant. Ce moment<br \/>\na rapidement captiv\u00e9 l&rsquo;attention des t\u00e9l\u00e9spectateurs par<br \/>\nst-dans-le-pre-sexagenaire-aux-mains-expertes-revelation-inattendue-sur-ce-pretendant-2274650.html.<br \/>\nL&rsquo;homme s&rsquo;est pr\u00e9sent\u00e9 comme \u00ab\u00a0un jeune sexag\u00e9naire au c\u0153ur<br \/>\ntendre, au sourire coquin, aux mains expertes\u00a0\u00bb. De plus, il a<br \/>\najout\u00e9 \u00ab\u00a0que ce soit pour bricoler ou apporter du plaisir sous<br \/>\ntoutes ses formes\u00a0\u00bb.<\/p>\n<p>N\u00e9anmoins, le plus surprenant demeure la photo jointe \u00e0 cette<br \/>\nd\u00e9claration pour le moins originale. En r\u00e9alit\u00e9, le pr\u00e9tendant a<br \/>\nenvoy\u00e9 un clich\u00e9 o\u00f9 il appara\u00eet enti\u00e8rement nu, cachant pudiquement<br \/>\nson intimit\u00e9. Cette initiative a d\u00e9clench\u00e9 un fou rire communicatif<br \/>\nchez G\u00e9raldine devant les cam\u00e9ras de <strong>L&rsquo;amour est dans le<br \/>\npr\u00e9<\/strong>. Cependant, ce clin d&rsquo;\u0153il dr\u00f4le et d\u00e9concertant<br \/>\nd\u00e9montre la diversit\u00e9 des candidats qui tentent leur chance.<\/p>\n<p>Jean-Louis et Isabelle mettent fin \u00e0 leur relation de mani\u00e8re<br \/>\nbrutale<\/p>\n<p><strong>L&rsquo;amour est dans le pr\u00e9<\/strong> traverse \u00e9galement des<br \/>\nmoments douloureux qui marquent profond\u00e9ment les candidats engag\u00e9s.<br \/>\nEn l&rsquo;occurrence, <strong>Jean-Louis<\/strong> et<br \/>\n<strong>Isabelle<\/strong> <a href=\"https:\/\/www.melty.fr\/tele\/lamour-est-dans-le-pre-clap-de-fin-pour-ce-couple-qui-se-separe-avant-le-bilan-allez-ciao-2274913.html\" target=\"_blank\" rel=\"noopener\"><br \/>\nont v\u00e9cu une rupture d\u00e9finitive<\/a> qui a choqu\u00e9 bon nombre de<br \/>\nspectateurs. Pourtant, l&rsquo;agriculteur avait fait une demande<br \/>\n\u00e9mouvante sur son fameux ponton lors d&rsquo;un \u00e9pisode pr\u00e9c\u00e9dent.<br \/>\n\u00ab\u00a0Je te demande si tu voudrais vivre avec moi et puis \u00eatre ma<br \/>\nfemme\u00a0\u00bb, a d\u00e9clar\u00e9 Jean-Louis avec espoir. Malheureusement, les<br \/>\nchoses ont radicalement chang\u00e9 apr\u00e8s le d\u00e9part d&rsquo;Isabelle de sa<br \/>\nferme du Nord.<\/p>\n<p>Par la suite, une rencontre \u00e0 Dunkerque a d\u00e9finitivement scell\u00e9<br \/>\nle destin de ce couple mal assorti. \u00ab\u00a0Entre ton portrait et la<br \/>\nvie que tu as, il y a une \u00e9norme diff\u00e9rence\u00a0\u00bb, a lanc\u00e9<br \/>\nIsabelle. Puis elle a conclu s\u00e8chement leur histoire en rendant ses<br \/>\ncadeaux sans m\u00e9nagement ni tendresse apparente. \u00ab\u00a0Allez ciao, on<br \/>\nva s&rsquo;arr\u00eater l\u00e0, ce n&rsquo;est pas la peine\u00a0\u00bb, a-t-elle ajout\u00e9<br \/>\nfroidement devant <strong>L&rsquo;amour est dans le pr\u00e9<\/strong>.<br \/>\nN\u00e9anmoins, Jean-Louis garde l&rsquo;espoir de rencontrer la femme qui<br \/>\nsaura le rendre v\u00e9ritablement heureux. \u00ab\u00a0Je pensais avoir trouv\u00e9<br \/>\nla femme id\u00e9ale pour vivre avec elle\u00a0\u00bb, a confi\u00e9 l&rsquo;agriculteur<br \/>\navec d\u00e9ception.<\/p>\n<p>Julien et Louise s&#8217;embrassent enfin<br \/>\nlors d&rsquo;une danse romantique et spontan\u00e9e<\/p>\n<p><strong>L&rsquo;amour est dans le pr\u00e9<\/strong> a diffus\u00e9 un moment<br \/>\nparticuli\u00e8rement attendu dans l&rsquo;\u00e9pisode 12 du 10 novembre dernier.<br \/>\nEn effet, <strong>Julien<\/strong> a enfin franchi le pas en<br \/>\nembrassant <strong>Louise<\/strong> lors d&rsquo;une soir\u00e9e festive<br \/>\norganis\u00e9e. Lib\u00e9r\u00e9 du d\u00e9part de Coralie, l&rsquo;homme de 35 ans a r\u00e9uni<br \/>\ntous ses amis pour c\u00e9l\u00e9brer. \u00ab\u00a0Ils ont trouv\u00e9 Louise tr\u00e8s bien<br \/>\net qu&rsquo;elle me correspondait\u00a0\u00bb, r\u00e9v\u00e8le-t-il avec une \u00e9vidente<br \/>\nsatisfaction personnelle. Au milieu de la soir\u00e9e, lors d&rsquo;une danse<br \/>\nenlac\u00e9e sous les regards complices, ils s&#8217;embrassent naturellement.<br \/>\n\u00ab\u00a0\u00c7a s&rsquo;est fait comme \u00e7a, sans trop r\u00e9fl\u00e9chir\u00a0\u00bb, raconte<br \/>\nJulien avec une \u00e9motion palpable dans sa voix.<\/p>\n<p>Ainsi, cet instant magique marque un tournant d\u00e9cisif dans<br \/>\nl&rsquo;aventure sentimentale de Julien cette saison. \u00ab\u00a0L&rsquo;instant<br \/>\n\u00e9tait beau, on dansait et on s&#8217;embrassait\u00a0\u00bb, poursuit-il avec<br \/>\nune douceur touchante \u00e9vidente. Par ailleurs, une \u00e9motion<br \/>\nparticuli\u00e8re traverse alors le jeune agriculteur durant ce moment<br \/>\nd&rsquo;intimit\u00e9 partag\u00e9e. \u00ab\u00a0Je sens qu&rsquo;il se d\u00e9gage quelque chose<br \/>\nd&rsquo;assez fort pour justement d\u00e9boucher sur de l&rsquo;amour\u00a0\u00bb,<br \/>\nconfie-t-il. Effectivement, le d\u00e9part de Coralie a permis<br \/>\nd&rsquo;acc\u00e9l\u00e9rer les choses entre Julien et Louise de mani\u00e8re<br \/>\nsignificative.<\/p>\n","protected":false},"excerpt":{"rendered":"Les \u00e9missions de t\u00e9l\u00e9r\u00e9alit\u00e9 amoureuse fascinent depuis toujours par leur authenticit\u00e9 troublante. En effet, elles capturent des instants&hellip;\n","protected":false},"author":2,"featured_media":527449,"comment_status":"","ping_status":"","sticky":false,"template":"","format":"standard","meta":{"footnotes":""},"categories":[1356],"tags":[58,59,1011,27,9307,252,1364],"class_list":{"0":"post-527448","1":"post","2":"type-post","3":"status-publish","4":"format-standard","5":"has-post-thumbnail","7":"category-television","8":"tag-divertissement","9":"tag-entertainment","10":"tag-fr","11":"tag-france","12":"tag-lamour-est-dans-le-pre","13":"tag-television","14":"tag-tv"},"share_on_mastodon":{"url":"https:\/\/pubeurope.com\/@fr\/115531929500614353","error":""},"_links":{"self":[{"href":"https:\/\/www.europesays.com\/fr\/wp-json\/wp\/v2\/posts\/527448","targetHints":{"allow":["GET"]}}],"collection":[{"href":"https:\/\/www.europesays.com\/fr\/wp-json\/wp\/v2\/posts"}],"about":[{"href":"https:\/\/www.europesays.com\/fr\/wp-json\/wp\/v2\/types\/post"}],"author":[{"embeddable":true,"href":"https:\/\/www.europesays.com\/fr\/wp-json\/wp\/v2\/users\/2"}],"replies":[{"embeddable":true,"href":"https:\/\/www.europesays.com\/fr\/wp-json\/wp\/v2\/comments?post=527448"}],"version-history":[{"count":0,"href":"https:\/\/www.europesays.com\/fr\/wp-json\/wp\/v2\/posts\/527448\/revisions"}],"wp:featuredmedia":[{"embeddable":true,"href":"https:\/\/www.europesays.com\/fr\/wp-json\/wp\/v2\/media\/527449"}],"wp:attachment":[{"href":"https:\/\/www.europesays.com\/fr\/wp-json\/wp\/v2\/media?parent=527448"}],"wp:term":[{"taxonomy":"category","embeddable":true,"href":"https:\/\/www.europesays.com\/fr\/wp-json\/wp\/v2\/categories?post=527448"},{"taxonomy":"post_tag","embeddable":true,"href":"https:\/\/www.europesays.com\/fr\/wp-json\/wp\/v2\/tags?post=527448"}],"curies":[{"name":"wp","href":"https:\/\/api.w.org\/{rel}","templated":true}]}}