{"id":527458,"date":"2025-11-11T16:14:14","date_gmt":"2025-11-11T16:14:14","guid":{"rendered":"https:\/\/www.europesays.com\/fr\/527458\/"},"modified":"2025-11-11T16:14:14","modified_gmt":"2025-11-11T16:14:14","slug":"thibault-garcia-deja-en-couple-apres-son-divorce-avec-jessica-thivenin-revelations-sur-clemence-une-jolie-brune-rencontree-cet-ete","status":"publish","type":"post","link":"https:\/\/www.europesays.com\/fr\/527458\/","title":{"rendered":"Thibault Garcia d\u00e9j\u00e0 en couple apr\u00e8s son divorce avec Jessica Thivenin\u00a0? R\u00e9v\u00e9lations sur Cl\u00e9mence, une jolie brune \u00ab\u00a0rencontr\u00e9e cet \u00e9t\u00e9\u00a0\u00bb"},"content":{"rendered":"<p>      R\u00e9sum\u00e9<\/p>\n<p>Thibault Garcia a-t-il d\u00e9j\u00e0 tourn\u00e9 la page de son histoire avec Jessica ? Il semblerait qu&rsquo;une certaine Cl\u00e9mence soit r\u00e9cemment venue jouer les trouble-f\u00eates.<\/p>\n<p>        Sommaire<\/p>\n<p>Le 23\u00a0octobre dernier, la publication de Jessica Thivenin sur Instagram a eu <strong>l&rsquo;effet d&rsquo;une bombe<\/strong>. \u00ab\u00a0Depuis quelques jours, <strong>Thibault a pris la d\u00e9cision de <a href=\"https:\/\/www.public.fr\/divorce-de-thibault-garcia-et-jessica-thivenin-jazz-correia-met-son-grain-de-sel\" target=\"_blank\" rel=\"noopener\">divorcer<\/a><\/strong>. Je n&rsquo;ai pas d&rsquo;autre choix que d&rsquo;accepter cette r\u00e9alit\u00e9, d&rsquo;accepter qu&rsquo;il ne m&rsquo;aime plus.<strong> Mon monde, ma vie, mes r\u00eaves viennent de s&rsquo;\u00e9crouler<\/strong>\u00ab\u00a0, \u00e9crivait <a href=\"https:\/\/www.public.fr\/jessica-thivenin-et-thibault-garcia-la-decision-pour-leurs-enfants-apres-le-divorce\" target=\"_blank\" rel=\"noopener\">l&rsquo;ancienne candidate des \u00ab\u00a0Marseillais\u00a0\u00bb<\/a>. Dans la foul\u00e9e, <a href=\"https:\/\/www.public.fr\/jessica-thivenin-et-thibault-garcia-leur-maison-mise-en-vente-le-prix-exorbitant-devoile\" target=\"_blank\" rel=\"noopener\">la jeune femme de 35 ans<\/a> s&rsquo;est r\u00e9guli\u00e8rement film\u00e9e en pleine crise de larmes. Puis, <strong>Jessica s&rsquo;est relev\u00e9e<\/strong> assurant avoir compris que cette s\u00e9paration \u00e9tait <strong>finalement un mal pour un bien<\/strong>\u2026<\/p>\n<p>&#8230; Et bien voici de nouvelles informations qui pourraient la conforter dans cette id\u00e9e. C&rsquo;est le compte Instagram de <strong>la blogueuse TMZfr<\/strong> qui l\u00e2che <strong>un sacr\u00e9 dossier sur son ex <\/strong>ce 11\u00a0novembre. Tout d&rsquo;abord, on apprend que \u00ab\u00a0<strong>Thibault fr\u00e9quente une certaine Cl\u00e9mence C., agente immobili\u00e8re de luxe \u00e0 Saint-Tropez<\/strong>\u00ab\u00a0. \u00c2g\u00e9e de 25 ans, cette derni\u00e8re aurait rencontr\u00e9 <a href=\"https:\/\/www.public.fr\/thibault-garcia-et-jessica-apres-8-ans-damour-cest-fini\" target=\"_blank\" rel=\"noopener\">l&rsquo;influenceur<\/a> cet \u00e9t\u00e9 \u00e0 Saint-Tropez. \u00ab\u00a0<strong>Les <a href=\"https:\/\/www.public.fr\/manon-tanti-confond-meilleure-amie-jessica-thivenin-jazz-commet-enorme-bourde\" target=\"_blank\" rel=\"noopener\">Tanti <\/a>et Oxanna \u00e9taient pr\u00e9sents<\/strong>\u00a0\u00bb poursuit TMZfr. <\/p>\n<p>Comment s&rsquo;en assurer\u00a0? La Cl\u00e9mence en question a \u00e9t\u00e9 aper\u00e7ue sur les stories de <a href=\"https:\/\/www.public.fr\/julien-et-manon-tanti-auditionnes-ce-contenu-degradant-et-humiliant-envers-leurs-enfants-qui-ne-passe-pas\" target=\"_blank\" rel=\"noopener\">Manon Tanti<\/a> ce jour-l\u00e0. <a href=\"https:\/\/www.public.fr\/manon-tanti-confond-meilleure-amie-jessica-thivenin-jazz-commet-enorme-bourde\" target=\"_blank\" rel=\"noopener\">Manon Tanti <\/a>qui, pour rappel, est <strong>une des meilleures amies de Jessica<\/strong>. Actuellement, le compte Instagram de Cl\u00e9mence est en priv\u00e9 mais force est de constater que <strong>Thibault Garcia la suit<\/strong> et, <strong>elle, le suit en retour<\/strong> depuis cet \u00e9t\u00e9. <\/p>\n<p><img loading=\"lazy\" decoding=\"async\" width=\"414\" height=\"730\" src=\"https:\/\/www.europesays.com\/fr\/wp-content\/uploads\/2025\/11\/Capture-decran-2025-11-11-151014.png\" alt=\"Thibault Garcia d\u00e9j\u00e0 en couple apr\u00e8s son divorce avec Jessica Thivenin ? R\u00e9v\u00e9lations sur Cl\u00e9mence, une jolie brune &quot;rencontr\u00e9e cet \u00e9t\u00e9&quot;\"  \/><\/p>\n<p>Capture Instagram tmzfr3<\/p>\n<p><img loading=\"lazy\" decoding=\"async\" width=\"771\" height=\"772\" src=\"https:\/\/www.europesays.com\/fr\/wp-content\/uploads\/2025\/11\/Capture-decran-2025-11-11-151338.png\" alt=\"Thibault Garcia d\u00e9j\u00e0 en couple apr\u00e8s son divorce avec Jessica Thivenin ? R\u00e9v\u00e9lations sur Cl\u00e9mence, une jolie brune &quot;rencontr\u00e9e cet \u00e9t\u00e9&quot;\"  \/><\/p>\n<p>Capture \/ Proto de profil du compte Instagram de @clemcts<\/p>\n<p>Thibault Garcia\u00a0: Cl\u00e9mence d\u00e9barque \u00e0 Duba\u00ef<\/p>\n<p>Il y a plusieurs ann\u00e9es, Jessica et Thibault se sont <strong>install\u00e9s \u00e0 Duba\u00ef,<\/strong> comme de nombreuses personnalit\u00e9s issues de la t\u00e9l\u00e9-r\u00e9alit\u00e9. Ainsi, c&rsquo;est dans cette ville XXL que l<strong>eurs deux enfants, Maylone et Leewane <\/strong>ont commenc\u00e9 \u00e0 grandir. D\u00e9sormais, l<a href=\"https:\/\/www.public.fr\/jessica-thivenin-et-thibault-garcia-leur-maison-mise-en-vente-le-prix-exorbitant-devoile\" target=\"_blank\" rel=\"noopener\">eur sublime villa a \u00e9t\u00e9 mise en vente<\/a> et Cl\u00e9mence semble d\u00e9j\u00e0 avoir quitt\u00e9 Saint-Tropez pour s&rsquo;envoler rejoindre Thibault. La blogueuse TMZfr fait alors de nouvelles r\u00e9v\u00e9lations.<\/p>\n<p>Sur ses r\u00e9seaux sociaux, Jessica a officiellement annonc\u00e9 <a href=\"https:\/\/www.google.com\/url?sa=t&amp;source=web&amp;rct=j&amp;opi=89978449&amp;url=https:\/\/vsd.fr\/89997-jessica-thivenin-et-thibault-garcia-annoncent-officiellement-divorcer\/&amp;ved=2ahUKEwjoqrnnp-qQAxWYLPsDHShJDm8QFnoECBIQAQ&amp;usg=AOvVaw1mtFlmUjXmDs6DHeZgL_1K\" target=\"_blank\" rel=\"noopener\">sa s\u00e9paration avec sa moiti\u00e9<\/a> <strong>le 23\u00a0octobre<\/strong>. <strong>D\u00e8s le lendemain<\/strong>, celle qui est pr\u00e9sent\u00e9e comme sa rivale a atterri \u00e0 Duba\u00ef comme le prouve l&rsquo;onglet sur son compte Instagram intitul\u00e9 DXB (d\u00e9nominatif pour \u00ab\u00a0A\u00e9roport international de Duba\u00ef\u00a0\u00bb). <\/p>\n<p><img loading=\"lazy\" decoding=\"async\" width=\"414\" height=\"737\" src=\"https:\/\/www.europesays.com\/fr\/wp-content\/uploads\/2025\/11\/Capture-decran-2025-11-11-153257.png\" alt=\"Thibault Garcia d\u00e9j\u00e0 en couple apr\u00e8s son divorce avec Jessica Thivenin ? R\u00e9v\u00e9lations sur Cl\u00e9mence, une jolie brune &quot;rencontr\u00e9e cet \u00e9t\u00e9&quot;\"  \/><\/p>\n<p>Instagram tmzfr3 \/ Capture<\/p>\n<p>En parall\u00e8le, Thibault a alors commenc\u00e9 \u00e0 parler dans ses stories du<strong> Festival Zamna<\/strong> qui s&rsquo;est d\u00e9roul\u00e9 du 6 au 9\u00a0novembre. C&rsquo;est alors que, dans les stories de Cl\u00e9mence, force est de constater qu&rsquo;<strong>elle y est \u00e9galement all\u00e9e comme le prouve cette vid\u00e9o<\/strong> o\u00f9 on peut la voir derri\u00e8re un DJ portant un tee-shirt \u00e0 l&rsquo;effigie de l&rsquo;\u00e9v\u00e9nement.<\/p>\n<p><img loading=\"lazy\" decoding=\"async\" width=\"416\" height=\"734\" src=\"https:\/\/www.europesays.com\/fr\/wp-content\/uploads\/2025\/11\/Capture-decran-2025-11-11-153510.png\" alt=\"Thibault Garcia d\u00e9j\u00e0 en couple apr\u00e8s son divorce avec Jessica Thivenin ? R\u00e9v\u00e9lations sur Cl\u00e9mence, une jolie brune &quot;rencontr\u00e9e cet \u00e9t\u00e9&quot;\"  \/><\/p>\n<p>Instagram tmzfr3<\/p>\n<p>Mais alors <strong>que s&rsquo;est-il pass\u00e9 entre Cl\u00e9mence et Thibault\u00a0?<\/strong> A priori, rien pour le moment mais tous les deux <strong>seraient rest\u00e9s en contact<\/strong> depuis leur rencontre cet \u00e9t\u00e9 et continueraient actuellement de se voir \u00e0 Duba\u00ef. Pour le moment, ni Jessica, ni Thibault, ni Cl\u00e9mence n&rsquo;ont r\u00e9agi \u00e0 <strong>ces informations qui devraient cr\u00e9er quelques remous<\/strong>.<\/p>\n<p>\n          Hits &amp; People en continu\n        <\/p>\n<p>\n          Public Radio\n        <\/p>\n<p>      Mentionn\u00e9s dans cet article<\/p>\n<p>      Sur le m\u00eame sujet<\/p>\n","protected":false},"excerpt":{"rendered":"R\u00e9sum\u00e9 Thibault Garcia a-t-il d\u00e9j\u00e0 tourn\u00e9 la page de son histoire avec Jessica ? Il semblerait qu&rsquo;une certaine&hellip;\n","protected":false},"author":2,"featured_media":527459,"comment_status":"","ping_status":"","sticky":false,"template":"","format":"standard","meta":{"footnotes":""},"categories":[8],"tags":[1193,2392,58,7681,59,1011,27,60801,9353,60800],"class_list":{"0":"post-527458","1":"post","2":"type-post","3":"status-publish","4":"format-standard","5":"has-post-thumbnail","7":"category-divertissement","8":"tag-couple","9":"tag-couple-de-stars","10":"tag-divertissement","11":"tag-divorce","12":"tag-entertainment","13":"tag-fr","14":"tag-france","15":"tag-jessica-thivenin","16":"tag-revelation","17":"tag-thibault-garcia"},"share_on_mastodon":{"url":"https:\/\/pubeurope.com\/@fr\/115531958696024588","error":""},"_links":{"self":[{"href":"https:\/\/www.europesays.com\/fr\/wp-json\/wp\/v2\/posts\/527458","targetHints":{"allow":["GET"]}}],"collection":[{"href":"https:\/\/www.europesays.com\/fr\/wp-json\/wp\/v2\/posts"}],"about":[{"href":"https:\/\/www.europesays.com\/fr\/wp-json\/wp\/v2\/types\/post"}],"author":[{"embeddable":true,"href":"https:\/\/www.europesays.com\/fr\/wp-json\/wp\/v2\/users\/2"}],"replies":[{"embeddable":true,"href":"https:\/\/www.europesays.com\/fr\/wp-json\/wp\/v2\/comments?post=527458"}],"version-history":[{"count":0,"href":"https:\/\/www.europesays.com\/fr\/wp-json\/wp\/v2\/posts\/527458\/revisions"}],"wp:featuredmedia":[{"embeddable":true,"href":"https:\/\/www.europesays.com\/fr\/wp-json\/wp\/v2\/media\/527459"}],"wp:attachment":[{"href":"https:\/\/www.europesays.com\/fr\/wp-json\/wp\/v2\/media?parent=527458"}],"wp:term":[{"taxonomy":"category","embeddable":true,"href":"https:\/\/www.europesays.com\/fr\/wp-json\/wp\/v2\/categories?post=527458"},{"taxonomy":"post_tag","embeddable":true,"href":"https:\/\/www.europesays.com\/fr\/wp-json\/wp\/v2\/tags?post=527458"}],"curies":[{"name":"wp","href":"https:\/\/api.w.org\/{rel}","templated":true}]}}