{"id":52746,"date":"2025-04-25T21:40:10","date_gmt":"2025-04-25T21:40:10","guid":{"rendered":"https:\/\/www.europesays.com\/fr\/52746\/"},"modified":"2025-04-25T21:40:10","modified_gmt":"2025-04-25T21:40:10","slug":"dijon-le-louvre-fait-escale-a-la-toison-dor-quen-pensent-les-premiers-visiteurs","status":"publish","type":"post","link":"https:\/\/www.europesays.com\/fr\/52746\/","title":{"rendered":"Dijon. Le Louvre fait escale \u00e0 la Toison d\u2019Or, qu&rsquo;en pensent les premiers visiteurs ?"},"content":{"rendered":"<p>Dans l\u2019all\u00e9e principale du centre commercial La Toison d\u2019Or \u00e0 Dijon, les passants affluent devant les \u0153uvres d\u2019art c\u00e9l\u00e8bres. Entre deux commerces, la c\u00e9l\u00e8bre Joconde  s\u2019expose \u00e0 hauteur d\u2019yeux, avec le Gladiateur Borghese , la V\u00e9nus de Milo (en taille r\u00e9duite) et le Scribe accroupi.<\/p>\n<p>Jusqu\u2019au 30\u00a0avril, l\u2019exposition itin\u00e9rante\u00a0 J\u2019habite au Louvre, gratuite et ouverte \u00e0 tous, <a href=\"https:\/\/www.bienpublic.com\/culture-loisirs\/2025\/04\/23\/vous-ne-pouvez-pas-aller-au-louvre-le-louvre-vient-a-vous\" target=\"_blank\" rel=\"noopener\">a pris ses quartiers dans le centre de shopping dijonnais<\/a>. Une initiative n\u00e9e d\u2019un partenariat entre le mus\u00e9e du Louvre et le groupe Unibail-Rodamco-Westfield, gestionnaire de l\u2019\u00e9quipement. Au total, 21 reproductions fid\u00e8les d\u2019\u0153uvres majeures du mus\u00e9e parisien sont pr\u00e9sent\u00e9es dans un espace sc\u00e9nographi\u00e9 de 100\u00a0m\u00b2, install\u00e9 sur un parquet de ch\u00eane fa\u00e7on \u201cVersailles\u201d.<\/p>\n<p>  \u00ab\u00a0Que le Louvre vienne \u00e0 moi, je trouve \u00e7a formidable\u00a0\u00bb<\/p>\n<p>\u00ab\u00a0J\u2019ai toujours voulu aller au Louvre, sans jamais en avoir l\u2019occasion\u00a0\u00bb, explique \u00c9meline, jeune maman de Marsannay-la-C\u00f4te, entre deux tableaux. \u00ab\u00a0Que des \u0153uvres viennent jusqu\u2019\u00e0 nous, ici \u00e0 Dijon, je trouve \u00e7a g\u00e9nial. \u00c7a permet d\u2019amener la culture \u00e0 nos enfants, de leur donner envie d\u2019en savoir plus. Et surtout, de programmer une prochaine visite au mus\u00e9e \u00e0 Paris\u00a0!\u00a0\u00bb<\/p>\n<p>L\u2019objectif de <a href=\"https:\/\/www.bienpublic.com\/culture-loisirs\/2025\/03\/27\/joconde-venus-de-milo-voici-les-oeuvres-du-louvre-qui-seront-exposees-a-la-toison-d-or\" target=\"_blank\" rel=\"noopener\">cette exposition<\/a> est clair\u00a0: sortir la culture du mus\u00e9e et la faire d\u00e9couvrir au public, dans un lieu populaire et fr\u00e9quent\u00e9, en particulier pendant les vacances scolaires. Jo\u00eblle, elle, a fait sp\u00e9cialement le d\u00e9placement pour l\u2019exposition\u00a0: \u00ab\u00a0Ma grand-m\u00e8re me disait toujours d\u2019aller dans les mus\u00e9es quand j\u2019\u00e9tais petite. J\u2019adore \u00e7a, je pourrais passer des heures devant les \u0153uvres \u00e0 observer le coup de pinceau des peintres. Que le Louvre vienne \u00e0 moi, je trouve \u00e7a formidable. Il faudrait encore plus de tableaux\u00a0! \u00c7a peut \u00eatre le d\u00e9clic pour des gens qui d\u00e9couvrent l\u2019art\u00a0!\u00a0\u00bb<\/p>\n<p>  La Joconde , star de l\u2019expo<\/p>\n<p>Sans surprise, c\u2019est la reproduction de La Joconde qui attire le plus de regards. Nombreux sont les passants qui s\u2019arr\u00eatent pour se confronter au sourire de Mona Lisa\u00a0: \u00ab\u00a0Ma fille est fan de ce tableau, on est venue expr\u00e8s pour \u00e7a\u00a0\u00bb, raconte Chlo\u00e9. \u00ab\u00a0Quand elle l\u2019a vu au loin, elle s\u2019est mise \u00e0 courir. \u00c7a donne envie d\u2019aller au mus\u00e9e.\u00a0\u00bb<\/p>\n<p>Mais l\u2019exposition ne s\u2019arr\u00eate pas aux \u0153uvres\u00a0: des animations sont aussi propos\u00e9es pour impliquer les plus jeunes\u00a0: un baby-foot aux couleurs du Louvre, des ateliers peintures et m\u00eame une version revisit\u00e9e du jeu Qui est-ce \u00a0?, mettant en sc\u00e8ne des personnages historiques. Axel et son fr\u00e8re Th\u00e9o testent d\u2019ailleurs l\u2019activit\u00e9\u00a0: \u00ab\u00a0L\u2019initiative est int\u00e9ressante pour d\u00e9mocratiser la culture\u00a0\u00bb, dit Laura, leur maman. \u00ab\u00a0C\u2019est ludique, et \u00e7a met le pied \u00e0 l\u2019\u00e9trier pour approfondir les savoirs. En d\u00e9couvrant les \u0153uvres, mes enfants m\u2019ont pos\u00e9 des questions sur la c\u00e9ramique, les premi\u00e8res \u00e9critures\u2026 \u00c7a les int\u00e9resse\u00a0!\u00a0\u00bb<\/p>\n<p>  Le photobooth , succ\u00e8s garanti<\/p>\n<p>Mais l\u2019animation la plus populaire, c\u2019est bien s\u00fbr le photobooth. Gr\u00e2ce \u00e0 l\u2019intelligence artificielle, il permet \u00e0 chacun d\u2019incruster son visage dans un tableau c\u00e9l\u00e8bre. On peut repartir avec sa photo souvenir, gratuitement\u00a0! \u00ab\u00a0Je trouve \u00e7a rigolo, c\u2019est bien fait\u00a0\u00bb, s\u2019amuse Violaine, qui a test\u00e9 l\u2019animation. \u00ab\u00a0Je suis La Joconde , et mon fils Nino, lui, c\u2019est Balthazar (Castiglione, NLDR). \u00c7a fait un souvenir sympa \u00e0 ramener\u00a0!\u00a0\u00bb<\/p>\n<p>Charg\u00e9 de l\u2019accueil des visiteurs, Lucas, h\u00f4te de l\u2019exposition, constate l\u2019engouement grandissant\u00a0: \u00ab\u00a0Je suis agr\u00e9ablement surpris car on croise tous les profils. Certaines personnes tombent sur l\u2019expo par hasard, d\u2019autres viennent expr\u00e8s. Beaucoup me demandent si ce sont les vraies \u0153uvres. Non, ce sont des r\u00e9pliques, mais tr\u00e8s fid\u00e8les. Et\u00a0souvent, \u00e7a donne envie \u00e0 beaucoup de monde de d\u00e9couvrir le vrai mus\u00e9e.\u00a0\u00bb<\/p>\n","protected":false},"excerpt":{"rendered":"Dans l\u2019all\u00e9e principale du centre commercial La Toison d\u2019Or \u00e0 Dijon, les passants affluent devant les \u0153uvres d\u2019art&hellip;\n","protected":false},"author":2,"featured_media":52747,"comment_status":"","ping_status":"","sticky":false,"template":"","format":"standard","meta":{"footnotes":""},"categories":[1358],"tags":[1348,1384,1385,4406,1687,1386,2930,8587,58,33,8588,59,2271,107,1011,27],"class_list":{"0":"post-52746","1":"post","2":"type-post","3":"status-publish","4":"format-standard","5":"has-post-thumbnail","7":"category-arts-et-design","8":"tag-arts","9":"tag-arts-and-design","10":"tag-arts-et-design","11":"tag-commerce-et-services","12":"tag-culture-loisirs","13":"tag-design","14":"tag-dijon","15":"tag-dijon-ville","16":"tag-divertissement","17":"tag-economie","18":"tag-edition-dijon-et-son-agglomeration","19":"tag-entertainment","20":"tag-exposition-arts-plastiques","21":"tag-fil-info","22":"tag-fr","23":"tag-france"},"share_on_mastodon":{"url":"https:\/\/pubeurope.com\/@fr\/114400776970735512","error":""},"_links":{"self":[{"href":"https:\/\/www.europesays.com\/fr\/wp-json\/wp\/v2\/posts\/52746","targetHints":{"allow":["GET"]}}],"collection":[{"href":"https:\/\/www.europesays.com\/fr\/wp-json\/wp\/v2\/posts"}],"about":[{"href":"https:\/\/www.europesays.com\/fr\/wp-json\/wp\/v2\/types\/post"}],"author":[{"embeddable":true,"href":"https:\/\/www.europesays.com\/fr\/wp-json\/wp\/v2\/users\/2"}],"replies":[{"embeddable":true,"href":"https:\/\/www.europesays.com\/fr\/wp-json\/wp\/v2\/comments?post=52746"}],"version-history":[{"count":0,"href":"https:\/\/www.europesays.com\/fr\/wp-json\/wp\/v2\/posts\/52746\/revisions"}],"wp:featuredmedia":[{"embeddable":true,"href":"https:\/\/www.europesays.com\/fr\/wp-json\/wp\/v2\/media\/52747"}],"wp:attachment":[{"href":"https:\/\/www.europesays.com\/fr\/wp-json\/wp\/v2\/media?parent=52746"}],"wp:term":[{"taxonomy":"category","embeddable":true,"href":"https:\/\/www.europesays.com\/fr\/wp-json\/wp\/v2\/categories?post=52746"},{"taxonomy":"post_tag","embeddable":true,"href":"https:\/\/www.europesays.com\/fr\/wp-json\/wp\/v2\/tags?post=52746"}],"curies":[{"name":"wp","href":"https:\/\/api.w.org\/{rel}","templated":true}]}}