{"id":527468,"date":"2025-11-11T16:19:22","date_gmt":"2025-11-11T16:19:22","guid":{"rendered":"https:\/\/www.europesays.com\/fr\/527468\/"},"modified":"2025-11-11T16:19:22","modified_gmt":"2025-11-11T16:19:22","slug":"retraites-1-000-euros-verses-des-la-naissance-ce-qui-se-fait-deja-a-letranger","status":"publish","type":"post","link":"https:\/\/www.europesays.com\/fr\/527468\/","title":{"rendered":"Retraites : 1.000 euros vers\u00e9s d\u00e8s la naissance ? Ce qui se fait d\u00e9j\u00e0 \u00e0 l&rsquo;\u00e9tranger"},"content":{"rendered":"<ul class=\"jsx-862013697 ArticleChapo__List\">\n<li class=\"jsx-862013697 ArticleChapo__List_Item flex\">L&rsquo;ancien Premier ministre plaide pour une nouvelle r\u00e9forme du syst\u00e8me des retraites.<\/li>\n<li class=\"jsx-862013697 ArticleChapo__List_Item flex\">Un \u00ab\u00a0syst\u00e8me universel\u00a0\u00bb qui comprendrait la cr\u00e9ation d&rsquo;un \u00ab\u00a0fonds de capitalisation \u00e0 la naissance\u00a0\u00bb.<\/li>\n<li class=\"jsx-862013697 ArticleChapo__List_Item flex\">Une mesure analogue \u00e0 celles r\u00e9cemment instaur\u00e9es aux \u00c9tats-Unis, et prochainement en Allemagne.<\/li>\n<\/ul>\n<p data-module=\"article-paragraph\" class=\"jsx-3046738180 Paragraph\">Dans le cadre du \u00ab\u00a0fonds de capitalisation \u00e0 la naissance\u00a0\u00bb <a href=\"https:\/\/www.tf1info.fr\/politique\/proposition-de-loi-renaissance-retraites-en-quoi-consiste-le-systeme-universel-propose-par-gabriel-attal-2405823.html\" target=\"_blank\" rel=\"noopener\">propos\u00e9 par le secr\u00e9taire g\u00e9n\u00e9ral du parti Renaissance<\/a>, Gabriel Attal, chaque enfant recevrait \u00e0 la naissance un versement par l&rsquo;\u00c9tat de 1.000 euros, sur un \u00ab\u00a0compte de capitalisation\u00a0\u00bb. Si de nombreux pays dans le monde disposent d\u00e9j\u00e0 d&rsquo;un syst\u00e8me d&rsquo;allocations \u00e0 la naissance, le plus souvent pour encourager la natalit\u00e9, rares sont les exemples d&rsquo;une dotation destin\u00e9e sp\u00e9cifiquement \u00e0 la retraite du nouveau-n\u00e9, qui ne commencera que plus de six d\u00e9cennies plus tard.\u00a0<\/p>\n<p data-module=\"article-paragraph\" class=\"jsx-3046738180 Paragraph Paragraph__End\">Aux \u00c9tats-Unis, un dispositif analogue est contenu dans la \u00ab\u00a0big beautiful bill\u00a0\u00bb, la loi de Donald Trump vot\u00e9e au printemps dernier, tandis que<a href=\"https:\/\/www.tf1info.fr\/economie\/video-reportage-10-euros-par-mois-verses-a-chaque-enfant-l-etonnante-idee-de-l-allemagne-pour-inciter-a-capitaliser-en-vue-de-la-retraite-2404734.html\" target=\"_blank\" rel=\"noopener\"> le gouvernement allemand envisage d&rsquo;appliquer le sien en r\u00e9formant son syst\u00e8me de retraite en 2026<\/a>.<\/p>\n<p>Les \u00ab\u00a0Trump accounts\u00a0\u00bb<img decoding=\"async\" src=\"https:\/\/www.europesays.com\/fr\/wp-content\/uploads\/2025\/11\/donald-trump-a-la-maison-blanche-le-4-juillet-2025-00db5d-0@1x.jpeg\" alt=\"Le pr\u00e9sident am\u00e9ricain signe en grande pompe le d\u00e9cret d'application du &quot;big beautiful act&quot;, le 4 juillet 2025, devant la Maison Blanche - Brendan SMIALOWSKI \/ POOL \/ AFP\" loading=\"lazy\" importance=\"low\" fetchpriority=\"low\" class=\"\" data-module=\"article-image\"\/>Le pr\u00e9sident am\u00e9ricain signe en grande pompe le d\u00e9cret d&rsquo;application du \u00ab\u00a0big beautiful act\u00a0\u00bb, le 4 juillet 2025, devant la Maison Blanche &#8211; Brendan SMIALOWSKI \/ POOL \/ AFP<\/p>\n<p data-module=\"article-paragraph\" class=\"jsx-3046738180 Paragraph Paragraph__End\">Les \u00ab\u00a0Trump accounts\u00a0\u00bb (les comptes Trump, en fran\u00e7ais), ont d\u00e9j\u00e0 fait couler beaucoup d&rsquo;encre outre-Atlantique, lors du vote de la <a href=\"https:\/\/www.tf1info.fr\/international\/etats-unis-les-6-premiers-mois-les-plus-reussis-donald-trump-applaudit-l-adoption-de-sa-belle-et-grande-loi-budgetaire-2381113.html\" target=\"_blank\" rel=\"noopener\">\u00ab\u00a0big beautiful bill\u00a0\u00bb (nouvelle fen\u00eatre)<\/a> au Congr\u00e8s en avril dernier, cette \u00ab\u00a0grande et belle loi\u00a0\u00bb de r\u00e9solution budg\u00e9taire qui compile les centaines de mesures au c\u0153ur du second mandat du pr\u00e9sident am\u00e9ricain. La somme est proche de celle <a href=\"https:\/\/www.tf1info.fr\/politique\/proposition-de-loi-renaissance-retraites-en-quoi-consiste-le-systeme-universel-propose-par-gabriel-attal-2405823.html\" target=\"_blank\" rel=\"noopener\">propos\u00e9e par Gabriel Attal (nouvelle fen\u00eatre)<\/a>, avec 1.000 dollars vers\u00e9s sur un compte pour chaque nouveau-n\u00e9 qui poss\u00e8de la nationalit\u00e9 am\u00e9ricaine (864 euros au taux de change actuel). Elle sera allou\u00e9e \u00e0 chaque enfant n\u00e9 de 2025 \u00e0 2028 &#8211; les premiers versements \u00e9tant attendus en 2026 &#8211; soit les quatre ann\u00e9es du second mandat de Donald Trump. Le montant sera le m\u00eame pour chacun des quelque 3,6 millions d&rsquo;enfants am\u00e9ricains qui naissent chaque ann\u00e9e, quels que soient les revenus des parents.\u00a0<\/p>\n<p>\u00ab\u00a0Qui va dire non \u00e0 1.000 dollars ?\u00a0\u00bb<\/p>\n<p data-module=\"article-paragraph\" class=\"jsx-3046738180 Paragraph\">Le dispositif n&rsquo;\u00e9tait pourtant <a href=\"https:\/\/www.tf1info.fr\/international\/etats-unis-que-contient-la-grande-et-belle-loi-budgetaire-de-trump-adoptee-par-le-congres-americain-2380796.html\" target=\"_blank\" rel=\"noopener\">pas con\u00e7u sp\u00e9cifiquement<\/a> pour la retraite, note <a href=\"https:\/\/www.nytimes.com\/2025\/07\/11\/your-money\/trump-accounts-newborns.html\" target=\"_blank\" rel=\"noopener\">le journal am\u00e9ricain New York Times (nouvelle fen\u00eatre)<\/a>, mais \u00e0 former un p\u00e9cule que le b\u00e9n\u00e9ficiaire \u00e9tait m\u00eame encourag\u00e9 \u00e0 d\u00e9penser avant l&rsquo;\u00e2ge de 30 ans, notamment pour le financement de ses \u00e9tudes ou l&rsquo;acquisition d&rsquo;un premier bien immobilier. Ce sont les amendements successifs et les n\u00e9gociations au S\u00e9nat qui l&rsquo;ont progressivement fait glisser vers une forme de cotisation retraite, en dissuadant les retraits anticip\u00e9s par une taxation plus forte \u2013 mais sans les interdire cependant.\u00a0<\/p>\n<p data-module=\"article-paragraph\" class=\"jsx-3046738180 Paragraph Paragraph__End\">Les parents et les employeurs peuvent abonder sur ce compte pour un maximum de 5.000 dollars par an. Le b\u00e9n\u00e9ficiaire ne peut pas retirer d&rsquo;argent de ce compte avant d&rsquo;atteindre l&rsquo;\u00e2ge de 18 ans, au-del\u00e0 duquel il fonctionne comme un plan \u00e9pargne-retraite classique, avec des possibilit\u00e9s de retrait conditionnelles et imposables, jusqu&rsquo;\u00e0 l&rsquo;\u00e2ge de 60 ans. Si elle est accord\u00e9e \u00e0 tous, l&rsquo;ouverture d&rsquo;un \u00ab\u00a0compte Trump\u00a0\u00bb doit cependant faire l&rsquo;objet d&rsquo;une demande. Son taux de r\u00e9mun\u00e9ration reste nettement moins avantageux que ceux des plans d&rsquo;\u00e9pargne pour la retraite ou les \u00e9tudes d\u00e9j\u00e0 existant aux \u00c9tats-Unis, pointent les critiques de la mesure. \u00ab\u00a0Mais qui va dire non \u00e0 1.000 dollars ?\u00a0\u00bb, pr\u00e9dit une conseill\u00e8re financi\u00e8re cit\u00e9e par le New York Times. \u00a0<\/p>\n<p>Le projet du gouvernement allemand<\/p>\n<p data-module=\"article-paragraph\" class=\"jsx-3046738180 Paragraph Paragraph__End\">Les retraites sont une priorit\u00e9 du gouvernement allemand du chancelier Friedrich Merz. Comme en France, l&rsquo;arriv\u00e9e \u00e0 la retraite de la g\u00e9n\u00e9ration du baby-boom, \u00e0 l&rsquo;\u00e2ge de 67 ans chez nos voisins, d\u00e9s\u00e9quilibre le syst\u00e8me. \u00c0 partir du 1\u1d49\u02b3 janvier 2026, la coalition gouvernementale pr\u00e9voit de mettre en place un syst\u00e8me de versement de 10 euros par mois sur un compte \u00e9pargne-retraite bloqu\u00e9, pour chaque enfant \u00e2g\u00e9 de 6 ans et plus scolaris\u00e9 dans un \u00e9tablissement allemand. Une mesure chiffr\u00e9e aux environs d&rsquo;un milliard d&rsquo;euros par an, pour les plus de 8 millions d&rsquo;\u00e9l\u00e8ves allemands mineurs de plus de 5 ans, ce qui fait grincer quelques dents dans ce pays g\u00e9n\u00e9ralement hostile \u00e0 la d\u00e9pense publique. D&rsquo;autres critiques estiment que les versements devraient commencer \u00e0 la naissance, et ne pas \u00eatre index\u00e9s sur l&rsquo;\u00e2ge scolaire, pour fonctionner \u00e0 un r\u00e9gime suffisant.<\/p>\n<p>Partir plus tard et \u00e9conomiser pour sa retraite : l&rsquo;exemple allemandSource : JT 20h Semaine<\/p>\n<p><a href=\"https:\/\/www.tf1info.fr\/economie\/videos\/video-partir-plus-tard-et-economiser-pour-sa-retraite-l-exemple-allemand-7102-2404735.html\" rel=\"noopener\" aria-label=\"03:25 Partir plus tard et \u00e9conomiser pour sa retraite : l&#039;exemple allemand\" class=\"jsx-484472199 Link\" target=\"_blank\"><img decoding=\"async\" src=\"https:\/\/www.europesays.com\/fr\/wp-content\/uploads\/2025\/11\/partir-plus-tard-et-economiser-pour-sa-retraite-l-exemple-allemand-3ce050-0@1x.jpeg\" alt=\"\" loading=\"lazy\" importance=\"low\" fetchpriority=\"low\" class=\"\" aria-hidden=\"true\"\/><\/p>\n<p>03:25<\/p>\n<p>Partir plus tard et \u00e9conomiser pour sa retraite : l&rsquo;exemple allemand<\/a><\/p>\n<p data-module=\"article-paragraph\" class=\"jsx-3046738180 Paragraph Paragraph__End\">La dotation est un peu plus g\u00e9n\u00e9reuse que les \u00ab\u00a0comptes Trump\u00a0\u00bb ou la proposition de Gabriel Attal, puisque la somme accumul\u00e9e \u00e0 la majorit\u00e9 serait de l&rsquo;ordre de 1.400 euros. L&rsquo;ancien Premier ministre fran\u00e7ais chiffre sa propre mesure \u00e0 660 millions d&rsquo;euros par an, en retenant le chiffre de 660.000 naissances annuelles en France. Mais dans le projet fran\u00e7ais, comme dans les mesures allemande et am\u00e9ricaine, le point faible semble \u00eatre la somme finale obtenue \u00e0 l&rsquo;\u00e2ge de d\u00e9part en retraite, qui restera insuffisante \u00e0 compenser des pensions trop basses.\u00a0<\/p>\n<p><a href=\"https:\/\/www.tf1info.fr\/politique\/proposition-de-loi-renaissance-retraites-en-quoi-consiste-le-systeme-universel-propose-par-gabriel-attal-2405823.html\" rel=\"noopener\" class=\"jsx-3308031228 Link flex\" target=\"_blank\"><img decoding=\"async\" src=\"https:\/\/www.europesays.com\/fr\/wp-content\/uploads\/2025\/11\/gabriel-attal-28012030-4b9183-0@1x.jpeg\" alt=\"Le chef du groupe Ensemble pour la R\u00e9publique (EPR), Gabriel Attal, \u00e0 l'Assembl\u00e9e nationale le 29 avril 2025. \" loading=\"lazy\" importance=\"low\" fetchpriority=\"low\" class=\"\" aria-hidden=\"true\"\/><\/p>\n<p class=\"jsx-3657663356 ReadMoreArticle__Title\">Lire aussi<\/p>\n<p class=\"jsx-3657663356\">Retraites : en quoi consiste le syst\u00e8me universel propos\u00e9 par Gabriel Attal ?<\/p>\n<p><\/a><\/p>\n<p data-module=\"article-paragraph\" class=\"jsx-3046738180 Paragraph Paragraph__End\">En tablant sur un rendement annuel \u00e9lev\u00e9 de 6%, ce serait un peu moins de 40.000 euros \u00e0 l&rsquo;\u00e2ge de 67 ans pour un salari\u00e9 allemand, 70.000 euros s&rsquo;il a continu\u00e9 toute sa vie \u00e0 cotiser 10 euros par mois. Dans le cas fran\u00e7ais, et avec un taux \u00e0 4%, ce serait \u00e0 peine plus de 10.000 euros \u00e0 l&rsquo;\u00e2ge de 60 ans. Les abondements volontaires des b\u00e9n\u00e9ficiaires peuvent gonfler cette somme, mais avec un fort \u00e9cart pr\u00e9visible entre foyers modestes et ais\u00e9s.<\/p>\n<p>F.Se<\/p>\n","protected":false},"excerpt":{"rendered":"L&rsquo;ancien Premier ministre plaide pour une nouvelle r\u00e9forme du syst\u00e8me des retraites. Un \u00ab\u00a0syst\u00e8me universel\u00a0\u00bb qui comprendrait la&hellip;\n","protected":false},"author":2,"featured_media":527469,"comment_status":"","ping_status":"","sticky":false,"template":"","format":"standard","meta":{"footnotes":""},"categories":[2],"tags":[1111,11,1921,5641,1011,27,4410,1922,15450,12,8200,9910,133,5642,14843,64673],"class_list":{"0":"post-527468","1":"post","2":"type-post","3":"status-publish","4":"format-standard","5":"has-post-thumbnail","7":"category-actualites","8":"tag-actu","9":"tag-actualites","10":"tag-article-video","11":"tag-finance-et-macro-economie","12":"tag-fr","13":"tag-france","14":"tag-gabriel-attal","15":"tag-info","16":"tag-mesures-et-reformes-economiques","17":"tag-news","18":"tag-politique-et-crise-dun-pays-etranger","19":"tag-retraites","20":"tag-video","21":"tag-video-economie","22":"tag-vie-politique-francaise","23":"tag-vie-quotidienne-etrangere"},"share_on_mastodon":{"url":"https:\/\/pubeurope.com\/@fr\/115531976903141589","error":""},"_links":{"self":[{"href":"https:\/\/www.europesays.com\/fr\/wp-json\/wp\/v2\/posts\/527468","targetHints":{"allow":["GET"]}}],"collection":[{"href":"https:\/\/www.europesays.com\/fr\/wp-json\/wp\/v2\/posts"}],"about":[{"href":"https:\/\/www.europesays.com\/fr\/wp-json\/wp\/v2\/types\/post"}],"author":[{"embeddable":true,"href":"https:\/\/www.europesays.com\/fr\/wp-json\/wp\/v2\/users\/2"}],"replies":[{"embeddable":true,"href":"https:\/\/www.europesays.com\/fr\/wp-json\/wp\/v2\/comments?post=527468"}],"version-history":[{"count":0,"href":"https:\/\/www.europesays.com\/fr\/wp-json\/wp\/v2\/posts\/527468\/revisions"}],"wp:featuredmedia":[{"embeddable":true,"href":"https:\/\/www.europesays.com\/fr\/wp-json\/wp\/v2\/media\/527469"}],"wp:attachment":[{"href":"https:\/\/www.europesays.com\/fr\/wp-json\/wp\/v2\/media?parent=527468"}],"wp:term":[{"taxonomy":"category","embeddable":true,"href":"https:\/\/www.europesays.com\/fr\/wp-json\/wp\/v2\/categories?post=527468"},{"taxonomy":"post_tag","embeddable":true,"href":"https:\/\/www.europesays.com\/fr\/wp-json\/wp\/v2\/tags?post=527468"}],"curies":[{"name":"wp","href":"https:\/\/api.w.org\/{rel}","templated":true}]}}