{"id":527470,"date":"2025-11-11T16:20:27","date_gmt":"2025-11-11T16:20:27","guid":{"rendered":"https:\/\/www.europesays.com\/fr\/527470\/"},"modified":"2025-11-11T16:20:27","modified_gmt":"2025-11-11T16:20:27","slug":"loire-un-important-panache-de-fumee-apres-un-incendie-dans-un-tunnel-agricole-a-saint-victor-sur-loire","status":"publish","type":"post","link":"https:\/\/www.europesays.com\/fr\/527470\/","title":{"rendered":"Loire. Un important panache de fum\u00e9e apr\u00e8s un incendie dans un tunnel agricole \u00e0 Saint-Victor-sur-Loire"},"content":{"rendered":"<p>Le panache de fum\u00e9e important a pu surprendre, voire inqui\u00e9ter les habitants de Saint-Victor-sur-Loire et de ses alentours ce matin.<\/p>\n<p>Depuis 22\u00a0h\u00a030, dimanche soir, les pompiers sont \u00e0 pied d\u2019\u0153uvre \u00e0 la suite d\u2019un incendie qui s\u2019est d\u00e9clar\u00e9 dans un tunnel de stockage de fourrage de 250\u00a0m\u00b2 sur une exploitation agricole. 120 tonnes de fourrage ont d\u00e9j\u00e0 \u00e9t\u00e9 extraites du tunnel, il en reste encore 80 tonnes \u00e0 l\u2019int\u00e9rieur.<\/p>\n<p>L&rsquo;intervention des pompiers devrait se prolonger plusieurs heures<\/p>\n<p>L\u2019action des pompiers a permis de prot\u00e9ger un second tunnel de stockage situ\u00e9 \u00e0 proximit\u00e9. L\u2019intervention est toujours en cours ce matin et devrait se prolonger plusieurs heures. Aucune victime n\u2019est \u00e0 d\u00e9plorer.<\/p>\n","protected":false},"excerpt":{"rendered":"Le panache de fum\u00e9e important a pu surprendre, voire inqui\u00e9ter les habitants de Saint-Victor-sur-Loire et de ses alentours&hellip;\n","protected":false},"author":2,"featured_media":527471,"comment_status":"","ping_status":"","sticky":false,"template":"","format":"standard","meta":{"footnotes":""},"categories":[9653],"tags":[1111,11,2430,1777,674,274,107,1011,27,1310,3367,12,25,4001,29878],"class_list":{"0":"post-527470","1":"post","2":"type-post","3":"status-publish","4":"format-standard","5":"has-post-thumbnail","7":"category-saint-etienne","8":"tag-actu","9":"tag-actualites","10":"tag-auvergne-rhone-alpes","11":"tag-eu","12":"tag-europe","13":"tag-faits-divers-justice","14":"tag-fil-info","15":"tag-fr","16":"tag-france","17":"tag-incendie","18":"tag-loire","19":"tag-news","20":"tag-republique-francaise","21":"tag-saint-etienne","22":"tag-saint-victor-sur-loire"},"share_on_mastodon":{"url":"https:\/\/pubeurope.com\/@fr\/115531980733519237","error":""},"_links":{"self":[{"href":"https:\/\/www.europesays.com\/fr\/wp-json\/wp\/v2\/posts\/527470","targetHints":{"allow":["GET"]}}],"collection":[{"href":"https:\/\/www.europesays.com\/fr\/wp-json\/wp\/v2\/posts"}],"about":[{"href":"https:\/\/www.europesays.com\/fr\/wp-json\/wp\/v2\/types\/post"}],"author":[{"embeddable":true,"href":"https:\/\/www.europesays.com\/fr\/wp-json\/wp\/v2\/users\/2"}],"replies":[{"embeddable":true,"href":"https:\/\/www.europesays.com\/fr\/wp-json\/wp\/v2\/comments?post=527470"}],"version-history":[{"count":0,"href":"https:\/\/www.europesays.com\/fr\/wp-json\/wp\/v2\/posts\/527470\/revisions"}],"wp:featuredmedia":[{"embeddable":true,"href":"https:\/\/www.europesays.com\/fr\/wp-json\/wp\/v2\/media\/527471"}],"wp:attachment":[{"href":"https:\/\/www.europesays.com\/fr\/wp-json\/wp\/v2\/media?parent=527470"}],"wp:term":[{"taxonomy":"category","embeddable":true,"href":"https:\/\/www.europesays.com\/fr\/wp-json\/wp\/v2\/categories?post=527470"},{"taxonomy":"post_tag","embeddable":true,"href":"https:\/\/www.europesays.com\/fr\/wp-json\/wp\/v2\/tags?post=527470"}],"curies":[{"name":"wp","href":"https:\/\/api.w.org\/{rel}","templated":true}]}}