{"id":527474,"date":"2025-11-11T16:22:37","date_gmt":"2025-11-11T16:22:37","guid":{"rendered":"https:\/\/www.europesays.com\/fr\/527474\/"},"modified":"2025-11-11T16:22:37","modified_gmt":"2025-11-11T16:22:37","slug":"toul-un-feu-dartifice-allume-a-la-foire-dautomne","status":"publish","type":"post","link":"https:\/\/www.europesays.com\/fr\/527474\/","title":{"rendered":"Toul. Un feu d\u2019artifice allum\u00e9 \u00e0 la foire d\u2019automne"},"content":{"rendered":"<p>Samedi, un nombreux public s\u2019est retrouv\u00e9 \u00e0 la foire d\u2019automne pour assister au feu d\u2019artifice tir\u00e9 depuis les remparts Vauban, malgr\u00e9 une m\u00e9t\u00e9o automnale. \u00ab\u00a0D\u00e9j\u00e0 pr\u00e9sente pour les feux\u00a0d\u2019artifice de la foire de\u00a0printemps pour lesquels\u00a0nous n\u2019avons re\u00e7u que des retours\u00a0positifs des spectateurs pr\u00e9sents, c\u2019est la soci\u00e9t\u00e9 Sparklight de Verdun qui\u00a0a\u00a0proc\u00e9d\u00e9 au tir des feux\u00a0d\u2019artifice. Nous sommes fiers d\u2019avoir pu proposer ce spectacle\u00a0\u00bb, a confi\u00e9 Alexis Denis, pr\u00e9sident de l\u2019association des\u00a0industriels forains.<\/p>\n<p class=\"note\">La foire continue jusqu\u2019\u00e0 ce mercredi 12\u00a0novembre.<\/p>\n","protected":false},"excerpt":{"rendered":"Samedi, un nombreux public s\u2019est retrouv\u00e9 \u00e0 la foire d\u2019automne pour assister au feu d\u2019artifice tir\u00e9 depuis les&hellip;\n","protected":false},"author":2,"featured_media":527475,"comment_status":"","ping_status":"","sticky":false,"template":"","format":"standard","meta":{"footnotes":""},"categories":[9635],"tags":[1111,11,1687,1705,1777,674,1685,1011,27,775,1702,12,25,14984,27449],"class_list":{"0":"post-527474","1":"post","2":"type-post","3":"status-publish","4":"format-standard","5":"has-post-thumbnail","7":"category-nancy","8":"tag-actu","9":"tag-actualites","10":"tag-culture-loisirs","11":"tag-edition-toul","12":"tag-eu","13":"tag-europe","14":"tag-foire-et-salon","15":"tag-fr","16":"tag-france","17":"tag-grand-est","18":"tag-nancy","19":"tag-news","20":"tag-republique-francaise","21":"tag-toul","22":"tag-toul-ville-54d"},"share_on_mastodon":{"url":"https:\/\/pubeurope.com\/@fr\/115531988562264486","error":""},"_links":{"self":[{"href":"https:\/\/www.europesays.com\/fr\/wp-json\/wp\/v2\/posts\/527474","targetHints":{"allow":["GET"]}}],"collection":[{"href":"https:\/\/www.europesays.com\/fr\/wp-json\/wp\/v2\/posts"}],"about":[{"href":"https:\/\/www.europesays.com\/fr\/wp-json\/wp\/v2\/types\/post"}],"author":[{"embeddable":true,"href":"https:\/\/www.europesays.com\/fr\/wp-json\/wp\/v2\/users\/2"}],"replies":[{"embeddable":true,"href":"https:\/\/www.europesays.com\/fr\/wp-json\/wp\/v2\/comments?post=527474"}],"version-history":[{"count":0,"href":"https:\/\/www.europesays.com\/fr\/wp-json\/wp\/v2\/posts\/527474\/revisions"}],"wp:featuredmedia":[{"embeddable":true,"href":"https:\/\/www.europesays.com\/fr\/wp-json\/wp\/v2\/media\/527475"}],"wp:attachment":[{"href":"https:\/\/www.europesays.com\/fr\/wp-json\/wp\/v2\/media?parent=527474"}],"wp:term":[{"taxonomy":"category","embeddable":true,"href":"https:\/\/www.europesays.com\/fr\/wp-json\/wp\/v2\/categories?post=527474"},{"taxonomy":"post_tag","embeddable":true,"href":"https:\/\/www.europesays.com\/fr\/wp-json\/wp\/v2\/tags?post=527474"}],"curies":[{"name":"wp","href":"https:\/\/api.w.org\/{rel}","templated":true}]}}