{"id":527485,"date":"2025-11-11T16:30:11","date_gmt":"2025-11-11T16:30:11","guid":{"rendered":"https:\/\/www.europesays.com\/fr\/527485\/"},"modified":"2025-11-11T16:30:11","modified_gmt":"2025-11-11T16:30:11","slug":"festive-et-politique-la-fete-de-lhumanite-revient-a-rouen-voici-le-programme","status":"publish","type":"post","link":"https:\/\/www.europesays.com\/fr\/527485\/","title":{"rendered":"Festive et politique, la F\u00eate de l&rsquo;Humanit\u00e9 revient \u00e0 Rouen : voici le programme"},"content":{"rendered":"<p>            Par<br \/>\n        <strong><br \/>\n            <a href=\"https:\/\/actu.fr\/auteur\/thierrychion\" title=\"Consulter tous les articles de Thierry Chion\" target=\"_blank\" rel=\"noopener\">Thierry Chion<\/a><br \/>\n        <\/strong><\/p>\n<p>        Publi\u00e9 le<\/p>\n<p>            11 nov. 2025 \u00e0 17h02        <\/p>\n<p>En 2024, l\u2019\u00e9v\u00e9nement politique, culturel et musical avait r\u00e9uni plus de 6000 personnes au <a href=\"https:\/\/actu.fr\/tag\/parc-expo-de-rouen\" target=\"_blank\" rel=\"noopener\">Parc Expo<\/a> de <strong>Rouen (Seine-Maritime)<\/strong>. Cette ann\u00e9e, les organisateurs entendent bien faire \u00e9cho au succ\u00e8s de l\u2019\u00e9dition nationale qui a rassembl\u00e9 plus de 610\u2009000 personnes en septembre dernier, et par cons\u00e9quent flirter au moins avec la barre des 7000 visiteurs.<\/p>\n<p class=\" wall-content\">Pour cela, la F\u00eate de l\u2019Humanit\u00e9 Normandie qui se veut \u00eatre un rendez-vous populaire, applique une tarification au site qui se veut accessible \u00e0 toutes et tous (pass deux jours \u00e0 30 euros et entr\u00e9e gratuite pour les moins de 12 ans) et met en place une programmation politique, culturelle et musicale \u00e9clectique.<\/p>\n<p>En avant la musique\u2009!<\/p>\n<p class=\" wall-content\">Car ce qui fait la particularit\u00e9 du rendez-vous, ce sont les concerts qui sont propos\u00e9s. Cette \u00e9dition 2025 proposera une affiche musicale de haut niveau et surtout festive, \u00e0 partir de 19h30 le samedi. Au programme donc, The Congos, Marcel et son Orchestre et Asian Dub Foundation.<\/p>\n<p class=\" wall-content\"><strong>VID\u00c9O. \u00c9coutez Marcel et son orchestre :\u00a0<\/strong><\/p>\n<p class=\" wall-content\">\n<p class=\" wall-content\">La f\u00eate de l\u2019Huma affirme toujours sa volont\u00e9 de donner la place aux formations musicales locales. Sont \u00e0 l\u2019affiche cette ann\u00e9e\u00a0les fanfares Seum76 et La Machine, ainsi que\u00a0Radix, Kaniokala, Soul Trip, Johan Nils&amp;Colin, Kristall\u2026<\/p>\n<p>\u00c9chos \u00e0 l\u2019actu<\/p>\n<p class=\" wall-content\">De nombreuses initiatives, rencontres et d\u00e9bats auront lieu sur le d\u00e9veloppement de l\u2019intelligence artificielle, la solidarit\u00e9 avec la Palestine, la poursuite de la privatisation des trains de voyageurs en Normandie, les 80 ans de la cr\u00e9ation de la s\u00e9curit\u00e9 sociale, la lutte contre l\u2019extr\u00eame droite, l\u2019agriculture durable et locale, la protection de l\u2019enfance, etc.<\/p>\n<p>    <a href=\"https:\/\/www.facebook.com\/plugins\/post.php?href=https%3A%2F%2Fwww.facebook.com%2Fphoto.php%3Ffbid%3D1113982604278972%26set%3Da.353062087037698%26type%3D3&amp;show_text=true&amp;width=350\" title=\"Ouvrie le lien\" target=\"_blank\" rel=\"noopener\">Cliquez ici pour visualiser le contenu<\/a><\/p>\n<p>Vid\u00e9os : en ce moment sur ActuSuivez l\u2019actualit\u00e9 de Rouen <a href=\"https:\/\/www.whatsapp.com\/channel\/0029VaKfnf99hXF2ddApFB1D\" target=\"_blank\" rel=\"noopener\">sur notre cha\u00eene WhatsApp<\/a> et <a href=\"https:\/\/www.tiktok.com\/@76actu.fr?lang=fr\" target=\"_blank\" rel=\"noopener\">sur notre compte TikTok<\/a><\/p>\n<p class=\" wall-content\">Personnalisez votre actualit\u00e9 en ajoutant vos villes et m\u00e9dias en favori avec <a href=\"https:\/\/moncompte.actu.fr\" title=\"D\u00e9couvez Mon Actu\" rel=\"nofollow noopener\" data-trk=\"{&quot;cta&quot;:{&quot;action&quot;:&quot;https:\\\/\\\/moncompte.actu.fr&quot;,&quot;category&quot;:&quot;mon compte&quot;,&quot;from&quot;:&quot;article footer&quot;,&quot;name&quot;:&quot;Mon actu&quot;,&quot;type&quot;:&quot;cta&quot;}}\" target=\"_blank\">Mon Actu<\/a>.<\/p>\n<p>                    <script async src=\"\/\/www.tiktok.com\/embed.js\"><\/script><\/p>\n","protected":false},"excerpt":{"rendered":"Par Thierry Chion Publi\u00e9 le 11 nov. 2025 \u00e0 17h02 En 2024, l\u2019\u00e9v\u00e9nement politique, culturel et musical avait&hellip;\n","protected":false},"author":2,"featured_media":527486,"comment_status":"","ping_status":"","sticky":false,"template":"","format":"standard","meta":{"footnotes":""},"categories":[9587],"tags":[1111,11,9086,1697,1777,674,1011,27,1652,12,5161,9636,25,9590],"class_list":{"0":"post-527485","1":"post","2":"type-post","3":"status-publish","4":"format-standard","5":"has-post-thumbnail","7":"category-rouen","8":"tag-actu","9":"tag-actualites","10":"tag-bon-plan-a-rouen","11":"tag-concert","12":"tag-eu","13":"tag-europe","14":"tag-fr","15":"tag-france","16":"tag-loisirs-culture","17":"tag-news","18":"tag-normandie","19":"tag-parc-expo-de-rouen","20":"tag-republique-francaise","21":"tag-rouen"},"share_on_mastodon":{"url":"https:\/\/pubeurope.com\/@fr\/115532020103379571","error":""},"_links":{"self":[{"href":"https:\/\/www.europesays.com\/fr\/wp-json\/wp\/v2\/posts\/527485","targetHints":{"allow":["GET"]}}],"collection":[{"href":"https:\/\/www.europesays.com\/fr\/wp-json\/wp\/v2\/posts"}],"about":[{"href":"https:\/\/www.europesays.com\/fr\/wp-json\/wp\/v2\/types\/post"}],"author":[{"embeddable":true,"href":"https:\/\/www.europesays.com\/fr\/wp-json\/wp\/v2\/users\/2"}],"replies":[{"embeddable":true,"href":"https:\/\/www.europesays.com\/fr\/wp-json\/wp\/v2\/comments?post=527485"}],"version-history":[{"count":0,"href":"https:\/\/www.europesays.com\/fr\/wp-json\/wp\/v2\/posts\/527485\/revisions"}],"wp:featuredmedia":[{"embeddable":true,"href":"https:\/\/www.europesays.com\/fr\/wp-json\/wp\/v2\/media\/527486"}],"wp:attachment":[{"href":"https:\/\/www.europesays.com\/fr\/wp-json\/wp\/v2\/media?parent=527485"}],"wp:term":[{"taxonomy":"category","embeddable":true,"href":"https:\/\/www.europesays.com\/fr\/wp-json\/wp\/v2\/categories?post=527485"},{"taxonomy":"post_tag","embeddable":true,"href":"https:\/\/www.europesays.com\/fr\/wp-json\/wp\/v2\/tags?post=527485"}],"curies":[{"name":"wp","href":"https:\/\/api.w.org\/{rel}","templated":true}]}}