{"id":527487,"date":"2025-11-11T16:31:14","date_gmt":"2025-11-11T16:31:14","guid":{"rendered":"https:\/\/www.europesays.com\/fr\/527487\/"},"modified":"2025-11-11T16:31:14","modified_gmt":"2025-11-11T16:31:14","slug":"amiens-ligue-magnus-15e-journee","status":"publish","type":"post","link":"https:\/\/www.europesays.com\/fr\/527487\/","title":{"rendered":"Amiens (ligue Magnus, 15e journ\u00e9e)"},"content":{"rendered":"<p>Apr\u00e8s 10 jours de tr\u00eave internationale, sur sa glace de l\u2019\u00eele Lacroix, port\u00e9 par un doubl\u00e9 de James Phelan, l\u2019ancien Ami\u00e9nois \u00e0 inscrit un gros 4eme but, le Rouen Hockey Elite 76 s\u2019est largement impos\u00e9 6-2 face \u00e0 Amiens lors de la 15e journ\u00e9e. Pr\u00e9sents sur les fiches de cinq des six buts normands, les f\u00e9lons, Phelan, Simonsen et Tessier, tous d\u2019anciens Picards, se sont bien amus\u00e9s. Certains dans les trav\u00e9es ont ri jaune. Le AHE est pass\u00e9 compl\u00e8tement \u00e0 c\u00f4t\u00e9 du classique du hockey fran\u00e7ais.<\/p>\n<p><img loading=\"lazy\" decoding=\"async\" class=\"size-full wp-image-20305473\" src=\"data:image\/svg+xml,%3Csvg%20xmlns=\" http:=\"\" alt=\"rouen amiens (8)\" width=\"750\" height=\"500\" data-lazy- data-lazy- data-lazy-src=\"https:\/\/www.europesays.com\/fr\/wp-content\/uploads\/2025\/11\/rouen-amiens-8.jpg\"\/>rouen amiens (8)<\/p>\n<p>Les Rouennais, priv\u00e9s de leur centre num\u00e9ro 1, Michael Regush, pour de nombreuses semaines, ont ouvert le score t\u00f4t. En sup\u00e9riorit\u00e9, Lo\u00efc Lamp\u00e9rier, pr\u00e9sent devant la cage, a, dans le dos de Kozun, pouss\u00e9 le palet dans les filets. Le gardien n\u2019avait pas compl\u00e9t\u00e9 son arr\u00eat sur un tir de Roy (1-0 \u00e0 3\u201933). Moins de vingt secondes plus tard, William Lemay a \u00e9galis\u00e9 en faisant un tour de cage apr\u00e8s un palet mis \u00e0 la cage par Magovac et une mise au jeu (1-1 \u00e0 3\u201952). Avec ce 7e but le joueur de centre devient le meilleur buteur des Samariens. Les hommes de Kevin Bergin ont annihil\u00e9 une deuxi\u00e8me prison. Mais, la belle agressivit\u00e9 des visiteurs s\u2019arr\u00eatait l\u00e0. Ils n\u2019ont pas pu faire douter les Dragons. Les sorties et entr\u00e9es de zones des locaux \u00e9taient fluides. Apr\u00e8s des franchissements clairs entre Yeo, Phelan et Rech, devant Kozun, le perfide, James Phelan, d\u00e9viait le lancer de la pointe de Chakiachvili (2-1 \u00e0 7\u201953). Izacky s\u2019est d\u00e9barrass\u00e9 d\u2019une rondelle en zone neutre et sa ligne a offert une relance rouennaise sans difficult\u00e9 partie de Yeo avec un relais de Lamp\u00e9rier. A la r\u00e9ception d\u2019une longue passe transversale de Lafrance, Chase Gresock, tournant autour du but, a cr\u00e9\u00e9 la cassure en faveur des Noirs-et-Jaunes (3-1 \u00e0 11\u201947). La fin du tiers voyait les co\u00e9quipiers de Lo\u00efc Lamp\u00e9rier r\u00e9sister en inf\u00e9riorit\u00e9 gr\u00e2ce notamment \u00e0 un bloc shoot de Perret.<\/p>\n<p><img loading=\"lazy\" decoding=\"async\" class=\"size-full wp-image-20305472\" src=\"data:image\/svg+xml,%3Csvg%20xmlns=\" http:=\"\" alt=\"rouen amiens (5)\" width=\"750\" height=\"500\" data-lazy- data-lazy- data-lazy-src=\"https:\/\/www.europesays.com\/fr\/wp-content\/uploads\/2025\/11\/rouen-amiens-5.jpg\"\/>rouen amiens (5)<\/p>\n<p>Les Gothiques ont montr\u00e9 de meilleures intentions dans le tiers du milieu. Maladroits (21\u201945), manquant de conviction lors d\u2019une sup\u00e9riorit\u00e9 (22\u201902), de simplicit\u00e9 lors de moments forts (26 &amp; 27e), de r\u00e9alisme lors de leurs bonnes positions de tirs (Richards \u00e0 27\u201955 &amp; Plagnat \u00e0 29\u201916)) ou de vitesse en projections. Leurs suppos\u00e9s leaders n\u2019ont pas livr\u00e9 la marchandise. Pour couronner le tout, ils \u00e9taient malchanceux lorsque le tir d\u2019Izacky heurtait le poteau (29\u201929). Les visiteurs n\u2019ont pas su changer la tournure de la rencontre pendant que les joueurs de Carl Mallette \u00e9taient tr\u00e8s ordinaires dans les transitions. Les Seino-marins ont r\u00e9sist\u00e9 en d\u00e9savantage num\u00e9rique gr\u00e2ce \u00e0 3 tirs bloqu\u00e9s ou contr\u00e9s par Colomban (23\u201904) Chakiachvili (23\u201929) et Phelan (23\u201950). Par ailleurs, les revirements ou passes coup\u00e9es de Lafrance (24\u201936) et Schmitt (27\u201938) ont \u00e9t\u00e9 tr\u00e8s utiles au collectif rouennais. Mac Carruth, jamais en difficult\u00e9, a \u00e9t\u00e9 solide et a maintenu l\u2019avance de son \u00e9quipe face aux tirs de Gauffriau (24\u201916) et Magovac (30\u201918). Enfin, contre le court du jeu, James Phelan a marqu\u00e9 tout un but en duel face \u00e0 Kozun. Le ren\u00e9gat, \u00e9chapp\u00e9 sur la gauche, a abandonn\u00e9 du revers la rondelle au premier poteau en attirant le gardien au second (4-1 \u00e0 30\u201900). Exactement \u00e0 la mi-match, il n\u2019y en avait plus justement. Les gradins ne tremblaient m\u00eame pas sur la seconde attaque surnum\u00e9raire ami\u00e9noise de la soir\u00e9e (33\u201906) qui finissait, comme la premi\u00e8re (21\u201945), aux orties. L\u2019assembl\u00e9e pouvait d\u00e9sormais jouir de la fess\u00e9e qui se dessinait. Lafrance de pr\u00e8s sur Kozun (34\u201939) et Gresock sur l\u2019\u00e9querre (37\u201937) n\u2019\u00e9tait pas loin de la donner.<\/p>\n<p><img loading=\"lazy\" decoding=\"async\" class=\"size-full wp-image-20305471\" src=\"data:image\/svg+xml,%3Csvg%20xmlns=\" http:=\"\" alt=\"rouen amiens (2)\" width=\"750\" height=\"500\" data-lazy- data-lazy- data-lazy-src=\"https:\/\/www.europesays.com\/fr\/wp-content\/uploads\/2025\/11\/rouen-amiens-2.jpg\"\/>rouen amiens (2)<\/p>\n<p>Finalement, la correction arrivera dans le dernier acte. Patrick Holway, bien seul aux oreilles, trouv\u00e9 d\u2019une longue passe par ce judas de Tessier, fusille Kozun d\u2019un tir \u00ab\u00a0fulguropoint\u00a0\u00bb a mi-hauteur (5-1 \u00e0 42\u201948). C\u2019est le premier but du droitier en ligue Magnus. Quelques minutes plus tard, Dylan Yeo, lui, inscrit son 5e (6-1 \u00e0 46\u201924). Le gaucher rejoint Magovac leader de la ligue pour les arri\u00e8res au nombre de buts inscrits.<\/p>\n<p>La fin du match est g\u00e2ch\u00e9e par des gestes de frustrations. L\u2019ensemble est hach\u00e9 de prisons et de visionnages. Un premier streaming a valid\u00e9 un refus de filet \u00e0 Craig dont la raison n\u2019est pas expliqu\u00e9 \u00e0 la foule et c\u2019est rageant (47\u201911). Amiens, gr\u00e2ce \u00e0 ses trios Craig-Mony-Plagnat, puis Craig-Cepon-Lemay, repousse une double inf\u00e9riorit\u00e9 pendant 1\u201916. Un autre flux video est consult\u00e9 pour expulser Holway \u00e0 cause d\u2019une charge \u00e0 la t\u00eate de Gauffriau (48\u201937). Pour l\u2019anecdote, Djemel r\u00e9duira le score en power-play d\u2019un joli tir en coin (6-2 \u00e0 59\u201925). Ainsi le malaise picard apr\u00e8s deux sorties encadrant la tr\u00e8ve, acquitt\u00e9es de six buts, sera peut-\u00eatre moins lourd \u00e0 porter vendredi en recevant Chamonix. Les Pionniers, vainqueurs d\u2019Anglet ce soir dans le m\u00eame temps, ont gliss\u00e9 une peau de banane aux Ami\u00e8nois en les sortants (provisoirement ?) du tableau des play-offs. Les Rouennais, eux, iront \u00e0 Nice pour garder le contact avec le leader de la ligue, Angers.<\/p>\n<p><img loading=\"lazy\" decoding=\"async\" class=\"size-full wp-image-20305474\" src=\"data:image\/svg+xml,%3Csvg%20xmlns=\" http:=\"\" alt=\"rouen amiens (1)\" width=\"750\" height=\"500\" data-lazy- data-lazy- data-lazy-src=\"https:\/\/www.europesays.com\/fr\/wp-content\/uploads\/2025\/11\/rouen-amiens-1.jpg\"\/>rouen amiens (1)<\/p>\n<p><strong>Commentaires (dans Paris-Normandie):<\/strong><br \/>Carl Mallette (coach de Rouen) :<br \/>\u00ab\u00a0Un bon match pour nous remettre dans le bain. On sait ce qui se pr\u00e9sente devant nous, avec de gros voyages, il fallait donc remporter ce match. On avait une entente avec les joueurs qu\u2019ils m\u00e9ritaient leurs six jours de cong\u00e9 pour la tr\u00eave. J\u2019ai ador\u00e9 leur professionnalisme depuis leur retour. Les trois jours d\u2019entra\u00eenements ont \u00e9t\u00e9 tr\u00e8s bien. On avait de la vie malgr\u00e9 le fait qu\u2019on \u00e9tait en effectif r\u00e9duit. Chapeau \u00e0 eux. Aujourd\u2019hui, on s\u2019est pr\u00e9sent\u00e9. On a jou\u00e9 un bon match de hockey. On a \u00e9t\u00e9 professionnel pendant 60 minutes.\u00a0On trouve une fa\u00e7on de faire \u00e7a avec r\u00e9p\u00e9tition. Le score est peut-\u00eatre un peu s\u00e9v\u00e8re parce qu\u2019ils ont eu des bonnes occasions en deuxi\u00e8me p\u00e9riode, pendant 5-6 minutes, ils \u00e9taient dans notre zone, avec beaucoup de lancers, beaucoup de mises en jeu, mais on a su g\u00e9rer lorsque c\u2019\u00e9tait le temps.\u00a0\u00bb<\/p>\n<p>Kevin Bergin (coach d\u2019Amiens) :<br \/>\u00ab\u00a0Quand tu fais des erreurs contre des \u00e9quipes comme Grenoble ou Rouen, qui ont de tr\u00e8s bons marqueurs, tu vas payer pot. On va trouver des solutions pour mieux d\u00e9fendre. Pr\u00e9sentement on a de la difficult\u00e9 \u00e0 marquer des buts alors qu\u2019on se cr\u00e9e beaucoup de chances. Va falloir trouver une fa\u00e7on de gagner les matches 1-0 parce qu\u2019on en marque pas bien plus qu\u2019un ou deux. On va mettre nos bottes de travail. On va embarquer sur la glace demain matin puis on va travailler. Je vais m\u2019assurer qu\u2019on va apprendre \u00e0 d\u00e9fendre.\u00bb<\/p>\n<p>Rouen \u2013 Amiens: 6-2 (3-1, 1-0, 2-1)<br \/>Lundi 10 novembre 2025 \u00e0 20h00, \u00e0 la patinoire Nathalie Pechalat.<br \/>Arbitres : Rayan Bernoussi et Maxime Laboulais assist\u00e9s de Quentin Cady et Achille Lefevre<br \/>Tirs : Rouen 22 (8, 8, 6) ; Amiens 26 (6, 11, 9)<br \/>P\u00e9nalit\u00e9s : Rouen 29\u2032 (2\u2032, 2\u2032, 5+20\u2032) ; Amiens 12\u2032 (4\u2032, 0\u2032, 8\u2032)<br \/>Sup\u00e9riorit\u00e9s : Rouen 1\/6 ; Amiens 1\/3<\/p>\n<p>\u00c9volution du score :<br \/>1-0 \u00e0 03\u201933 : Lamp\u00e9rier assist\u00e9 de Roy et Simonsen (sup.num.)<br \/>1-1 \u00e0 03\u201952 : Lemay assist\u00e9 de Ma\u00efa et Richards<br \/>2-1 \u00e0 07\u201953 : Phelan assist\u00e9 de Chakiachvili et Holway<br \/>3-1 \u00e0 11\u201947 : Gresock assist\u00e9 de Lafrance et Lamp\u00e9rier<br \/>4-1 \u00e0 30\u201900 : Phelan assist\u00e9 de Schmitt et Yeo<br \/>5-1 \u00e0 42\u201948 : Holway assist\u00e9 de Tessier et Vigners<br \/>6-1 \u00e0 46\u201924 : Yeo assist\u00e9 de Simonsen et Tessier<br \/>6-2 \u00e0 59\u201925 : Djemel assist\u00e9 de Bergeron (sup.num.)<\/p>\n<p>Rouen<\/p>\n<p>Attaquants:<br \/>Anthony Rech \u2013 James Phelan \u2013 Tommy Perret<br \/>Lo\u00efc Lamp\u00e9rier (C) \u2013 Simon Lafrance \u2013 Chase Gresock<br \/>Tomas Simonsen \u2013 Julien Tessier \u2013 Rolands Vigners<br \/>Vincent Nesa \u2013 Robin Colomban \u2013 Johan\u00e8s Avonde<\/p>\n<p>Arri\u00e8res:<br \/>Florian Chakiachvili (A) \u2013 Patrick Holway<br \/>Pier-Olivier Roy \u2013 Gustav Bouramman<br \/>Dylan Yeo (A) \u2013 Charles Schmitt<\/p>\n<p>Gardien:<br \/>Mac Carruth (24 arr\u00eats)<\/p>\n<p>Rempla\u00e7ants : Lucas Mugnier (G). Absent : Michael Regush (bless\u00e9)<\/p>\n<p>Amiens<\/p>\n<p>Attaquants :<br \/>Jakub Izacky \u2013 Kieran Craig \u2013 Gauthier Gibert<br \/>Bastien Ma\u00efa (A) \u2013 William Lemay \u2013 Sean Richards<br \/>Rudy Matima \u2013 Janis Svanenbergs \u2013 Antonin Plagnat<br \/>Ilies Djemel \u2013 Virgile Gauffriau \u2013 Mat\u00e9o Bussat<\/p>\n<p>Arri\u00e8res :<br \/>Kristjan Cepon \u2013 Aleksandar Magovac (C)<br \/>Mathieu Mony \u2013 Justin Bergeron (A)<br \/>Guillaume Roussel \u2013 F\u00e9lix Larose<\/p>\n<p>Gardien :<br \/>Taran Kozun (16 arr\u00eats)<\/p>\n<p>Rempla\u00e7ant : Cl\u00e9ment Fouquerel (G). Absent : ( ).<\/p>\n","protected":false},"excerpt":{"rendered":"Apr\u00e8s 10 jours de tr\u00eave internationale, sur sa glace de l\u2019\u00eele Lacroix, port\u00e9 par un doubl\u00e9 de James&hellip;\n","protected":false},"author":2,"featured_media":527488,"comment_status":"","ping_status":"","sticky":false,"template":"","format":"standard","meta":{"footnotes":""},"categories":[9587],"tags":[1111,11,1777,674,1011,27,12,5161,25,9590],"class_list":{"0":"post-527487","1":"post","2":"type-post","3":"status-publish","4":"format-standard","5":"has-post-thumbnail","7":"category-rouen","8":"tag-actu","9":"tag-actualites","10":"tag-eu","11":"tag-europe","12":"tag-fr","13":"tag-france","14":"tag-news","15":"tag-normandie","16":"tag-republique-francaise","17":"tag-rouen"},"share_on_mastodon":{"url":"https:\/\/pubeurope.com\/@fr\/115532023971960567","error":""},"_links":{"self":[{"href":"https:\/\/www.europesays.com\/fr\/wp-json\/wp\/v2\/posts\/527487","targetHints":{"allow":["GET"]}}],"collection":[{"href":"https:\/\/www.europesays.com\/fr\/wp-json\/wp\/v2\/posts"}],"about":[{"href":"https:\/\/www.europesays.com\/fr\/wp-json\/wp\/v2\/types\/post"}],"author":[{"embeddable":true,"href":"https:\/\/www.europesays.com\/fr\/wp-json\/wp\/v2\/users\/2"}],"replies":[{"embeddable":true,"href":"https:\/\/www.europesays.com\/fr\/wp-json\/wp\/v2\/comments?post=527487"}],"version-history":[{"count":0,"href":"https:\/\/www.europesays.com\/fr\/wp-json\/wp\/v2\/posts\/527487\/revisions"}],"wp:featuredmedia":[{"embeddable":true,"href":"https:\/\/www.europesays.com\/fr\/wp-json\/wp\/v2\/media\/527488"}],"wp:attachment":[{"href":"https:\/\/www.europesays.com\/fr\/wp-json\/wp\/v2\/media?parent=527487"}],"wp:term":[{"taxonomy":"category","embeddable":true,"href":"https:\/\/www.europesays.com\/fr\/wp-json\/wp\/v2\/categories?post=527487"},{"taxonomy":"post_tag","embeddable":true,"href":"https:\/\/www.europesays.com\/fr\/wp-json\/wp\/v2\/tags?post=527487"}],"curies":[{"name":"wp","href":"https:\/\/api.w.org\/{rel}","templated":true}]}}