{"id":527489,"date":"2025-11-11T16:32:11","date_gmt":"2025-11-11T16:32:11","guid":{"rendered":"https:\/\/www.europesays.com\/fr\/527489\/"},"modified":"2025-11-11T16:32:11","modified_gmt":"2025-11-11T16:32:11","slug":"grenoble-les-tarifs-solidaires-pour-les-locations-de-velos-electriques-chez-mvelo-cest-termine-les-salaries-en-greve-ce-jeudi","status":"publish","type":"post","link":"https:\/\/www.europesays.com\/fr\/527489\/","title":{"rendered":"Grenoble. Les tarifs solidaires pour les locations de v\u00e9los \u00e9lectriques chez M\u2019V\u00e9lo +\u00a0c\u2019est termin\u00e9, les salari\u00e9s en gr\u00e8ve ce jeudi"},"content":{"rendered":"<p>\u00ab\u00a0C\u2019est une d\u00e9cision incompr\u00e9hensible pour nous\u00a0\u00bb, d\u00e9clare J\u00e9r\u00f4me Bertrand, d\u00e9l\u00e9gu\u00e9 syndical chez Sud Solidaires. Depuis le d\u00e9but du mois de novembre, la tarification sp\u00e9ciale de location \u00ab\u00a0d\u2019un v\u00e9lo d\u00e9couverte\u00a0\u00bb d\u00e9di\u00e9e aux personnes et familles modestes et aux \u00e9tudiants est supprim\u00e9e.<\/p>\n<p>Les engins concern\u00e9s \u00e9taient les v\u00e9los-cargos musculaires ou \u00e9lectriques, les v\u00e9los assistance \u00e9lectrique (VAE) ainsi que les tandems. Une tarification d\u00e9di\u00e9e \u00e0 celles et ceux avec un quotient familial \u00e9gal ou inf\u00e9rieur \u00e0 900, \u00ab\u00a014\u00a0euros le mois ou 42\u00a0euros les quatre mois, c\u2019\u00e9tait tr\u00e8s avantageux. Cette suppression est inconcevable, elle est l\u2019une des raisons pour lesquelles nous nous mettons en gr\u00e8ve\u00a0\u00bb, poursuit J\u00e9r\u00f4me Bertrand. Une gr\u00e8ve qui pour autant n\u2019aura a priori pas d\u2019incidence sur l\u2019accueil du public \u00e0 l\u2019agence M\u2019V\u00e9lo +, situ\u00e9e sur le parvis de la Gare de Grenoble.<\/p>\n<p>\u00ab\u00a0C\u2019est l\u2019exclusion des personnes modestes \u00bb<\/p>\n<p>Le syndicat Sud Solidaires d\u00e9nonce une d\u00e9cision prise \u00ab\u00a0sans concertation ni d\u2019\u00e9coute, nous demandons \u00e0 \u00eatre re\u00e7us par Sylvain Laval, le pr\u00e9sident du Smmag. Avec cette d\u00e9cision, ce sont des dizaines voire des centaines de personnes qui sont p\u00e9nalis\u00e9es. C\u2019est l\u2019exclusion des personnes modestes.\u00a0\u00bb<\/p>\n<p>D\u2019un autre c\u00f4t\u00e9, les salari\u00e9s en gr\u00e8ve d\u00e9noncent une d\u00e9gradation des conditions de travail. \u00ab\u00a0Il y a un gros turn-over, beaucoup de salari\u00e9s vont et viennent, nous n\u2019arrivons pas \u00e0 garder notre personnel\u00a0!\u00a0\u00bb argue-t-il, avant d\u2019\u00e9voquer la question des salaires. \u00ab\u00a0Cela fait des ann\u00e9es que les salaires n\u2019ont pas \u00e9t\u00e9 revaloris\u00e9s. Certains salari\u00e9s sont \u00e0 une centaine d\u2019euros du seuil de pauvret\u00e9\u00a0\u00bb, termine-t-il.<\/p>\n","protected":false},"excerpt":{"rendered":"\u00ab\u00a0C\u2019est une d\u00e9cision incompr\u00e9hensible pour nous\u00a0\u00bb, d\u00e9clare J\u00e9r\u00f4me Bertrand, d\u00e9l\u00e9gu\u00e9 syndical chez Sud Solidaires. Depuis le d\u00e9but du&hellip;\n","protected":false},"author":2,"featured_media":527490,"comment_status":"","ping_status":"","sticky":false,"template":"","format":"standard","meta":{"footnotes":""},"categories":[9566],"tags":[1111,11,2430,3542,9671,112,1777,674,1011,27,2731,2732,108,12,25,801,104,2803],"class_list":{"0":"post-527489","1":"post","2":"type-post","3":"status-publish","4":"format-standard","5":"has-post-thumbnail","7":"category-grenoble","8":"tag-actu","9":"tag-actualites","10":"tag-auvergne-rhone-alpes","11":"tag-circulation","12":"tag-conflit-social","13":"tag-edition-grenoble-agglomeration","14":"tag-eu","15":"tag-europe","16":"tag-fr","17":"tag-france","18":"tag-grenoble","19":"tag-grenoble-bassin","20":"tag-isere","21":"tag-news","22":"tag-republique-francaise","23":"tag-social","24":"tag-societe","25":"tag-transport"},"share_on_mastodon":{"url":"https:\/\/pubeurope.com\/@fr\/115532027941847114","error":""},"_links":{"self":[{"href":"https:\/\/www.europesays.com\/fr\/wp-json\/wp\/v2\/posts\/527489","targetHints":{"allow":["GET"]}}],"collection":[{"href":"https:\/\/www.europesays.com\/fr\/wp-json\/wp\/v2\/posts"}],"about":[{"href":"https:\/\/www.europesays.com\/fr\/wp-json\/wp\/v2\/types\/post"}],"author":[{"embeddable":true,"href":"https:\/\/www.europesays.com\/fr\/wp-json\/wp\/v2\/users\/2"}],"replies":[{"embeddable":true,"href":"https:\/\/www.europesays.com\/fr\/wp-json\/wp\/v2\/comments?post=527489"}],"version-history":[{"count":0,"href":"https:\/\/www.europesays.com\/fr\/wp-json\/wp\/v2\/posts\/527489\/revisions"}],"wp:featuredmedia":[{"embeddable":true,"href":"https:\/\/www.europesays.com\/fr\/wp-json\/wp\/v2\/media\/527490"}],"wp:attachment":[{"href":"https:\/\/www.europesays.com\/fr\/wp-json\/wp\/v2\/media?parent=527489"}],"wp:term":[{"taxonomy":"category","embeddable":true,"href":"https:\/\/www.europesays.com\/fr\/wp-json\/wp\/v2\/categories?post=527489"},{"taxonomy":"post_tag","embeddable":true,"href":"https:\/\/www.europesays.com\/fr\/wp-json\/wp\/v2\/tags?post=527489"}],"curies":[{"name":"wp","href":"https:\/\/api.w.org\/{rel}","templated":true}]}}