{"id":527497,"date":"2025-11-11T16:36:14","date_gmt":"2025-11-11T16:36:14","guid":{"rendered":"https:\/\/www.europesays.com\/fr\/527497\/"},"modified":"2025-11-11T16:36:14","modified_gmt":"2025-11-11T16:36:14","slug":"krutenau-le-musee-zoologique-et-lentomologie-sinvitent-a-loiseau-rare","status":"publish","type":"post","link":"https:\/\/www.europesays.com\/fr\/527497\/","title":{"rendered":"Krutenau. Le Mus\u00e9e zoologique et l\u2019entomologie s\u2019invitent \u00e0 L\u2019Oiseau rare"},"content":{"rendered":"<p>\u00c0 l\u2019occasion de la r\u00e9ouverture du Mus\u00e9e zoologique, les \u00e9ditions des Mus\u00e9es de Strasbourg ont publi\u00e9 Feuilles volantes. L\u2019inventaire inachev\u00e9 de Heinrich Buchecker.  L\u2019ouvrage pr\u00e9sente un ensemble de planches entomologiques du XIXe\u00a0 si\u00e8cle, s\u00e9lectionn\u00e9es parmi un fonds in\u00e9dit et m\u00e9connu de 5\u00a0500 \u201cfeuilles volantes\u201d conserv\u00e9es <a href=\"https:\/\/www.dna.fr\/videos\/strasbourg-apres-six-ans-de-fermeture-le-musee-zoologique-ouvre-ses-portes-le-19-septembre-30zs8pr\" target=\"_blank\" rel=\"noopener\">au Mus\u00e9e zoologique de Strasbourg<\/a>.<\/p>\n<p>  La passion d\u00e9vorante d\u2019un homme<\/p>\n<p>Fort de superbes illustrations, le livre t\u00e9moigne de la passion et de l\u2019ambition d\u00e9vorante d\u2019un homme, Heinrich Buchecker, qui a consacr\u00e9 sa vie enti\u00e8re \u00e0 inventorier et dessiner les insectes du monde entier.<\/p>\n<p>Ce jeudi 13\u00a0novembre \u00e0 17\u00a0h\u00a030, la librairie caf\u00e9 L\u2019Oiseau rare, 23, quai des Bateliers \u00e0 Strasbourg, organise un \u00e9v\u00e9nement autour de cette parution.<\/p>\n<p>Elle accueillera pour l\u2019occasion Sylvain Hugel, entomologiste\u00a0; <a href=\"https:\/\/www.dna.fr\/culture-loisirs\/2025\/09\/19\/reouverture-du-musee-zoologique-premieres-visites-gratuites-ce-week-end\" target=\"_blank\" rel=\"noopener\">Samuel Cordier, conservateur du Mus\u00e9e zoologique\u00a0;<\/a> et Marie Meister, collaboratrice du mus\u00e9e, pour discuter du projet \u00e9ditorial, mais aussi plus largement de l\u2019entomologie aujourd\u2019hui et du r\u00f4le du mus\u00e9e comme lieu de ressources pour les chercheurs.<\/p>\n","protected":false},"excerpt":{"rendered":"\u00c0 l\u2019occasion de la r\u00e9ouverture du Mus\u00e9e zoologique, les \u00e9ditions des Mus\u00e9es de Strasbourg ont publi\u00e9 Feuilles volantes.&hellip;\n","protected":false},"author":2,"featured_media":527498,"comment_status":"","ping_status":"","sticky":false,"template":"","format":"standard","meta":{"footnotes":""},"categories":[2820],"tags":[1111,11,1687,2880,1777,674,107,1011,27,775,2410,12,2661,25,640,2879],"class_list":{"0":"post-527497","1":"post","2":"type-post","3":"status-publish","4":"format-standard","5":"has-post-thumbnail","7":"category-strasbourg","8":"tag-actu","9":"tag-actualites","10":"tag-culture-loisirs","11":"tag-edition-strasbourg","12":"tag-eu","13":"tag-europe","14":"tag-fil-info","15":"tag-fr","16":"tag-france","17":"tag-grand-est","18":"tag-livres-bd","19":"tag-news","20":"tag-patrimoine-culturel","21":"tag-republique-francaise","22":"tag-strasbourg","23":"tag-strasbourg-ville"},"share_on_mastodon":{"url":"","error":""},"_links":{"self":[{"href":"https:\/\/www.europesays.com\/fr\/wp-json\/wp\/v2\/posts\/527497","targetHints":{"allow":["GET"]}}],"collection":[{"href":"https:\/\/www.europesays.com\/fr\/wp-json\/wp\/v2\/posts"}],"about":[{"href":"https:\/\/www.europesays.com\/fr\/wp-json\/wp\/v2\/types\/post"}],"author":[{"embeddable":true,"href":"https:\/\/www.europesays.com\/fr\/wp-json\/wp\/v2\/users\/2"}],"replies":[{"embeddable":true,"href":"https:\/\/www.europesays.com\/fr\/wp-json\/wp\/v2\/comments?post=527497"}],"version-history":[{"count":0,"href":"https:\/\/www.europesays.com\/fr\/wp-json\/wp\/v2\/posts\/527497\/revisions"}],"wp:featuredmedia":[{"embeddable":true,"href":"https:\/\/www.europesays.com\/fr\/wp-json\/wp\/v2\/media\/527498"}],"wp:attachment":[{"href":"https:\/\/www.europesays.com\/fr\/wp-json\/wp\/v2\/media?parent=527497"}],"wp:term":[{"taxonomy":"category","embeddable":true,"href":"https:\/\/www.europesays.com\/fr\/wp-json\/wp\/v2\/categories?post=527497"},{"taxonomy":"post_tag","embeddable":true,"href":"https:\/\/www.europesays.com\/fr\/wp-json\/wp\/v2\/tags?post=527497"}],"curies":[{"name":"wp","href":"https:\/\/api.w.org\/{rel}","templated":true}]}}