{"id":52750,"date":"2025-04-25T21:42:10","date_gmt":"2025-04-25T21:42:10","guid":{"rendered":"https:\/\/www.europesays.com\/fr\/52750\/"},"modified":"2025-04-25T21:42:10","modified_gmt":"2025-04-25T21:42:10","slug":"en-direct-danse-avec-les-stars-adil-rami-elimine-duel-final-entre-lenie-et-florent-manaudou","status":"publish","type":"post","link":"https:\/\/www.europesays.com\/fr\/52750\/","title":{"rendered":"EN DIRECT &#8211; \u00ab\u00a0Danse avec les stars\u00a0\u00bb : Adil Rami \u00e9limin\u00e9, duel final entre L\u00e9nie et Florent Manaudou"},"content":{"rendered":"<p>\u00ab\u00a0Adil, c&rsquo;est devenu Fauve Hautot !\u00a0\u00bb, pr\u00e9vient Camille Combal, rappelant que le footballeur s&rsquo;est hiss\u00e9 en t\u00eate du classement depuis plusieurs semaines. Ce soir, il danse sur \u00ab\u00a0Papaoutai\u00a0\u00bb de Stromae, un choix qui n&rsquo;est pas anodin puisqu&rsquo;il a \u00e9t\u00e9 abandonn\u00e9 par son p\u00e8re lorsqu&rsquo;il \u00e9tait enfant. Apr\u00e8s sa performance aussi \u00e9mouvante que spectaculaire, Adil est rejoint par son fr\u00e8re et ses s\u0153urs.<\/p>\n<p>\u00ab\u00a0Tu as dans\u00e9 avec ton c\u0153ur, avec ton \u00e2me\u00a0\u00bb, souligne Jean-Marc qui lui donne un 10. Fauve est \u00e9mue profond\u00e9ment \u00e0 chaque performance d&rsquo;Adil. \u00ab\u00a0Au fur et \u00e0 mesure, tu as pris confiance en ton corps. \u00c0 la fin, tu as failli me faire pleurer.\u00a0\u00bb C&rsquo;est encore un 10.<\/p>\n<p>Mel Charlot a ador\u00e9 toutes les \u00e9motions communiqu\u00e9es par le footballeur. \u00ab\u00a0Ce soir, tu deviens un artiste.\u00a0\u00bb Et voil\u00e0 encore un 10 ! Chris Marques souligne une aventure exemplaire et donne un 8. C&rsquo;est <strong>un total de 38 points et la deuxi\u00e8me place provisoire.<\/strong><\/p>\n","protected":false},"excerpt":{"rendered":"\u00ab\u00a0Adil, c&rsquo;est devenu Fauve Hautot !\u00a0\u00bb, pr\u00e9vient Camille Combal, rappelant que le footballeur s&rsquo;est hiss\u00e9 en t\u00eate du&hellip;\n","protected":false},"author":2,"featured_media":52751,"comment_status":"","ping_status":"","sticky":false,"template":"","format":"standard","meta":{"footnotes":""},"categories":[1356],"tags":[1111,11,1682,1921,194,3930,58,59,1011,27,1922,500,2041,502,252,199,1364,133,2040],"class_list":{"0":"post-52750","1":"post","2":"type-post","3":"status-publish","4":"format-standard","5":"has-post-thumbnail","7":"category-television","8":"tag-actu","9":"tag-actualites","10":"tag-adil-rami","11":"tag-article-video","12":"tag-danse-avec-les-stars","13":"tag-danse-avec-les-stars-2025","14":"tag-divertissement","15":"tag-entertainment","16":"tag-fr","17":"tag-france","18":"tag-info","19":"tag-medias","20":"tag-medias-et-divertissement","21":"tag-programme-tv","22":"tag-television","23":"tag-tf1","24":"tag-tv","25":"tag-video","26":"tag-video-culture"},"share_on_mastodon":{"url":"https:\/\/pubeurope.com\/@fr\/114400784800608171","error":""},"_links":{"self":[{"href":"https:\/\/www.europesays.com\/fr\/wp-json\/wp\/v2\/posts\/52750","targetHints":{"allow":["GET"]}}],"collection":[{"href":"https:\/\/www.europesays.com\/fr\/wp-json\/wp\/v2\/posts"}],"about":[{"href":"https:\/\/www.europesays.com\/fr\/wp-json\/wp\/v2\/types\/post"}],"author":[{"embeddable":true,"href":"https:\/\/www.europesays.com\/fr\/wp-json\/wp\/v2\/users\/2"}],"replies":[{"embeddable":true,"href":"https:\/\/www.europesays.com\/fr\/wp-json\/wp\/v2\/comments?post=52750"}],"version-history":[{"count":0,"href":"https:\/\/www.europesays.com\/fr\/wp-json\/wp\/v2\/posts\/52750\/revisions"}],"wp:featuredmedia":[{"embeddable":true,"href":"https:\/\/www.europesays.com\/fr\/wp-json\/wp\/v2\/media\/52751"}],"wp:attachment":[{"href":"https:\/\/www.europesays.com\/fr\/wp-json\/wp\/v2\/media?parent=52750"}],"wp:term":[{"taxonomy":"category","embeddable":true,"href":"https:\/\/www.europesays.com\/fr\/wp-json\/wp\/v2\/categories?post=52750"},{"taxonomy":"post_tag","embeddable":true,"href":"https:\/\/www.europesays.com\/fr\/wp-json\/wp\/v2\/tags?post=52750"}],"curies":[{"name":"wp","href":"https:\/\/api.w.org\/{rel}","templated":true}]}}