{"id":527505,"date":"2025-11-11T16:41:04","date_gmt":"2025-11-11T16:41:04","guid":{"rendered":"https:\/\/www.europesays.com\/fr\/527505\/"},"modified":"2025-11-11T16:41:04","modified_gmt":"2025-11-11T16:41:04","slug":"une-septuagenaire-decede-dans-lincendie-de-son-appartement-pres-de-nantes","status":"publish","type":"post","link":"https:\/\/www.europesays.com\/fr\/527505\/","title":{"rendered":"Une septuag\u00e9naire d\u00e9c\u00e8de dans l\u2019incendie de son appartement pr\u00e8s de Nantes"},"content":{"rendered":"<tr wp_automatic_readability=\"2.9224137931034\">\n<td valign=\"middle\" align=\"center\" class=\"col-logo\">\n    <img decoding=\"async\" src=\"https:\/\/www.europesays.com\/fr\/wp-content\/uploads\/2025\/04\/presse-ocean.gif\" alt=\"logo Presse-Oc\u00e9an\" height=\"66\"\/><\/p>\n<\/td>\n<td class=\"col-titre\">\n\t\t\tDimanche 09 novembre 2025 13:25<br \/>\n\t\t\t<a class=\"icon-bulle sizeL count\" href=\"#ancreAvis\"><br \/>\n\t&#8230;<br \/>\n<\/a><\/td>\n<\/tr>\n<p>\t\t<a class=\"mavillebox2 elmt-photo\" href=\"https:\/\/maville.com\/photosmvi\/2025\/11\/09\/P35570719D7056026G.jpg\" title=\" Les pompiers n\u2019ont rien pu faire l\u2019envoi de plusieurs engins.  \u00a9  Photo archives Presse Oc\u00e9an-JMC  \" rel=\"galerie_actu noopener\" target=\"_blank\"><br \/>\n\t<img decoding=\"async\" src=\"https:\/\/www.europesays.com\/fr\/wp-content\/uploads\/2025\/11\/P35570719D7056026G_crop_640-330_.jpg\" alt=\"photo  les pompiers n\u2019ont rien pu faire l\u2019envoi de plusieurs engins.  \u00a9  photo archives presse oc\u00e9an-jmc \"\/><br \/>\n\t1<br \/>\n<\/a><\/p>\n<p class=\"elmt-legende\"> Les pompiers n\u2019ont rien pu faire l\u2019envoi de plusieurs engins.  \u00a9  Photo archives Presse Oc\u00e9an-JMC  <\/p>\n<p>\t\tUne femme de 71\u00a0ans est morte apr\u00e8s l\u2019incendie de son appartement situ\u00e9 au 137\u00a0Grande rue \u00e0 Suc\u00e9-sur-Erdre, dimanche 9\u00a0novembre 2025 \u00e0 8\u00a0h\u00a029. Malgr\u00e9 l\u2019intervention des secours, la victime n\u2019a pas \u00eatre sauv\u00e9e.<\/p>\n<p><b>Cet article est r\u00e9serv\u00e9 aux abonn\u00e9s<\/b><\/p>\n<p>Pour un acc\u00e8s imm\u00e9diat, abonnez-vous<\/p>\n<p><b>1\u00e8re semaine offerte<\/b><\/p>\n<p>\t\t Jean-Marie Cornuaille \u00a0\u00a0<br \/>\n\t\tPresse-Oc\u00e9an<\/p>\n<p>Retrouvez d&rsquo;autres actus sur la commune de :<\/p>\n<p>\t\t&#13;<\/p>\n","protected":false},"excerpt":{"rendered":"Dimanche 09 novembre 2025 13:25 &#8230; 1 Les pompiers n\u2019ont rien pu faire l\u2019envoi de plusieurs engins. \u00a9&hellip;\n","protected":false},"author":2,"featured_media":527506,"comment_status":"","ping_status":"","sticky":false,"template":"","format":"standard","meta":{"footnotes":""},"categories":[2818],"tags":[1111,11,9071,1762,1777,674,1011,27,1310,766,12,2636,3762,25,37561],"class_list":{"0":"post-527505","1":"post","2":"type-post","3":"status-publish","4":"format-standard","5":"has-post-thumbnail","7":"category-nantes","8":"tag-actu","9":"tag-actualites","10":"tag-appartement","11":"tag-decede","12":"tag-eu","13":"tag-europe","14":"tag-fr","15":"tag-france","16":"tag-incendie","17":"tag-nantes","18":"tag-news","19":"tag-pays-de-la-loire","20":"tag-pres","21":"tag-republique-francaise","22":"tag-septuagenaire"},"share_on_mastodon":{"url":"","error":""},"_links":{"self":[{"href":"https:\/\/www.europesays.com\/fr\/wp-json\/wp\/v2\/posts\/527505","targetHints":{"allow":["GET"]}}],"collection":[{"href":"https:\/\/www.europesays.com\/fr\/wp-json\/wp\/v2\/posts"}],"about":[{"href":"https:\/\/www.europesays.com\/fr\/wp-json\/wp\/v2\/types\/post"}],"author":[{"embeddable":true,"href":"https:\/\/www.europesays.com\/fr\/wp-json\/wp\/v2\/users\/2"}],"replies":[{"embeddable":true,"href":"https:\/\/www.europesays.com\/fr\/wp-json\/wp\/v2\/comments?post=527505"}],"version-history":[{"count":0,"href":"https:\/\/www.europesays.com\/fr\/wp-json\/wp\/v2\/posts\/527505\/revisions"}],"wp:featuredmedia":[{"embeddable":true,"href":"https:\/\/www.europesays.com\/fr\/wp-json\/wp\/v2\/media\/527506"}],"wp:attachment":[{"href":"https:\/\/www.europesays.com\/fr\/wp-json\/wp\/v2\/media?parent=527505"}],"wp:term":[{"taxonomy":"category","embeddable":true,"href":"https:\/\/www.europesays.com\/fr\/wp-json\/wp\/v2\/categories?post=527505"},{"taxonomy":"post_tag","embeddable":true,"href":"https:\/\/www.europesays.com\/fr\/wp-json\/wp\/v2\/tags?post=527505"}],"curies":[{"name":"wp","href":"https:\/\/api.w.org\/{rel}","templated":true}]}}