{"id":527507,"date":"2025-11-11T16:42:14","date_gmt":"2025-11-11T16:42:14","guid":{"rendered":"https:\/\/www.europesays.com\/fr\/527507\/"},"modified":"2025-11-11T16:42:14","modified_gmt":"2025-11-11T16:42:14","slug":"equipe-de-france-espoirs-le-nantais-herba-guirassy-declare-forfait-sport","status":"publish","type":"post","link":"https:\/\/www.europesays.com\/fr\/527507\/","title":{"rendered":"\u00c9quipe de France Espoirs. Le Nantais Herba Guirassy d\u00e9clare forfait . Sport"},"content":{"rendered":"<p>Herba Guirassy doit d\u00e9clarer forfait pour le rassemblement avec l\u2019\u00e9quipe de France Espoirs. Arriv\u00e9 \u00e0 Clairefontaine avec une g\u00eane \u00e0 la cuisse apr\u00e8s le match de <a href=\"https:\/\/nantes.maville.com\/sport\/detail_-fc-nantes.-jeu-effectif-classement-les-trois-enseignements-au-premier-tiers-du-championnat-_8-7056485_actu.Htm\" target=\"_self\" rel=\"noopener\">Nantes<\/a> contre Le Havre (1-1), samedi 8\u00a0novembre, l\u2019attaquant est contraint de renoncer au rassemblement. Les examens m\u00e9dicaux ont confirm\u00e9 son indisponibilit\u00e9.<\/p>\n<p><strong>Lire aussi. <\/strong> <a href=\"https:\/\/nantes.maville.com\/sport\/detail_-fc-nantes.-vous-etes-les-bienvenus-pour-venir-voir-les-canaris-_8-7057745_actu.Htm\" target=\"_blank\" rel=\"noopener\">FC Nantes. Vous \u00eates les bienvenus pour venir voir les Canaris !<\/a><\/p>\n<p><strong>\u00ab\u00a0Nous ne voulions prendre aucun risque\u00a0\u00bb<\/strong>, a simplement expliqu\u00e9 G\u00e9rald Baticle, le s\u00e9lectionneur, qui a d\u00e9j\u00e0 d\u00fb faire face aux blessures du Toulousain Guillaume Restes et Jean-Matt\u00e9o Bahoya.<\/p>\n<p>Lucas Michal convoqu\u00e9<\/p>\n<p>Pour pallier \u00e0 l\u2019absence de Guirassy, le technicien a fait appel au Mon\u00e9gasque Luca Michal, qui rejoindra le groupe en fin de journ\u00e9e mardi 11\u00a0novembre.<\/p>\n<p><strong>Lire aussi\u00a0:<\/strong>\u00a0<a href=\"https:\/\/rennes.maville.com\/sport\/detail_-equipe-de-france-espoirs.-une-liste-sans-grande-surprise-pour-les-bleuets-senny-mayulu-vers-une-premiere-cape-_54135-7052366_actu.Htm\" target=\"_self\" rel=\"noopener\">\u00c9quipe de France espoirs. Une liste sans grande surprise pour les Bleuets, Senny Mayulu vers une premi\u00e8re cape\u00a0?<\/a><\/p>\n<p>Les Bleuets disputent deux matches pour les qualifications \u00e0 l\u2019Euro 2027. Ils affrontent d\u2019abord la Suisse, vendredi 14\u00a0novembre (19\u00a0h\u00a030), puis les \u00celes F\u00e9ro\u00e9, lundi 17\u00a0novembre (21\u00a0h), au stade des Alpes \u00e0 Grenoble.\u00a0L\u2019\u00e9quipe de France espoirs est actuellement 3e de son groupe avec 6\u00a0points derri\u00e8re la Suisse (7\u00a0points) et les \u00eeles F\u00e9ro\u00e9 (9\u00a0points).<\/p>\n<p>\u00a0<\/p>\n","protected":false},"excerpt":{"rendered":"Herba Guirassy doit d\u00e9clarer forfait pour le rassemblement avec l\u2019\u00e9quipe de France Espoirs. Arriv\u00e9 \u00e0 Clairefontaine avec une&hellip;\n","protected":false},"author":2,"featured_media":527508,"comment_status":"","ping_status":"","sticky":false,"template":"","format":"standard","meta":{"footnotes":""},"categories":[2818],"tags":[1111,11,3809,1465,1777,674,63,1011,27,1792,1922,766,12,2636,25,479,517,1470],"class_list":{"0":"post-527507","1":"post","2":"type-post","3":"status-publish","4":"format-standard","5":"has-post-thumbnail","7":"category-nantes","8":"tag-actu","9":"tag-actualites","10":"tag-ball","11":"tag-basket","12":"tag-eu","13":"tag-europe","14":"tag-football","15":"tag-fr","16":"tag-france","17":"tag-handball","18":"tag-info","19":"tag-nantes","20":"tag-news","21":"tag-pays-de-la-loire","22":"tag-republique-francaise","23":"tag-rugby","24":"tag-sport","25":"tag-volley"},"share_on_mastodon":{"url":"https:\/\/pubeurope.com\/@fr\/115532067261322285","error":""},"_links":{"self":[{"href":"https:\/\/www.europesays.com\/fr\/wp-json\/wp\/v2\/posts\/527507","targetHints":{"allow":["GET"]}}],"collection":[{"href":"https:\/\/www.europesays.com\/fr\/wp-json\/wp\/v2\/posts"}],"about":[{"href":"https:\/\/www.europesays.com\/fr\/wp-json\/wp\/v2\/types\/post"}],"author":[{"embeddable":true,"href":"https:\/\/www.europesays.com\/fr\/wp-json\/wp\/v2\/users\/2"}],"replies":[{"embeddable":true,"href":"https:\/\/www.europesays.com\/fr\/wp-json\/wp\/v2\/comments?post=527507"}],"version-history":[{"count":0,"href":"https:\/\/www.europesays.com\/fr\/wp-json\/wp\/v2\/posts\/527507\/revisions"}],"wp:featuredmedia":[{"embeddable":true,"href":"https:\/\/www.europesays.com\/fr\/wp-json\/wp\/v2\/media\/527508"}],"wp:attachment":[{"href":"https:\/\/www.europesays.com\/fr\/wp-json\/wp\/v2\/media?parent=527507"}],"wp:term":[{"taxonomy":"category","embeddable":true,"href":"https:\/\/www.europesays.com\/fr\/wp-json\/wp\/v2\/categories?post=527507"},{"taxonomy":"post_tag","embeddable":true,"href":"https:\/\/www.europesays.com\/fr\/wp-json\/wp\/v2\/tags?post=527507"}],"curies":[{"name":"wp","href":"https:\/\/api.w.org\/{rel}","templated":true}]}}