{"id":527515,"date":"2025-11-11T16:46:12","date_gmt":"2025-11-11T16:46:12","guid":{"rendered":"https:\/\/www.europesays.com\/fr\/527515\/"},"modified":"2025-11-11T16:46:12","modified_gmt":"2025-11-11T16:46:12","slug":"cest-quoi-le-commandement-de-lespace-quemmanuel-macron-vient-inaugurer-mercredi","status":"publish","type":"post","link":"https:\/\/www.europesays.com\/fr\/527515\/","title":{"rendered":"c&rsquo;est quoi le Commandement de l&rsquo;espace, qu&rsquo;Emmanuel Macron vient inaugurer mercredi\u00a0?"},"content":{"rendered":"<p>            Par<br \/>\n        <strong><br \/>\n            <a href=\"https:\/\/actu.fr\/auteur\/guillaume-laurens\" title=\"Consulter tous les articles de Guillaume Laurens\" target=\"_blank\" rel=\"noopener\">Guillaume Laurens<\/a><br \/>\n        <\/strong><\/p>\n<p>        Publi\u00e9 le<\/p>\n<p>            11 nov. 2025 \u00e0 17h16        <\/p>\n<p><a href=\"https:\/\/actu.fr\/toulouse\/\" target=\"_blank\" rel=\"noopener\">Toulouse<\/a> s\u2019impose plus que jamais la <strong>capitale des activit\u00e9s spatiales<\/strong> en France et en Europe. Et c\u2019est pour c\u00e9l\u00e9brer le retour en gr\u00e2ce de l\u2019arm\u00e9e de l\u2019Air et de l\u2019Espace dans la Ville rose \u2014 qui n\u2019est pas seulement le berceau de l\u2019a\u00e9ronautique ! \u2014 que le pr\u00e9sident de la R\u00e9publique <a href=\"https:\/\/actu.fr\/tag\/emmanuel-macron\" target=\"_blank\" rel=\"noopener\"><strong>Emmanuel Macron<\/strong><\/a> est attendu ce mercredi 12 novembre 2025. \u00ab\u00a0Sur place, le chef de l\u2019Etat va participer \u00e0 un briefing op\u00e9rationel avec les chefs militaires, une s\u00e9quence confidentielle. Il s\u2019exprimera ensuite sur la strat\u00e9gie national spatiale devant les invit\u00e9s et la presse\u00a0\u00bb, indique l\u2019Elys\u00e9e \u00e0 Actu Toulouse. Et il va inaugurer les installations flambant neuves du Commandement de l\u2019espace. On vous explique \u00e0 quoi sert ce b\u00e2timent.<\/p>\n<p>16 ans apr\u00e8s la fermeture de Francazal, revoil\u00e0 la BA 101\u2009!<\/p>\n<p class=\" wall-content\">Pour c\u00e9l\u00e9brer la cr\u00e9ation de la \u00ab\u2009premi\u00e8re <strong>base a\u00e9rienne<\/strong> fran\u00e7aise \u00e0 <strong>vocation spatiale\u2009\u00bb,<\/strong> <a href=\"https:\/\/actu.fr\/occitanie\/toulouse_31555\/toulouse-demonstrations-defile-aerien-concert-l-armee-va-faire-le-show-sur-la-place-du-capitole_62837144.html\" target=\"_blank\" rel=\"noopener\">un \u00e9v\u00e9nement grand public avait \u00e9t\u00e9 organis\u00e9 le 2 juillet dernier<\/a> place du Capitole. \u00ab\u00a0Alors que les enjeux de s\u00e9curit\u00e9 s\u2019\u00e9tendent jusqu\u2019\u00e0 l\u2019espace\u00a0\u00bb, l\u2019arm\u00e9e de l\u2019Air et de l\u2019Espace inaugurait ce jour-l\u00e0 sa <strong>Base a\u00e9rienne 101<\/strong> (BA 101), implant\u00e9e \u00e0 Toulouse, \u00ab\u00a0au c\u0153ur de l\u2019\u00e9cosyst\u00e8me europ\u00e9en de l\u2019a\u00e9ronautique et du spatial\u00a0\u00bb, soulignait alors le minist\u00e8re des Arm\u00e9es. La (r\u00e9)ouverture de cette base concr\u00e9tisait en r\u00e9alit\u00e9 l\u2019arriv\u00e9e imminente du tout nouveau <strong>Commandement de l\u2019espace (CDE).<\/strong><\/p>\n<p>\u00ab\u2009Le bras arm\u00e9 du Commandement de l\u2019espace\u2009\u00bb est \u00e0 Toulouse<\/p>\n<p class=\" wall-content\">Port\u00e9e par le minist\u00e8re des Arm\u00e9es, cette nouvelle BA 101 incarne en effet \u00ab\u2009la nouvelle mission strat\u00e9gique de l\u2019arm\u00e9e de l\u2019Air et de l\u2019Espace\u2009\u00bb, confi\u00e9e au Commandement de l\u2019espace\u2009: \u00ab\u2009Prot\u00e9ger et d\u00e9fendre les <strong>int\u00e9r\u00eats fran\u00e7ais en orbite<\/strong>, pour garantir l\u2019autonomie strat\u00e9gique de la France\u2009\u00bb.<\/p>\n<p class=\" wall-content\">Install\u00e9e dans le <strong>quartier de Lespinet<\/strong>, la base a\u00e9rienne 101 est \u00ab\u2009le <strong>bras arm\u00e9<\/strong> du Commandement de l\u2019espace, dont le si\u00e8ge est officiellement \u00e0 Paris\u2009\u00bb, expliquait \u00e0 Actu Toulouse le minist\u00e8re des Arm\u00e9es.<\/p>\n<blockquote class=\"ac-article-quote wall-content\">\n<p>Cette cr\u00e9ation [de la base a\u00e9rienne, NDLR] concr\u00e9tise la mont\u00e9e en puissance et l\u2019ancrage territorial strat\u00e9gique du Commandement de l\u2019Espace (CDE).<\/p>\n<p>    <strong>Le minist\u00e8re des Arm\u00e9es<\/strong>\n            <\/p><\/blockquote>\n<p>Identifier les menaces spatiales, r\u00e9aliser des op\u00e9rations\u2026<\/p>\n<p class=\" wall-content\">Organisme \u00e0 vocation interarm\u00e9es, le centre toulousain aura pour principales missions d\u2019\u0153uvrer \u00e0 <strong>l\u2019identification des menaces<\/strong> et leur <strong>neutralisation<\/strong>, de suivre les <strong>d\u00e9bris en orbite, <\/strong>ainsi que la r\u00e9alisation d\u2019<strong>op\u00e9rations spatiales militaires<\/strong>.<\/p>\n<p>Votre r\u00e9gion, votre actu !<\/p>\n<p>Recevez chaque jour les infos qui comptent pour vous.<\/p>\n<p>\t<a href=\"https:\/\/actu.fr\/newsletter\" class=\"ac-btn ac-btn--corner ac-btn--medium ac-btn--blue800\" target=\"_blank\" rel=\"noopener\">S&rsquo;incrire<\/a><br \/>\nQuand Toulouse accueillait la premi\u00e8re BA 101, version arm\u00e9e de l&rsquo;Air<\/p>\n<p>La cr\u00e9ation d&rsquo;une \u00ab\u00a0BA 101\u00a0\u00bb, c&rsquo;est tout un symbole dans la capitale de l\u2019a\u00e9ronautique et de l\u2019espace, car cela intervient 16 ans apr\u00e8s la fermeture\u2026 de l\u2019ancienne base a\u00e9rienne 101 \u00e0 Francazal. C\u2019\u00e9tait en 2009, une \u00e9poque o\u00f9 ce n\u2019\u00e9tait encore que \u00ab\u2009l\u2019arm\u00e9e de l\u2019Air\u2009\u00bb. En 2025, l&rsquo;inauguration de cette nouvelle \u00ab\u00a0BA 101\u00a0\u00bb incarne le r\u00f4le d\u00e9terminant de la Ville rose pour l&rsquo;institution devenue \u00ab\u00a0l&rsquo;arm\u00e9e de l&rsquo;Air et de l&rsquo;Espace\u00a0\u00bb.<\/p>\n<p>Le Commandement de l\u2019espace, entre le CNES, Airbus et bient\u00f4t l\u2019OTAN<\/p>\n<p class=\" wall-content\">C\u2019est entre les installations du CNES et le site Astrolabe d\u2019Airbus Defence &amp; Space, au c\u0153ur du centre spatial de Toulouse, que le <strong>Commandement de l\u2019espace<\/strong> vient d\u2019ouvrir sa premi\u00e8re base a\u00e9rienne \u00e0 vocation spatiale. Pour la bagatelle de <strong>80 millions d\u2019euros,<\/strong> l\u2019arm\u00e9e s\u2019est offert ici un <strong>gigantesque b\u00e2timent<\/strong> de 11\u2009000 m\u00b2 de superficie, mis en service en septembre dernier, et qui doit accueillir \u00e0 terme quelque <strong>500 militaires<\/strong>.<\/p>\n<p>L\u2019OTAN installe son Centre d\u2019excellence spatiale en m\u00eame temps\u2009!<\/p>\n<p class=\" wall-content\">Rappelons que juste \u00e0 c\u00f4t\u00e9 de la future base a\u00e9rienne, un second <strong>b\u00e2timent de 2\u2009000 m\u00b2<\/strong> a \u00e9t\u00e9 construit pour accueillir un autre acteur de la d\u00e9fense mondiale. Car outre l\u2019arm\u00e9e de l\u2019Air et de l\u2019Espace, <strong>l\u2019OTAN<\/strong> a \u00e9galement d\u00e9barqu\u00e9 \u00e0 Toulouse en septembre.<\/p>\n<p class=\" wall-content\">H\u00e9bergeant le nouveau <strong>Centre d\u2019excellence de l\u2019OTAN<\/strong> (COE) pour le domaine spatial, ce b\u00e2timent accueille <strong>une cinquantaine de salari\u00e9s, fran\u00e7ais et \u00e9trangers<\/strong>, qui se sont install\u00e9s ici en m\u00eame temps que leurs voisins de la BA 101. D\u2019apr\u00e8s nos informations, le chef de l\u2019\u00c9tat n\u2019a pas pr\u00e9vu de visiter mercredi ce site, qui doit faire l\u2019objet d\u2019une <strong>inauguration distincte<\/strong>, dans la quelques mois, pour \u00e9viter toute confusion entre le CDE et le\u2026 COE.<\/p>\n<p>Toulouse, plus que jamais capitale du spatial<\/p>\n<p class=\" wall-content\">Commandement de l\u2019espace, centre de l\u2019Otan\u2026 Le secteur du <strong>spatial<\/strong> est d\u00e9cid\u00e9ment en <strong>pleine \u00e9bullition<\/strong> dans une ville qui \u00e9tait d\u00e9j\u00e0 historiquement <a href=\"https:\/\/actu.fr\/occitanie\/toulouse_31555\/toulouse-pour-decouvrir-les-coulisses-du-cnes-des-visites-guidees-par-la-cite-de-l-espace_58097480.html\" target=\"_blank\" rel=\"noopener\">le si\u00e8ge du CNES<\/a> (Centre national d\u2019\u00e9tudes spatiales), qui fourmille d\u2019initiatives dans le secteur, et qui sera bient\u00f4t <a href=\"https:\/\/actu.fr\/occitanie\/toulouse_31555\/airbus-leonardo-et-thales-fusionnent-pour-creer-un-geant-europeen-des-satellites-base-a-toulouse_63340086.html\" target=\"_blank\" rel=\"noopener\">le si\u00e8ge du <\/a><a href=\"https:\/\/actu.fr\/occitanie\/toulouse_31555\/airbus-leonardo-et-thales-fusionnent-pour-creer-un-geant-europeen-des-satellites-base-a-toulouse_63340086.html\" target=\"_blank\" rel=\"noopener\">futur g\u00e9ant europ\u00e9en des satellites<\/a>, n\u00e9 de la fusion d\u2019Airbus, Thal\u00e8s et Leonardo\u2026\u00a0<\/p>\n<p class=\" wall-content\">Personnalisez votre actualit\u00e9 en ajoutant vos villes et m\u00e9dias en favori avec <a href=\"https:\/\/moncompte.actu.fr\" title=\"D\u00e9couvez Mon Actu\" rel=\"nofollow noopener\" data-trk=\"{&quot;cta&quot;:{&quot;action&quot;:&quot;https:\\\/\\\/moncompte.actu.fr&quot;,&quot;category&quot;:&quot;mon compte&quot;,&quot;from&quot;:&quot;article footer&quot;,&quot;name&quot;:&quot;Mon actu&quot;,&quot;type&quot;:&quot;cta&quot;}}\" target=\"_blank\">Mon Actu<\/a>.<\/p>\n","protected":false},"excerpt":{"rendered":"Par Guillaume Laurens Publi\u00e9 le 11 nov. 2025 \u00e0 17h16 Toulouse s\u2019impose plus que jamais la capitale des&hellip;\n","protected":false},"author":2,"featured_media":527516,"comment_status":"","ping_status":"","sticky":false,"template":"","format":"standard","meta":{"footnotes":""},"categories":[2816],"tags":[1111,11,1813,386,1777,674,1011,27,12,2680,25,104,2312],"class_list":{"0":"post-527515","1":"post","2":"type-post","3":"status-publish","4":"format-standard","5":"has-post-thumbnail","7":"category-toulouse","8":"tag-actu","9":"tag-actualites","10":"tag-armee","11":"tag-espace","12":"tag-eu","13":"tag-europe","14":"tag-fr","15":"tag-france","16":"tag-news","17":"tag-occitanie","18":"tag-republique-francaise","19":"tag-societe","20":"tag-toulouse"},"share_on_mastodon":{"url":"https:\/\/pubeurope.com\/@fr\/115532083085253617","error":""},"_links":{"self":[{"href":"https:\/\/www.europesays.com\/fr\/wp-json\/wp\/v2\/posts\/527515","targetHints":{"allow":["GET"]}}],"collection":[{"href":"https:\/\/www.europesays.com\/fr\/wp-json\/wp\/v2\/posts"}],"about":[{"href":"https:\/\/www.europesays.com\/fr\/wp-json\/wp\/v2\/types\/post"}],"author":[{"embeddable":true,"href":"https:\/\/www.europesays.com\/fr\/wp-json\/wp\/v2\/users\/2"}],"replies":[{"embeddable":true,"href":"https:\/\/www.europesays.com\/fr\/wp-json\/wp\/v2\/comments?post=527515"}],"version-history":[{"count":0,"href":"https:\/\/www.europesays.com\/fr\/wp-json\/wp\/v2\/posts\/527515\/revisions"}],"wp:featuredmedia":[{"embeddable":true,"href":"https:\/\/www.europesays.com\/fr\/wp-json\/wp\/v2\/media\/527516"}],"wp:attachment":[{"href":"https:\/\/www.europesays.com\/fr\/wp-json\/wp\/v2\/media?parent=527515"}],"wp:term":[{"taxonomy":"category","embeddable":true,"href":"https:\/\/www.europesays.com\/fr\/wp-json\/wp\/v2\/categories?post=527515"},{"taxonomy":"post_tag","embeddable":true,"href":"https:\/\/www.europesays.com\/fr\/wp-json\/wp\/v2\/tags?post=527515"}],"curies":[{"name":"wp","href":"https:\/\/api.w.org\/{rel}","templated":true}]}}