{"id":527517,"date":"2025-11-11T16:47:12","date_gmt":"2025-11-11T16:47:12","guid":{"rendered":"https:\/\/www.europesays.com\/fr\/527517\/"},"modified":"2025-11-11T16:47:12","modified_gmt":"2025-11-11T16:47:12","slug":"depuis-10-ans-hello-music-accompagne-des-artistes-emergents-de-la-metropole-de-lille","status":"publish","type":"post","link":"https:\/\/www.europesays.com\/fr\/527517\/","title":{"rendered":"Depuis 10 ans, Hello Music accompagne des artistes \u00e9mergents de la m\u00e9tropole de Lille"},"content":{"rendered":"<p>            Par<br \/>\n        <strong><br \/>\n            <a href=\"https:\/\/actu.fr\/auteur\/amandine-vachez\" title=\"Consulter tous les articles de Amandine Vachez\" rel=\"nofollow noopener\" target=\"_blank\">Amandine Vachez<\/a><br \/>\n        <\/strong><\/p>\n<p>        Publi\u00e9 le<\/p>\n<p>            11 nov. 2025 \u00e0 16h46        <\/p>\n<p>10 ans que le<b> dispositif Hello Music,<\/b> soutenu par la MEL, M\u00e9tropole europ\u00e9enne de Lille (Nord), \u0153uvre sur le territoire pour<b>\u00a0mettre en lumi\u00e8re des artistes \u00e9mergents. <\/b>Pour c\u00e9l\u00e9brer cette d\u00e9cennie, <b>un bel \u00e9v\u00e9nement a \u00e9t\u00e9 organis\u00e9 par l\u2019incubateur <\/b>\u00e0 <b>Roubaix <\/b>(Nord), \u00e0 <a href=\"https:\/\/caveauxpoetes.com\/archive\/hello-music-10-ans\/\" rel=\"nofollow noopener\" target=\"_blank\">la Cave aux po\u00e8tes le 1er octobre 2025<\/a>. \u00c0 l\u2019initiative de plusieurs salles de concert de la m\u00e9tropole lilloise, le dispositif qui a accompagn\u00e9 une quarantaine d\u2019artistes a bien \u00e9volu\u00e9. On vous raconte en quelques lignes cette belle histoire musicale.<\/p>\n<p>Plus de 40 projets musicaux suivis<\/p>\n<p class=\" wall-content\">Depuis 2015, <a href=\"https:\/\/www.hellomusic.org\/\" rel=\"nofollow noopener\" target=\"_blank\">Hello Music<\/a> accompagne plusieurs artistes de la sc\u00e8ne \u00e9mergente m\u00e9tropolitaine chaque ann\u00e9e. L\u2019incubateur a permis \u00e0 plus de 40 projets musicaux de franchir un cap professionnel et de rayonner en France et en Europe. Cette id\u00e9e est n\u00e9e sous l\u2019impulsion de trois salles de la m\u00e9tropole : <b>l\u2019A\u00e9ronef, la Cave aux po\u00e8tes et le Grand Mix<\/b>. Depuis 2021, la <b>B.I.C. (Brigade d\u2019intervention culturelle) <\/b>et l\u2019association<b> Dynamo<\/b> ont rejoint le navire.\u00a0<\/p>\n<p class=\" wall-content\">\u00ab\u00a0Chaque organisation artistique accompagne un projet\u00a0\u00bb, pr\u00e9sente Camille Bailleux, directrice de la Dynamo. Depuis l\u2019arriv\u00e9e des deux derniers partenaires, cinq musiciens ou groupes sont donc suivis chaque ann\u00e9e. Il s\u2019agit de leur proposer une r\u00e9sidence, avec un coaching sc\u00e9nique, une aide sur le travail de sons et lumi\u00e8res, sur la voix, ou encore la posture du corps sur sc\u00e8ne. Mais aussi de cr\u00e9er une v\u00e9ritable synergie, et de pousser les groupes au plus loin.<\/p>\n<p>Formation et export pour donner des cl\u00e9s de r\u00e9ussite<\/p>\n<p class=\" wall-content\">\u00ab\u00a0En plus de la r\u00e9sidence, on aide sur la partie formation\u00a0\u00bb, explique Camille Bailleux. Les groupes sont <b>familiaris\u00e9s avec l\u2019\u00e9cosyst\u00e8me des musiques actuelles<\/b>, rencontrent d\u2019autres professionnels et <b>se rencontrent<\/b>. \u00ab\u00a0On permet aussi aux groupes de participer \u00e0 des dates nationales, pour gagner en visibilit\u00e9.\u00a0\u00bb Les Bars en Trans de Rennes, par exemple (off des Trans Musicales) ou le <a href=\"https:\/\/mama-musicandconvention.com\/\" rel=\"nofollow noopener\" target=\"_blank\">MaMa Fest<\/a>, convention r\u00e9unissant des professionnels de la musique \u00e0 Paris.<\/p>\n<p class=\" wall-content\">\u00ab\u00a0Chaque accompagnement est adapt\u00e9 \u00e0 l\u2019artiste choisi\u00a0\u00bb, pr\u00e9cise notre interlocutrice. \u00ab\u00a0On va <b>apporter chacun nos comp\u00e9tences<\/b>.\u00a0\u00bb Les salles partenaires accueillent chez elles, la Dynamo et la B.I.C., qui n\u2019ont pas de lieu, s\u2019invitent dans diverses structures au gr\u00e9 des possibilit\u00e9s. De quoi proposer un accompagnement complet.\u00a0<\/p>\n<p>Cinq projets mis en valeur en 2025<\/p>\n<p class=\" wall-content\">Pour le concert des 10 ans, qui a affich\u00e9 complet, Yolande Bashing et Blue Katrice, artistes pass\u00e9s par Hello Music, ont assur\u00e9 une prestation. Hello Music en a profit\u00e9 pour pr\u00e9senter <b>les artistes suivis cette ann\u00e9e :<\/b><\/p>\n<ul class=\" wall-content\">\n<li><a href=\"https:\/\/actu.fr\/hauts-de-france\/lille_59350\/portrait-laissez-vous-emporter-par-le-seum-dansant-de-lartiste-lilloise-daphne-swan_63360859.html\" rel=\"nofollow noopener\" target=\"_blank\">Daphn\u00e9 Sw\u00e2n<\/a><\/li>\n<li><a href=\"https:\/\/actu.fr\/hauts-de-france\/lens_62498\/le-musicien-nordiste-mael-isaac-presente-son-nouvel-album-dans-une-serie-de-concerts_59805535.html\" rel=\"nofollow noopener\" target=\"_blank\">Ma\u00ebl Isaac\u00a0<\/a><\/li>\n<li>Forbon &amp; Adam Carpels\u00a0<\/li>\n<li>N\u00dbR<\/li>\n<li>Jaymee<\/li>\n<\/ul>\n<p>Votre r\u00e9gion, votre actu !<\/p>\n<p>Recevez chaque jour les infos qui comptent pour vous.<\/p>\n<p>\t<a href=\"https:\/\/actu.fr\/newsletter\" class=\"ac-btn ac-btn--corner ac-btn--medium ac-btn--blue800\" rel=\"nofollow noopener\" target=\"_blank\">S&rsquo;incrire<\/a><\/p>\n<p class=\" wall-content\">Rap, \u00e9lectro-pop, folk\u2026 Des univers singuliers et des projets prometteurs, s\u00e9lectionn\u00e9s avec soin par les partenaires d\u2019Hello Music. \u00ab\u00a0En tant que structure, on mutualise nos moyens, \u00e7a consolide aussi les liens.<b> On s\u00e9lectionne les groupes ensemble<\/b>, on travaille au service des groupes tout en apprenant \u00e0 se conna\u00eetre\u00a0\u00bb, t\u00e9moigne Camille Bailleux, fi\u00e8re de faire partie d\u2019une telle dynamique. Elle insiste sur la raret\u00e9 d\u2019un tel dispositif. \u00ab\u00a0On n\u2019en a pas connaissance, \u00e0 l\u2019\u00e9chelle d\u2019une m\u00e9tropole. \u00c7a prouve qu\u2019on a assez de groupes et d\u2019\u00e9quipements pour ne pas se marcher dessus.\u00a0\u00bb\u00a0<\/p>\n<p>Aller plus vite, se construire un r\u00e9seau<\/p>\n<p class=\" wall-content\">Pour les musiciens, ce dispositif offre un tremplin non n\u00e9gligeable. \u00ab\u00a0\u00c7a donne aux groupes<b> une vraie opportunit\u00e9 d\u2019aller plus vite, de se construire un r\u00e9seau<\/b>, de travailler avec des professionnels\u00a0\u00bb, appuie Camille Bailleux. Daphn\u00e9 Sw\u00e2n, suivie par la B.I.C., a par exemple pu b\u00e9n\u00e9ficier de quatre jours de r\u00e9sidence au M\u00e9taphone, \u00e0 Oignies. On l\u2019a coach\u00e9e pour la sc\u00e8ne, \u00ab\u00a0comment occuper l\u2019espace sur sc\u00e8ne, que ce soit pertinent pour chaque chanson, les lumi\u00e8res aussi\u00a0\u00bb, nous a-t-elle expliqu\u00e9. Des conseils techniques pr\u00e9cieux, \u00e0 l\u2019aube d\u2019une tourn\u00e9e qu\u2019elle lance en duo avec une autre musicienne.\u00a0<\/p>\n<p>Les \u00ab\u00a0petits\u00a0\u00bb artistes devenus grands<\/p>\n<p class=\" wall-content\">Hello Music accompagne des artistes sur une ann\u00e9e. Mais le dispositif ne s\u2019arr\u00eate pas l\u00e0 dans les faits. \u00ab\u00a0On ne l\u00e2che pas les groupes du jour au lendemain\u00a0\u00bb, explique Camille Bailleux. Certains sont <b>suivis, diff\u00e9remment<\/b>, dans un autre temps. Et les structures les voient surtout \u00e9voluer. Par exemple, <a href=\"https:\/\/legrandmix.com\/fr\/blue-katrice-1\" rel=\"nofollow noopener\" target=\"_blank\">Blue Katrice<\/a> (promo 2023) est programm\u00e9e par le Grand Mix au festival Haute Fr\u00e9quence soutenu par la R\u00e9gion. <a href=\"https:\/\/caveauxpoetes.com\/creation\/lydsten\/\" rel=\"nofollow noopener\" target=\"_blank\">Lydsten<\/a> (promo 2021)\u00a0a sign\u00e9 chez <a href=\"https:\/\/www.podium.agency\/artistes\/lysten\" rel=\"nofollow noopener\" target=\"_blank\">Podium<\/a> et encha\u00eene les dates. \u00ab\u00a0Il va faire la premi\u00e8re partie de la <a href=\"https:\/\/www.facebook.com\/afxbooking\/posts\/-lysten-sur-sc%C3%A8ne-cet-automne-premi%C3%A8re-partie-de-thylacine-et-show-solo-%C3%A0-la-mar\/1298678242240471\/\" rel=\"nofollow noopener\" target=\"_blank\">tourn\u00e9e europ\u00e9enne de Thylacine<\/a>\u00ab\u00a0, pr\u00e9cise Camille Bailleux. Yolande Bashing, Anaysa\u2026 Tant de noms qui poursuivent leur chemin et reviennent parfois des ann\u00e9es plus tard dans une toute autre mesure \u00ab\u00a0au bercail\u00a0\u00bb. Pour les partenaires, c\u2019est l\u2019occasion de voir scintiller l\u2019\u00e9toile qu\u2019ils ont d\u00e9cel\u00e9e, encore un peu plus fort.\u00a0<\/p>\n<p>Il n\u2019y a pas d\u2019appel \u00e0 candidatures pour \u00eatre suivi par Hello Music. Les groupes qui souhaitent tenter leur chance peuvent envoyer un mail \u00e0 cette adresse : <a href=\"http:\/\/actu.fr\/cdn-cgi\/l\/email-protection#03606c6d77626077436b666f6f6c6e76706a602d6c7164\" rel=\"nofollow noopener\" target=\"_blank\">[email\u00a0protected]<\/a>. Mais attention, le projet doit \u00eatre d\u00e9j\u00e0 bien abouti. Pour en savoir plus sur Hello Music et les groupes accompagn\u00e9s cette session, c\u2019est <a href=\"https:\/\/www.hellomusic.org\/\" rel=\"nofollow noopener\" target=\"_blank\">par ici<\/a>.<\/p>\n<p class=\" wall-content\">Personnalisez votre actualit\u00e9 en ajoutant vos villes et m\u00e9dias en favori avec <a href=\"https:\/\/moncompte.actu.fr\" title=\"D\u00e9couvez Mon Actu\" rel=\"nofollow noopener\" data-trk=\"{&quot;cta&quot;:{&quot;action&quot;:&quot;https:\\\/\\\/moncompte.actu.fr&quot;,&quot;category&quot;:&quot;mon compte&quot;,&quot;from&quot;:&quot;article footer&quot;,&quot;name&quot;:&quot;Mon actu&quot;,&quot;type&quot;:&quot;cta&quot;}}\" target=\"_blank\">Mon Actu<\/a>.<\/p>\n","protected":false},"excerpt":{"rendered":"Par Amandine Vachez Publi\u00e9 le 11 nov. 2025 \u00e0 16h46 10 ans que le dispositif Hello Music, soutenu&hellip;\n","protected":false},"author":2,"featured_media":527518,"comment_status":"","ping_status":"","sticky":false,"template":"","format":"standard","meta":{"footnotes":""},"categories":[2815],"tags":[1111,11,1697,1777,674,1011,27,811,1307,1652,873,12,25],"class_list":{"0":"post-527517","1":"post","2":"type-post","3":"status-publish","4":"format-standard","5":"has-post-thumbnail","7":"category-lille","8":"tag-actu","9":"tag-actualites","10":"tag-concert","11":"tag-eu","12":"tag-europe","13":"tag-fr","14":"tag-france","15":"tag-hauts-de-france","16":"tag-lille","17":"tag-loisirs-culture","18":"tag-musique","19":"tag-news","20":"tag-republique-francaise"},"share_on_mastodon":{"url":"https:\/\/pubeurope.com\/@fr\/115532086889016079","error":""},"_links":{"self":[{"href":"https:\/\/www.europesays.com\/fr\/wp-json\/wp\/v2\/posts\/527517","targetHints":{"allow":["GET"]}}],"collection":[{"href":"https:\/\/www.europesays.com\/fr\/wp-json\/wp\/v2\/posts"}],"about":[{"href":"https:\/\/www.europesays.com\/fr\/wp-json\/wp\/v2\/types\/post"}],"author":[{"embeddable":true,"href":"https:\/\/www.europesays.com\/fr\/wp-json\/wp\/v2\/users\/2"}],"replies":[{"embeddable":true,"href":"https:\/\/www.europesays.com\/fr\/wp-json\/wp\/v2\/comments?post=527517"}],"version-history":[{"count":0,"href":"https:\/\/www.europesays.com\/fr\/wp-json\/wp\/v2\/posts\/527517\/revisions"}],"wp:featuredmedia":[{"embeddable":true,"href":"https:\/\/www.europesays.com\/fr\/wp-json\/wp\/v2\/media\/527518"}],"wp:attachment":[{"href":"https:\/\/www.europesays.com\/fr\/wp-json\/wp\/v2\/media?parent=527517"}],"wp:term":[{"taxonomy":"category","embeddable":true,"href":"https:\/\/www.europesays.com\/fr\/wp-json\/wp\/v2\/categories?post=527517"},{"taxonomy":"post_tag","embeddable":true,"href":"https:\/\/www.europesays.com\/fr\/wp-json\/wp\/v2\/tags?post=527517"}],"curies":[{"name":"wp","href":"https:\/\/api.w.org\/{rel}","templated":true}]}}