{"id":527522,"date":"2025-11-11T16:50:12","date_gmt":"2025-11-11T16:50:12","guid":{"rendered":"https:\/\/www.europesays.com\/fr\/527522\/"},"modified":"2025-11-11T16:50:12","modified_gmt":"2025-11-11T16:50:12","slug":"rencontres-sur-la-plage-de-marseille","status":"publish","type":"post","link":"https:\/\/www.europesays.com\/fr\/527522\/","title":{"rendered":"rencontres sur la plage de Marseille"},"content":{"rendered":"\n<p>Sur la plage des Catalans, \u00e0 Marseille, toute question \u00e0 propos de la crise politique fran\u00e7aise d\u00e9clenche immanquablement un \u201cOh l\u00e0 l\u00e0\u201d. Accompagn\u00e9, en option, d\u2019un soupir, d\u2019un hochement de t\u00eate, parfois d\u2019un rire. Nous sommes vendredi soir, il est 17\u00a0heures, le Louvre n\u2019a pas encore \u00e9t\u00e9 cambriol\u00e9. L\u2019heure est \u00e0 l\u2019ap\u00e9ro sur cette bande de sable en permanence bond\u00e9e, \u00e0 deux pas du centre-ville. Sous les mouettes qui rient dans le ciel, on ouvre des sachets de chips, on cherche un tire-bouchon, on enfile son maillot pudiquement drap\u00e9 dans une serviette. De la route qui longe la c\u00f4te parviennent les vrombissements des scooters et des voitures prises dans les embouteillages.<\/p>\n<p>En France, nul ne peut ignorer que le pays est en crise. Quatorze heures apr\u00e8s sa prise de fonctions, le Premier ministre a annonc\u00e9 sa d\u00e9mission, pour <a href=\"https:\/\/www.courrierinternational.com\/article\/vu-de-l-etranger-lecornu-de-retour-a-matignon-un-kamikaze-pour-sauver-la-ve-republique_236138\" target=\"_blank\" rel=\"noopener\">pr\u00e9senter quelques jours plus tard son nouveau gouvernement<\/a>, nouveau gouvernement contre lequel deux motions de censure ont d\u00e9j\u00e0 \u00e9t\u00e9 d\u00e9pos\u00e9es [et rejet\u00e9es par l\u2019Assembl\u00e9e nationale le 16\u00a0octobre]. Quant au pr\u00e9sident, Emmanuel Macron, il dirige aujourd\u2019hui le [sixi\u00e8me] gouvernement de son [second] mandat et pr\u00e9tend toujours incarner la stabilit\u00e9 politique. Quel regard la population fran\u00e7aise pose-t-elle donc sur l\u2019ambiance cr\u00e9pusculaire du monde politique parisien<\/p>\n","protected":false},"excerpt":{"rendered":"Sur la plage des Catalans, \u00e0 Marseille, toute question \u00e0 propos de la crise politique fran\u00e7aise d\u00e9clenche immanquablement&hellip;\n","protected":false},"author":2,"featured_media":527523,"comment_status":"","ping_status":"","sticky":false,"template":"","format":"standard","meta":{"footnotes":""},"categories":[2814],"tags":[1111,11,1073,1777,674,1011,27,3821,884,12,316,882,25],"class_list":{"0":"post-527522","1":"post","2":"type-post","3":"status-publish","4":"format-standard","5":"has-post-thumbnail","7":"category-marseille","8":"tag-actu","9":"tag-actualites","10":"tag-emmanuel-macron","11":"tag-eu","12":"tag-europe","13":"tag-fr","14":"tag-france","15":"tag-la-france-vue-de-lu2019u00e9tranger","16":"tag-marseille","17":"tag-news","18":"tag-politique","19":"tag-provence-alpes-cote-dazur","20":"tag-republique-francaise"},"share_on_mastodon":{"url":"","error":""},"_links":{"self":[{"href":"https:\/\/www.europesays.com\/fr\/wp-json\/wp\/v2\/posts\/527522","targetHints":{"allow":["GET"]}}],"collection":[{"href":"https:\/\/www.europesays.com\/fr\/wp-json\/wp\/v2\/posts"}],"about":[{"href":"https:\/\/www.europesays.com\/fr\/wp-json\/wp\/v2\/types\/post"}],"author":[{"embeddable":true,"href":"https:\/\/www.europesays.com\/fr\/wp-json\/wp\/v2\/users\/2"}],"replies":[{"embeddable":true,"href":"https:\/\/www.europesays.com\/fr\/wp-json\/wp\/v2\/comments?post=527522"}],"version-history":[{"count":0,"href":"https:\/\/www.europesays.com\/fr\/wp-json\/wp\/v2\/posts\/527522\/revisions"}],"wp:featuredmedia":[{"embeddable":true,"href":"https:\/\/www.europesays.com\/fr\/wp-json\/wp\/v2\/media\/527523"}],"wp:attachment":[{"href":"https:\/\/www.europesays.com\/fr\/wp-json\/wp\/v2\/media?parent=527522"}],"wp:term":[{"taxonomy":"category","embeddable":true,"href":"https:\/\/www.europesays.com\/fr\/wp-json\/wp\/v2\/categories?post=527522"},{"taxonomy":"post_tag","embeddable":true,"href":"https:\/\/www.europesays.com\/fr\/wp-json\/wp\/v2\/tags?post=527522"}],"curies":[{"name":"wp","href":"https:\/\/api.w.org\/{rel}","templated":true}]}}