{"id":527524,"date":"2025-11-11T16:51:19","date_gmt":"2025-11-11T16:51:19","guid":{"rendered":"https:\/\/www.europesays.com\/fr\/527524\/"},"modified":"2025-11-11T16:51:19","modified_gmt":"2025-11-11T16:51:19","slug":"metropole-de-lyon-un-pieton-octogenaire-renverse-par-une-voiture-a-rillieux-la-pape","status":"publish","type":"post","link":"https:\/\/www.europesays.com\/fr\/527524\/","title":{"rendered":"M\u00e9tropole de Lyon. Un pi\u00e9ton octog\u00e9naire renvers\u00e9 par une voiture \u00e0 Rillieux-la-Pape"},"content":{"rendered":"<p>Un octog\u00e9naire a \u00e9t\u00e9 bless\u00e9 dans un accident de la circulation, ce mardi 11\u00a0novembre, peu avant 10 heures, avenue de l\u2019Europe, \u00e0 Rillieux-la-Pape, o\u00f9 il a \u00e9t\u00e9 percut\u00e9 par une voiture. L\u2019accident s\u2019est produit \u00e0 proximit\u00e9 du centre commercial des Alagniers, au niveau d\u2019un parking.<\/p>\n<p>Selon un t\u00e9moin, une automobiliste a percut\u00e9 le pi\u00e9ton, qui a \u00e9t\u00e9 projet\u00e9 \u00e0 plusieurs m\u00e8tres. S\u00e9rieusement bless\u00e9, il a \u00e9t\u00e9 pris en charge par les pompiers et le SAMU avant d\u2019\u00eatre transport\u00e9 \u00e0 l\u2019h\u00f4pital en urgence relative. Selon les premi\u00e8res informations, ses jours ne sont pas en danger.<\/p>\n<p>Ce contenu est bloqu\u00e9 car vous n&rsquo;avez pas accept\u00e9 les cookies et autres traceurs.<\/p>\n<p>En cliquant sur \u00ab J\u2019accepte \u00bb, les cookies et autres traceurs seront d\u00e9pos\u00e9s et vous pourrez visualiser les contenus  (<a href=\"\" class=\"consentModule_policy\" target=\"_blank\" title=\"Consulter la politique de protection des donn\u00e9es du fournisseur\">plus d&rsquo;informations<\/a>).<\/p>\n<p>En cliquant sur \u00ab J\u2019accepte tous les cookies \u00bb, vous autorisez des d\u00e9p\u00f4ts de cookies et autres traceurs pour le stockage de vos donn\u00e9es sur nos sites et applications \u00e0 des fins de personnalisation et de ciblage publicitaire.<\/p>\n<p class=\"consentModule_secondaryText\">Vous gardez la possibilit\u00e9 de retirer votre consentement \u00e0 tout moment en consultant notre <a href=\"https:\/\/www.leprogres.fr\/protection-des-donnees\" target=\"_blank\" title=\"Consulter notre politique de protection des donn\u00e9es\" rel=\"noopener\">politique de protection des donn\u00e9es<\/a>. <br \/>&#13;<br \/>\n            <a href=\"https:\/\/www.leprogres.fr\/faits-divers-justice\/2025\/11\/11\/javascript:Didomi.notice.show()\" class=\"consentModule_cmp\" target=\"_blank\" rel=\"noopener\">G\u00e9rer mes choix<\/a>&#13;\n        <\/p>\n<p>&#13;<br \/>\n                        J&rsquo;accepte&#13;<br \/>\n            J&rsquo;accepte tous les cookies&#13;\n        <\/p>\n<p>Une enqu\u00eate a \u00e9t\u00e9 ouverte pour d\u00e9terminer les circonstances de cet accident.<\/p>\n","protected":false},"excerpt":{"rendered":"Un octog\u00e9naire a \u00e9t\u00e9 bless\u00e9 dans un accident de la circulation, ce mardi 11\u00a0novembre, peu avant 10 heures,&hellip;\n","protected":false},"author":2,"featured_media":527525,"comment_status":"","ping_status":"","sticky":false,"template":"","format":"standard","meta":{"footnotes":""},"categories":[1889],"tags":[119,1111,11,646,2430,3153,1777,674,274,107,1011,27,2428,12,25,2429,23109,17092,104],"class_list":{"0":"post-527524","1":"post","2":"type-post","3":"status-publish","4":"format-standard","5":"has-post-thumbnail","7":"category-lyon","8":"tag-accident","9":"tag-actu","10":"tag-actualites","11":"tag-automobile","12":"tag-auvergne-rhone-alpes","13":"tag-edition-ouest-lyonnais","14":"tag-eu","15":"tag-europe","16":"tag-faits-divers-justice","17":"tag-fil-info","18":"tag-fr","19":"tag-france","20":"tag-lyon","21":"tag-news","22":"tag-republique-francaise","23":"tag-rhone","24":"tag-rillieux-bassin","25":"tag-rillieux-la-pape","26":"tag-societe"},"share_on_mastodon":{"url":"https:\/\/pubeurope.com\/@fr\/115532102629476320","error":""},"_links":{"self":[{"href":"https:\/\/www.europesays.com\/fr\/wp-json\/wp\/v2\/posts\/527524","targetHints":{"allow":["GET"]}}],"collection":[{"href":"https:\/\/www.europesays.com\/fr\/wp-json\/wp\/v2\/posts"}],"about":[{"href":"https:\/\/www.europesays.com\/fr\/wp-json\/wp\/v2\/types\/post"}],"author":[{"embeddable":true,"href":"https:\/\/www.europesays.com\/fr\/wp-json\/wp\/v2\/users\/2"}],"replies":[{"embeddable":true,"href":"https:\/\/www.europesays.com\/fr\/wp-json\/wp\/v2\/comments?post=527524"}],"version-history":[{"count":0,"href":"https:\/\/www.europesays.com\/fr\/wp-json\/wp\/v2\/posts\/527524\/revisions"}],"wp:featuredmedia":[{"embeddable":true,"href":"https:\/\/www.europesays.com\/fr\/wp-json\/wp\/v2\/media\/527525"}],"wp:attachment":[{"href":"https:\/\/www.europesays.com\/fr\/wp-json\/wp\/v2\/media?parent=527524"}],"wp:term":[{"taxonomy":"category","embeddable":true,"href":"https:\/\/www.europesays.com\/fr\/wp-json\/wp\/v2\/categories?post=527524"},{"taxonomy":"post_tag","embeddable":true,"href":"https:\/\/www.europesays.com\/fr\/wp-json\/wp\/v2\/tags?post=527524"}],"curies":[{"name":"wp","href":"https:\/\/api.w.org\/{rel}","templated":true}]}}