{"id":527528,"date":"2025-11-11T16:54:16","date_gmt":"2025-11-11T16:54:16","guid":{"rendered":"https:\/\/www.europesays.com\/fr\/527528\/"},"modified":"2025-11-11T16:54:16","modified_gmt":"2025-11-11T16:54:16","slug":"musees-centres-commerciaux-parcs-voici-ce-qui-est-ouvert-ou-ferme-a-paris-ce-11-novembre-2025","status":"publish","type":"post","link":"https:\/\/www.europesays.com\/fr\/527528\/","title":{"rendered":"Mus\u00e9es, centres commerciaux, parcs&#8230; voici ce qui est ouvert ou ferm\u00e9 \u00e0 Paris ce 11 novembre 2025"},"content":{"rendered":"<p>            Par<br \/>\n        <strong><br \/>\n            <a href=\"https:\/\/actu.fr\/auteur\/redaction-paris\" title=\"Consulter tous les articles de R\u00e9daction Paris\" target=\"_blank\" rel=\"noopener\">R\u00e9daction Paris<\/a><br \/>\n        <\/strong><\/p>\n<p>        Publi\u00e9 le<\/p>\n<p>            11 nov. 2025 \u00e0 6h04        <\/p>\n<p>Ce lundi 11\u00a0novembre 2024, la France comm\u00e9morera la fin de la <a href=\"https:\/\/actu.fr\/societe\/ce-site-historique-des-hauts-de-france-porte-encore-les-traces-de-la-premiere-guerre-mondiale_63413156.html\" target=\"_blank\" rel=\"noopener\">Premi\u00e8re Guerre mondiale<\/a>. Un <strong>jour f\u00e9ri\u00e9<\/strong> qui peut \u00eatre propice \u00e0 de multiples <a href=\"https:\/\/actu.fr\/paris\/loisirs-culture\" target=\"_blank\" rel=\"noopener\">activit\u00e9s<\/a> dans la capitale. Pour ne pas que vous vous retrouviez devant des portes closes, actu Paris a <strong>recens\u00e9<\/strong> les lieux ouverts dans la capitale.<\/p>\n<p>Mus\u00e9es et centre commerciaux ouverts, biblioth\u00e8ques ferm\u00e9es\u2026<\/p>\n<p class=\" wall-content\">De nombreux sites culturels accueilleront du public ce lundi \u00e0 l\u2019instar du <a href=\"https:\/\/actu.fr\/tag\/musee-du-louvre\" target=\"_blank\" rel=\"noopener\">Louvre<\/a>, du mus\u00e9e Carnavalet, le mus\u00e9e du Luxembourg, le mus\u00e9e du quai Branly ou encore la Cin\u00e9math\u00e8que\u2026 En revanche, la majorit\u00e9 de mus\u00e9es municipaux sera ouverte \u00e0 l\u2019exception des mus\u00e9es ferm\u00e9s pour montage d\u2019exposition (mus\u00e9e Zadkine) ou travaux (mus\u00e9e de la Vie romantique, Catacombes de Paris, Centre Pompidou). Le Petit Palais sera quant \u00e0 lui accessible uniquement \u00e0 partir de 14h en raison des comm\u00e9morations.<\/p>\n<p class=\" wall-content\">Les monuments comme la tour Eiffel, la Basilique du Sacr\u00e9-C\u0153ur, le Panth\u00e9on ou encore la Sainte Chapelle seront \u00e9galement eux ouverts, de m\u00eame que le parc zoologique de Paris, l\u2019aquarium de Paris ou encore le Jardin d\u2019acclimatation qui seront accessibles pour les sorties en famille.<\/p>\n<p class=\" wall-content\">Tous les centres commerciaux de Paris (Westfield Forum des Halles, BHV, Galeries Lafayette, Beaugrenelle\u2026) seront quant \u00e0 eux ouverts. Pour les pharmacies, nous vous invitons \u00e0 consulter le registre en ligne <a href=\"https:\/\/monpharmacien-idf.fr\/\" target=\"_blank\" rel=\"noopener\">Mon Pharmacien \u00cele-de-France<\/a>.<\/p>\n<p class=\" wall-content\">C\u00f4t\u00e9 loisirs, notez que toutes les biblioth\u00e8ques municipales seront ferm\u00e9es mais que les \u00e9quipements sportifs (piscines, court de tennis\u2026) et les parcs seront quant \u00e0 eux ouverts. \u00c0 noter que comme chaque jour f\u00e9ri\u00e9 \u00e0 Paris, le stationnement sera gratuit.<\/p>\n<p class=\" wall-content\">Personnalisez votre actualit\u00e9 en ajoutant vos villes et m\u00e9dias en favori avec <a href=\"https:\/\/moncompte.actu.fr\" title=\"D\u00e9couvez Mon Actu\" rel=\"nofollow noopener\" data-trk=\"{&quot;cta&quot;:{&quot;action&quot;:&quot;https:\\\/\\\/moncompte.actu.fr&quot;,&quot;category&quot;:&quot;mon compte&quot;,&quot;from&quot;:&quot;article footer&quot;,&quot;name&quot;:&quot;Mon actu&quot;,&quot;type&quot;:&quot;cta&quot;}}\" target=\"_blank\">Mon Actu<\/a>.<\/p>\n","protected":false},"excerpt":{"rendered":"Par R\u00e9daction Paris Publi\u00e9 le 11 nov. 2025 \u00e0 6h04 Ce lundi 11\u00a0novembre 2024, la France comm\u00e9morera la&hellip;\n","protected":false},"author":2,"featured_media":527529,"comment_status":"","ping_status":"","sticky":false,"template":"","format":"standard","meta":{"footnotes":""},"categories":[1592],"tags":[1111,11,215,130,33,1777,674,1011,27,662,39144,12,626,25],"class_list":{"0":"post-527528","1":"post","2":"type-post","3":"status-publish","4":"format-standard","5":"has-post-thumbnail","7":"category-ile-de-france","8":"tag-actu","9":"tag-actualites","10":"tag-commerce","11":"tag-consommation","12":"tag-economie","13":"tag-eu","14":"tag-europe","15":"tag-fr","16":"tag-france","17":"tag-ile-de-france","18":"tag-jours-feries","19":"tag-news","20":"tag-paris","21":"tag-republique-francaise"},"share_on_mastodon":{"url":"https:\/\/pubeurope.com\/@fr\/115532114548566314","error":""},"_links":{"self":[{"href":"https:\/\/www.europesays.com\/fr\/wp-json\/wp\/v2\/posts\/527528","targetHints":{"allow":["GET"]}}],"collection":[{"href":"https:\/\/www.europesays.com\/fr\/wp-json\/wp\/v2\/posts"}],"about":[{"href":"https:\/\/www.europesays.com\/fr\/wp-json\/wp\/v2\/types\/post"}],"author":[{"embeddable":true,"href":"https:\/\/www.europesays.com\/fr\/wp-json\/wp\/v2\/users\/2"}],"replies":[{"embeddable":true,"href":"https:\/\/www.europesays.com\/fr\/wp-json\/wp\/v2\/comments?post=527528"}],"version-history":[{"count":0,"href":"https:\/\/www.europesays.com\/fr\/wp-json\/wp\/v2\/posts\/527528\/revisions"}],"wp:featuredmedia":[{"embeddable":true,"href":"https:\/\/www.europesays.com\/fr\/wp-json\/wp\/v2\/media\/527529"}],"wp:attachment":[{"href":"https:\/\/www.europesays.com\/fr\/wp-json\/wp\/v2\/media?parent=527528"}],"wp:term":[{"taxonomy":"category","embeddable":true,"href":"https:\/\/www.europesays.com\/fr\/wp-json\/wp\/v2\/categories?post=527528"},{"taxonomy":"post_tag","embeddable":true,"href":"https:\/\/www.europesays.com\/fr\/wp-json\/wp\/v2\/tags?post=527528"}],"curies":[{"name":"wp","href":"https:\/\/api.w.org\/{rel}","templated":true}]}}