{"id":527532,"date":"2025-11-11T16:56:14","date_gmt":"2025-11-11T16:56:14","guid":{"rendered":"https:\/\/www.europesays.com\/fr\/527532\/"},"modified":"2025-11-11T16:56:14","modified_gmt":"2025-11-11T16:56:14","slug":"notre-dame-de-paris-un-concert-unique-avec-la-troupe-originale-pour-les-25-ans","status":"publish","type":"post","link":"https:\/\/www.europesays.com\/fr\/527532\/","title":{"rendered":"Notre-Dame de Paris : un concert unique avec la troupe originale pour les 25 ans"},"content":{"rendered":"<p><img alt=\"Marc Olivier HUARD COMEDIHA\" loading=\"lazy\" width=\"574\" height=\"322\" decoding=\"async\" data-nimg=\"1\" class=\"rounded-lg\" style=\"color:transparent\" src=\"https:\/\/www.europesays.com\/fr\/wp-content\/uploads\/2025\/11\/1f6833ff8a128bbcca262cf73b70c992.jpeg\"\/><\/p>\n<p>Marc Olivier HUARD COMEDIHA<\/p>\n<p class=\"mb-4 text-lg md:leading-8 break-words\">25 ans d\u00e9j\u00e0. 25 ans que le ph\u00e9nom\u00e8ne <a class=\"link \" href=\"https:\/\/www.chartsinfrance.net\/Garou\/news-132066.html\" rel=\"nofollow noopener\" target=\"_blank\" data-ylk=\"slk:&quot;Notre-Dame de Paris&quot;;elm:context_link;itc:0;sec:content-canvas\">\u00ab\u00a0Notre-Dame de Paris\u00a0\u00bb<\/a> a conquis la France puis le monde entier ! Si le spectacle se joue encore avec une nouvelle troupe de chanteurs, M6 s&rsquo;appr\u00eate \u00e0 cr\u00e9er l&rsquo;\u00e9v\u00e9nement avec <a class=\"link \" href=\"https:\/\/www.chartsinfrance.net\/Notre-Dame-de-Paris\/news-133564.html\" rel=\"nofollow noopener\" target=\"_blank\" data-ylk=\"slk:le concert sp\u00e9cial &quot;Notre-Dame de Paris : Les Grandes Retrouvailles, 25 ans apr\u00e8s&quot;;elm:context_link;itc:0;sec:content-canvas\">le concert sp\u00e9cial \u00ab\u00a0Notre-Dame de Paris : Les Grandes Retrouvailles, 25 ans apr\u00e8s\u00a0\u00bb<\/a>. C&rsquo;est le samedi 29 novembre \u00e0 21h10 que les t\u00e9l\u00e9spectateurs pourront se replonger dans la magie des chansons de la com\u00e9die musicale culte de Luc Plamondon et Richard Cocciante, inspir\u00e9e de l&rsquo;oeuvre de Victor Hugo. Lors de cette soir\u00e9e pas comme les autres, l&rsquo;int\u00e9gralit\u00e9 du casting original de \u00ab\u00a0Notre-Dame de Paris\u00a0\u00bb se r\u00e9unira sur sc\u00e8ne pour la premi\u00e8re fois depuis plus de 20 ans. <\/p>\n<p class=\"mb-4 text-lg md:leading-8 break-words\">Le player Dailymotion est en train de se charger&#8230;<\/p>\n<p>Une premi\u00e8re !<\/p>\n<p class=\"mb-4 text-lg md:leading-8 break-words\">Ainsi, Patrick Fiori, H\u00e9l\u00e8ne S\u00e9gara, Garou, Daniel Lavoie, Julie Zenatti ou Bruno Pelletier retrouveront leurs personnages de Phoebus, Esmeralda, Quasimodo, Frollo, Fleur de Lys et Gringoire devant plus de 5.000 spectateurs dans le cadre de ce concert enregistr\u00e9 au festival SuperFrancoF\u00eate \u00e0 l&rsquo;Agora du Qu\u00e9bec l&rsquo;\u00e9t\u00e9 dernier. \u00ab Dans une mise en sc\u00e8ne spectaculaire et sous une Notre-Dame de Paris magistrale en r\u00e9alit\u00e9 virtuelle \u00bb, les artistes revisiteront en live les titres embl\u00e9matiques de la com\u00e9die musicale ayant rassembl\u00e9 plus de 15 millions de spectateurs dans 20 pays : <a class=\"link \" href=\"https:\/\/www.chartsinfrance.net\/actualite\/news-121676.html\" rel=\"nofollow noopener\" target=\"_blank\" data-ylk=\"slk:&quot;Belle&quot;;elm:context_link;itc:0;sec:content-canvas\">\u00ab\u00a0Belle\u00a0\u00bb<\/a>, \u00ab\u00a0Le temps des cath\u00e9drales\u00a0\u00bb, \u00ab\u00a0Vivre\u00a0\u00bb, \u00ab\u00a0D\u00e9chir\u00e9\u00a0\u00bb, \u00ab\u00a0Danse mon Esmeralda\u00a0\u00bb&#8230; <\/p>\n<p class=\"mb-4 text-lg md:leading-8 break-words\">Pour l&rsquo;occasion, la troupe d&rsquo;origine partagera \u00e9galement la sc\u00e8ne avec celles et ceux qui font revivre le show \u00ab\u00a0Notre-Dame de Paris\u00a0\u00bb actuellement, comme Damien Sargue, Angelo Del Vecchio, Gian Marco Schiaretti et Jay (Poetic Lovers). Le tout sous le regard \u00e9mu de Richard Cocciante et Luc Plamondon. Entre les chansons, Patrick Fiori, H\u00e9l\u00e8ne S\u00e9gara ou Garou partageront leurs plus beaux souvenirs et anecdotes de cette aventure devenue culte. Une soir\u00e9e immanquable pour les nostalgiques !<\/p>\n<p class=\"mb-4 text-lg md:leading-8 break-words\"><a href=\"https:\/\/www.chartsinfrance.net\/Notre-Dame-de-Paris\/news-134352.html\" rel=\"nofollow noopener\" target=\"_blank\" data-ylk=\"slk:Article original sur Pure Charts;elm:context_link;itc:0;sec:content-canvas\" class=\"link \">Article original sur Pure Charts<\/a><\/p>\n","protected":false},"excerpt":{"rendered":"Marc Olivier HUARD COMEDIHA 25 ans d\u00e9j\u00e0. 25 ans que le ph\u00e9nom\u00e8ne \u00ab\u00a0Notre-Dame de Paris\u00a0\u00bb a conquis la&hellip;\n","protected":false},"author":2,"featured_media":527533,"comment_status":"","ping_status":"","sticky":false,"template":"","format":"standard","meta":{"footnotes":""},"categories":[1888],"tags":[1111,1928,11,1927,1764,64678,11722,64677,1777,674,64676,1011,27,38075,9950,64675,12,1926,626,1925,9644,25,64674],"class_list":{"0":"post-527532","1":"post","2":"type-post","3":"status-publish","4":"format-standard","5":"has-post-thumbnail","7":"category-paris","8":"tag-actu","9":"tag-actu-paris","10":"tag-actualites","11":"tag-actualites-paris","12":"tag-ans","13":"tag-bruno-pelletier","14":"tag-comedie-musicale","15":"tag-daniel-lavoie","16":"tag-eu","17":"tag-europe","18":"tag-fleur-de-lys","19":"tag-fr","20":"tag-france","21":"tag-helene-segara","22":"tag-julie-zenatti","23":"tag-luc-plamondon","24":"tag-news","25":"tag-news-paris","26":"tag-paris","27":"tag-paris-news","28":"tag-patrick-fiori","29":"tag-republique-francaise","30":"tag-richard-cocciante"},"share_on_mastodon":{"url":"https:\/\/pubeurope.com\/@fr\/115532122415934252","error":""},"_links":{"self":[{"href":"https:\/\/www.europesays.com\/fr\/wp-json\/wp\/v2\/posts\/527532","targetHints":{"allow":["GET"]}}],"collection":[{"href":"https:\/\/www.europesays.com\/fr\/wp-json\/wp\/v2\/posts"}],"about":[{"href":"https:\/\/www.europesays.com\/fr\/wp-json\/wp\/v2\/types\/post"}],"author":[{"embeddable":true,"href":"https:\/\/www.europesays.com\/fr\/wp-json\/wp\/v2\/users\/2"}],"replies":[{"embeddable":true,"href":"https:\/\/www.europesays.com\/fr\/wp-json\/wp\/v2\/comments?post=527532"}],"version-history":[{"count":0,"href":"https:\/\/www.europesays.com\/fr\/wp-json\/wp\/v2\/posts\/527532\/revisions"}],"wp:featuredmedia":[{"embeddable":true,"href":"https:\/\/www.europesays.com\/fr\/wp-json\/wp\/v2\/media\/527533"}],"wp:attachment":[{"href":"https:\/\/www.europesays.com\/fr\/wp-json\/wp\/v2\/media?parent=527532"}],"wp:term":[{"taxonomy":"category","embeddable":true,"href":"https:\/\/www.europesays.com\/fr\/wp-json\/wp\/v2\/categories?post=527532"},{"taxonomy":"post_tag","embeddable":true,"href":"https:\/\/www.europesays.com\/fr\/wp-json\/wp\/v2\/tags?post=527532"}],"curies":[{"name":"wp","href":"https:\/\/api.w.org\/{rel}","templated":true}]}}