{"id":527537,"date":"2025-11-11T16:59:17","date_gmt":"2025-11-11T16:59:17","guid":{"rendered":"https:\/\/www.europesays.com\/fr\/527537\/"},"modified":"2025-11-11T16:59:17","modified_gmt":"2025-11-11T16:59:17","slug":"russie-une-artiste-de-rue-de-18-ans-condamnee-pour-la-troisieme-fois-a-de-la-prison-actualites","status":"publish","type":"post","link":"https:\/\/www.europesays.com\/fr\/527537\/","title":{"rendered":"Russie: une artiste de rue de 18 ans condamn\u00e9e pour la troisi\u00e8me fois \u00e0 de la prison : Actualit\u00e9s"},"content":{"rendered":"<p class=\"lead \">Un tribunal de Saint-P\u00e9tersbourg a envoy\u00e9 mardi en prison pour la troisi\u00e8me fois de suite une jeune Russe qui interpr\u00e9tait des chansons pacifistes dans les rues de la ville, une peine prononc\u00e9e dans un contexte de r\u00e9pression de toute critique envers le conflit en Ukraine.<\/p>\n<p class=\"lead \">Les autorit\u00e9s russes ont adopt\u00e9 un arsenal l\u00e9gislatif permettant de museler les voix critiquant l&rsquo;offensive \u00e0 grande \u00e9chelle contre l&rsquo;Ukraine lanc\u00e9e en f\u00e9vrier 2022, y compris pour de simples d\u00e9clarations faites en priv\u00e9 ou des messages sur internet.<\/p>\n<p class=\"lead \">Diana Loguinova, 18 ans, a adopt\u00e9 Naoko comme nom de sc\u00e8ne. Elle avait \u00e9t\u00e9 interpell\u00e9e le 15 octobre avec deux membres de son groupe, StopTime, pour avoir chant\u00e9 lors d&rsquo;une performance de rue des morceaux de musiciens russes oppos\u00e9s \u00e0 la politique du Kremlin.<\/p>\n<p class=\"lead \">La peine de 13 jours de prison prononc\u00e9e mardi est la troisi\u00e8me de suite que doit purger la jeune femme. <\/p>\n<p class=\"lead \">Elle est prise dans ce que les d\u00e9fenseurs des droits humains surnomment \u00ab\u00a0le carrousel\u00a0\u00bb, c&rsquo;est-\u00e0-dire la condamnation \u00e0 plusieurs courtes peines de prison d&rsquo;affil\u00e9e, une pratique destin\u00e9e \u00e0 effrayer et d\u00e9courager les militants.<\/p>\n<p class=\"lead \">Diana Loguinova avait \u00e9t\u00e9 emprisonn\u00e9e une premi\u00e8re fois pour \u00ab\u00a0troubles \u00e0 l&rsquo;ordre public\u00a0\u00bb, puis renvoy\u00e9e devant le tribunal imm\u00e9diatement \u00e0 sa sortie et de nouveau en prison pour \u00ab\u00a0discr\u00e9dit\u00a0\u00bb de l&rsquo;arm\u00e9e russe.<\/p>\n<p class=\"lead \">Elle a \u00e9t\u00e9 condamn\u00e9e une troisi\u00e8me fois mardi pour avoir organis\u00e9 un \u00ab\u00a0rassemblement de masse\u00a0\u00bb sans y \u00eatre autoris\u00e9e, d&rsquo;apr\u00e8s une correspondante de l&rsquo;AFP pr\u00e9sente \u00e0 l&rsquo;audience.<\/p>\n<p class=\"lead \">Son fianc\u00e9, qui est aussi guitariste du groupe, Alexandre Orlov, a \u00e9cop\u00e9 de la m\u00eame s\u00e9rie de condamnations.<\/p>\n<p class=\"lead \">Il a \u00e9cout\u00e9 sa sentence assis dans le tribunal entre son avocate et un policier au visage masqu\u00e9.<\/p>\n<p class=\"lead \">L&rsquo;arrestation des membres du groupe a cr\u00e9\u00e9 une vague de solidarit\u00e9 sur TikTok et chez les musiciens de rue russes, pris eux aussi dans les mailles de la r\u00e9pression.<\/p>\n<p class=\"lead \">Lundi, plusieurs m\u00e9dias ind\u00e9pendants ont fait part de la condamnation dans la ville de Perm, \u00e0 environ 1.500 kilom\u00e8tres de Saint-P\u00e9tersbourg, de I\u00e9kat\u00e9rina Romanova, une chanteuse de vingt ans.<\/p>\n<p class=\"lead \">\u00c9galement connue sous le nom de I\u00e9kat\u00e9rina Ostacheva, la jeune femme a \u00e9t\u00e9 condamn\u00e9e \u00e0 15 jours de prison apr\u00e8s une performance en soutien \u00e0 Diana Loguinova. <\/p>\n<p class=\"lead \">Elle avait d\u00e9j\u00e0 \u00e9t\u00e9 condamn\u00e9e d\u00e9but novembre \u00e0 sept jours de prison.<\/p>\n<p class=\"lead \">Des milliers de personnes ont \u00e9t\u00e9 arr\u00eat\u00e9es dans le cadre de la r\u00e9pression de toute critique envers l&rsquo;offensive russe en Ukraine, certains \u00e9copant de lourdes peines de prison.<\/p>\n<p class=\"small font-weight-bold text-gray3 \"> publi\u00e9 le 11 novembre \u00e0 17h52, AFP<\/p>\n<p>                             Partager<\/p>\n","protected":false},"excerpt":{"rendered":"Un tribunal de Saint-P\u00e9tersbourg a envoy\u00e9 mardi en prison pour la troisi\u00e8me fois de suite une jeune Russe&hellip;\n","protected":false},"author":2,"featured_media":527538,"comment_status":"","ping_status":"","sticky":false,"template":"","format":"standard","meta":{"footnotes":""},"categories":[1591],"tags":[11,2120,1887,873,12,1885,1886,132,3693],"class_list":{"0":"post-527537","1":"post","2":"type-post","3":"status-publish","4":"format-standard","5":"has-post-thumbnail","7":"category-russie","8":"tag-actualites","9":"tag-conflit","10":"tag-federation-de-russie","11":"tag-musique","12":"tag-news","13":"tag-russia","14":"tag-russian-federation","15":"tag-russie","16":"tag-tribunal"},"share_on_mastodon":{"url":"https:\/\/pubeurope.com\/@fr\/115532134174672250","error":""},"_links":{"self":[{"href":"https:\/\/www.europesays.com\/fr\/wp-json\/wp\/v2\/posts\/527537","targetHints":{"allow":["GET"]}}],"collection":[{"href":"https:\/\/www.europesays.com\/fr\/wp-json\/wp\/v2\/posts"}],"about":[{"href":"https:\/\/www.europesays.com\/fr\/wp-json\/wp\/v2\/types\/post"}],"author":[{"embeddable":true,"href":"https:\/\/www.europesays.com\/fr\/wp-json\/wp\/v2\/users\/2"}],"replies":[{"embeddable":true,"href":"https:\/\/www.europesays.com\/fr\/wp-json\/wp\/v2\/comments?post=527537"}],"version-history":[{"count":0,"href":"https:\/\/www.europesays.com\/fr\/wp-json\/wp\/v2\/posts\/527537\/revisions"}],"wp:featuredmedia":[{"embeddable":true,"href":"https:\/\/www.europesays.com\/fr\/wp-json\/wp\/v2\/media\/527538"}],"wp:attachment":[{"href":"https:\/\/www.europesays.com\/fr\/wp-json\/wp\/v2\/media?parent=527537"}],"wp:term":[{"taxonomy":"category","embeddable":true,"href":"https:\/\/www.europesays.com\/fr\/wp-json\/wp\/v2\/categories?post=527537"},{"taxonomy":"post_tag","embeddable":true,"href":"https:\/\/www.europesays.com\/fr\/wp-json\/wp\/v2\/tags?post=527537"}],"curies":[{"name":"wp","href":"https:\/\/api.w.org\/{rel}","templated":true}]}}