{"id":527545,"date":"2025-11-11T17:03:16","date_gmt":"2025-11-11T17:03:16","guid":{"rendered":"https:\/\/www.europesays.com\/fr\/527545\/"},"modified":"2025-11-11T17:03:16","modified_gmt":"2025-11-11T17:03:16","slug":"allemagne-accusee-despionnage-lextreme-droite-allemande-est-embarrassee","status":"publish","type":"post","link":"https:\/\/www.europesays.com\/fr\/527545\/","title":{"rendered":"Allemagne. Accus\u00e9e d&rsquo;espionnage, l&rsquo;extr\u00eame droite allemande est embarrass\u00e9e"},"content":{"rendered":"<p class=\"paragraph-1-base\">\u00ab\u00a0Pour \u00eatre tout \u00e0 fait claire, je ne comprends pas ce qu&rsquo;on est cens\u00e9 faire l\u00e0-bas\u00a0\u00bb, a d\u00e9clar\u00e9 lors d&rsquo;un point-presse au Bundestag Alice Weidel, fustigeant une d\u00e9cision du \u00ab\u00a0groupe de travail sur les affaires \u00e9trang\u00e8res\u00a0\u00bb de son propre groupe parlementaire. Des deux d\u00e9put\u00e9s initialement pr\u00e9vus, \u00ab\u00a0un seul\u00a0\u00bb, Steffen Kotr\u00e9, \u00ab\u00a0se rendra \u00e0 Sotchi\u00a0\u00bb, a-t-elle annonc\u00e9.<\/p>\n<p class=\"paragraph-1-base\">\u00ab\u00a0Personnellement, je ne me rendrais pas l\u00e0-bas. Je ne le recommande \u00e0 personne non plus, car je ne sais pas quel sera le r\u00e9sultat final. C&rsquo;est pourquoi il n&rsquo;y a plus qu&rsquo;une seule personne qui y va\u00a0\u00bb, a-t-elle encore dit. <\/p>\n<p>Proc\u00e9dures \u00e0 r\u00e9examiner<\/p>\n<p class=\"paragraph-1-base\">Interrog\u00e9e sur l&rsquo;interdiction faite aux repr\u00e9sentants de l&rsquo;AfD de rencontrer l&rsquo;ancien pr\u00e9sident russe Dmitri Medvedev &#8211; actuel vice-pr\u00e9sident du Conseil de s\u00e9curit\u00e9 de son pays -, Mme Weidel s&rsquo;est dite \u00ab\u00a0heureuse\u00a0\u00bb que le m\u00eame groupe de travail ait \u00ab\u00a0r\u00e9examin\u00e9 la question\u00a0\u00bb. M. Medevedev tient des discours particuli\u00e8rement agressifs et virulents \u00e0 l&rsquo;\u00e9gard de l&rsquo;Ukraine et de l&rsquo;Occident.<\/p>\n<p class=\"paragraph-1-base\">L&rsquo;AfD devrait prochainement r\u00e9examiner ses proc\u00e9dures d&rsquo;autorisation des voyages de ses repr\u00e9sentants \u00e0 l&rsquo;\u00e9tranger, a affirm\u00e9 Mme Weidel: \u00ab\u00a0nous ne pouvons pas continuer ainsi\u00a0\u00bb.<\/p>\n<p class=\"paragraph-1-base\">Cet pol\u00e9mique intervient alors que, ces derni\u00e8res semaines, les parlementaires d&rsquo;autres partis avaient accus\u00e9 l&rsquo;AfD de se servir de son droit de questions parlementaires, au niveau r\u00e9gional et national, pour r\u00e9colter des informations sensibles afin de les transmettre \u00e0 Moscou, des all\u00e9gations que le parti rejette.<\/p>\n<p class=\"paragraph-1-base\">Apr\u00e8s une deuxi\u00e8me place historique d\u00e9croch\u00e9e aux l\u00e9gislatives de f\u00e9vrier, l&rsquo;AfD est au coude-\u00e0-coude dans des sondages avec les conservateurs du chancelier Friedrich Merz, voire les devance.<\/p>\n<p class=\"paragraph-1-base after:text-primary after:heading-2-xl after:relative after:top-[2px] after:pl-1 after:!leading-[18px] after:text-primary-300 after:content-[&quot;\u00bb&quot;] dark:after:text-primary-300\">La Russie est accus\u00e9e, malgr\u00e9 ses d\u00e9n\u00e9gations, d&rsquo;une vaste campagne d&rsquo;espionnage, de d\u00e9sinformation et de sabotage en Allemagne, premier soutien militaire de l&rsquo;Ukraine en Europe, comme ailleurs sur le continent.<\/p>\n","protected":false},"excerpt":{"rendered":"\u00ab\u00a0Pour \u00eatre tout \u00e0 fait claire, je ne comprends pas ce qu&rsquo;on est cens\u00e9 faire l\u00e0-bas\u00a0\u00bb, a d\u00e9clar\u00e9&hellip;\n","protected":false},"author":2,"featured_media":527546,"comment_status":"","ping_status":"","sticky":false,"template":"","format":"standard","meta":{"footnotes":""},"categories":[1587],"tags":[11,672,1804,6211,1805,1803,1777,674,1119,1801,500,12,1062,1802,132,656,220,586],"class_list":{"0":"post-527545","1":"post","2":"type-post","3":"status-publish","4":"format-standard","5":"has-post-thumbnail","7":"category-allemagne","8":"tag-actualites","9":"tag-allemagne","10":"tag-bundesrepublik-deutschland","11":"tag-conference","12":"tag-de","13":"tag-deutschland","14":"tag-eu","15":"tag-europe","16":"tag-formation","17":"tag-germany","18":"tag-medias","19":"tag-news","20":"tag-polemique","21":"tag-republique-federale-dallemagne","22":"tag-russie","23":"tag-securite","24":"tag-ukraine","25":"tag-voyage"},"share_on_mastodon":{"url":"https:\/\/pubeurope.com\/@fr\/115532149874275525","error":""},"_links":{"self":[{"href":"https:\/\/www.europesays.com\/fr\/wp-json\/wp\/v2\/posts\/527545","targetHints":{"allow":["GET"]}}],"collection":[{"href":"https:\/\/www.europesays.com\/fr\/wp-json\/wp\/v2\/posts"}],"about":[{"href":"https:\/\/www.europesays.com\/fr\/wp-json\/wp\/v2\/types\/post"}],"author":[{"embeddable":true,"href":"https:\/\/www.europesays.com\/fr\/wp-json\/wp\/v2\/users\/2"}],"replies":[{"embeddable":true,"href":"https:\/\/www.europesays.com\/fr\/wp-json\/wp\/v2\/comments?post=527545"}],"version-history":[{"count":0,"href":"https:\/\/www.europesays.com\/fr\/wp-json\/wp\/v2\/posts\/527545\/revisions"}],"wp:featuredmedia":[{"embeddable":true,"href":"https:\/\/www.europesays.com\/fr\/wp-json\/wp\/v2\/media\/527546"}],"wp:attachment":[{"href":"https:\/\/www.europesays.com\/fr\/wp-json\/wp\/v2\/media?parent=527545"}],"wp:term":[{"taxonomy":"category","embeddable":true,"href":"https:\/\/www.europesays.com\/fr\/wp-json\/wp\/v2\/categories?post=527545"},{"taxonomy":"post_tag","embeddable":true,"href":"https:\/\/www.europesays.com\/fr\/wp-json\/wp\/v2\/tags?post=527545"}],"curies":[{"name":"wp","href":"https:\/\/api.w.org\/{rel}","templated":true}]}}