{"id":527559,"date":"2025-11-11T17:16:16","date_gmt":"2025-11-11T17:16:16","guid":{"rendered":"https:\/\/www.europesays.com\/fr\/527559\/"},"modified":"2025-11-11T17:16:16","modified_gmt":"2025-11-11T17:16:16","slug":"le-vice-champion-deurope-u19-chez-ef-education-aevolo-actualite","status":"publish","type":"post","link":"https:\/\/www.europesays.com\/fr\/527559\/","title":{"rendered":"Le vice-Champion d\u2019Europe U19 chez EF Education-Aevolo &#8211; Actualit\u00e9"},"content":{"rendered":"<p style=\"text-align: justify;\">La Continentale EF Education-Aevolo annonce l\u2019arriv\u00e9e de Roberto Capello pour la saison 2026. L\u2019Italien de 18 ans \u00e9voluait cette\u00a0ann\u00e9e au sein du Team Grenke Auto Eder, l\u2019\u00e9quipe U19 de la Red Bull-BORA-Hansgrohe.<\/p>\n<p>Robert Capello a remport\u00e9 cette ann\u00e9e le Championnat d\u2019Italie du contre-la-montre Juniors, une \u00e9tape et le g\u00e9n\u00e9ral des Journ\u00e9es internationales du cyclisme \u00e0 Podh\u00e1jska, manche de la Coupe des Nations, une \u00e9tape d\u2019Aubel-Thimister-Stavelot et le Troph\u00e9e Guido Dorigo.<\/p>\n<p>En octobre dernier, <strong><a href=\"https:\/\/www.directvelo.com\/actualite\/124429\/championnat-deurope-juniors-hommes-les-reactions\" target=\"_blank\" rel=\"noopener\">il a pris la 2e place du Championnat d&rsquo;Europe U19<\/a><\/strong>, devanc\u00e9 par son habituel co\u00e9quipier Karl Herzog.<\/p>\n<p>Il s\u2019est aussi class\u00e9 3e de la Course de la Paix Juniors, du Grand Prix du G\u00e9n\u00e9ral Patton et de la Classique des Alpes, 6e du Championnat du Monde du contre-la-montre, du Grand Prix de Boh\u00e8me Occidentale ou encore 11e du Tour de la Lunigiana.<\/p>\n<p>Retrouvez\u00a0tous les transferts de l&rsquo;intersaison\u00a0<a href=\"https:\/\/www.directvelo.com\/mutations\/2026#amateur-not_dn\" target=\"_blank\" rel=\"noopener\"><strong>en cliquant ici<\/strong><\/a>.<\/p>\n","protected":false},"excerpt":{"rendered":"La Continentale EF Education-Aevolo annonce l\u2019arriv\u00e9e de Roberto Capello pour la saison 2026. L\u2019Italien de 18 ans \u00e9voluait&hellip;\n","protected":false},"author":2,"featured_media":527560,"comment_status":"","ping_status":"","sticky":false,"template":"","format":"standard","meta":{"footnotes":""},"categories":[1411],"tags":[834,828,836,829,837,827,83,826,824,823,1154,207,814,817,815,816,822,821,832,211,839,1011,27,820,818,819,835,831,830,833,838,60,212,208,825],"class_list":{"0":"post-527559","1":"post","2":"type-post","3":"status-publish","4":"format-standard","5":"has-post-thumbnail","7":"category-cyclisme","8":"tag-attaque","9":"tag-belgique","10":"tag-braquet","11":"tag-bretagne","12":"tag-chute","13":"tag-competition","14":"tag-coupe-de-france","15":"tag-coureur","16":"tag-course-cyclisme","17":"tag-course-cycliste","18":"tag-cycling","19":"tag-cyclisme","20":"tag-direct","21":"tag-direct-velo","22":"tag-directvelo","23":"tag-directvelo-com","24":"tag-epreuve","25":"tag-epreuve-cycliste","26":"tag-federation-francaise-de-cyclisme","27":"tag-ffc","28":"tag-flandres","29":"tag-fr","30":"tag-france","31":"tag-live","32":"tag-live-course","33":"tag-live-epreuve","34":"tag-peloton","35":"tag-radio-peloton","36":"tag-radio-tour","37":"tag-ravitaillement","38":"tag-relance","39":"tag-sports","40":"tag-uci","41":"tag-velo","42":"tag-velos"},"share_on_mastodon":{"url":"https:\/\/pubeurope.com\/@fr\/115532201000297117","error":""},"_links":{"self":[{"href":"https:\/\/www.europesays.com\/fr\/wp-json\/wp\/v2\/posts\/527559","targetHints":{"allow":["GET"]}}],"collection":[{"href":"https:\/\/www.europesays.com\/fr\/wp-json\/wp\/v2\/posts"}],"about":[{"href":"https:\/\/www.europesays.com\/fr\/wp-json\/wp\/v2\/types\/post"}],"author":[{"embeddable":true,"href":"https:\/\/www.europesays.com\/fr\/wp-json\/wp\/v2\/users\/2"}],"replies":[{"embeddable":true,"href":"https:\/\/www.europesays.com\/fr\/wp-json\/wp\/v2\/comments?post=527559"}],"version-history":[{"count":0,"href":"https:\/\/www.europesays.com\/fr\/wp-json\/wp\/v2\/posts\/527559\/revisions"}],"wp:featuredmedia":[{"embeddable":true,"href":"https:\/\/www.europesays.com\/fr\/wp-json\/wp\/v2\/media\/527560"}],"wp:attachment":[{"href":"https:\/\/www.europesays.com\/fr\/wp-json\/wp\/v2\/media?parent=527559"}],"wp:term":[{"taxonomy":"category","embeddable":true,"href":"https:\/\/www.europesays.com\/fr\/wp-json\/wp\/v2\/categories?post=527559"},{"taxonomy":"post_tag","embeddable":true,"href":"https:\/\/www.europesays.com\/fr\/wp-json\/wp\/v2\/tags?post=527559"}],"curies":[{"name":"wp","href":"https:\/\/api.w.org\/{rel}","templated":true}]}}