{"id":527561,"date":"2025-11-11T17:17:16","date_gmt":"2025-11-11T17:17:16","guid":{"rendered":"https:\/\/www.europesays.com\/fr\/527561\/"},"modified":"2025-11-11T17:17:16","modified_gmt":"2025-11-11T17:17:16","slug":"a-quand-un-retour-dorel-mangala","status":"publish","type":"post","link":"https:\/\/www.europesays.com\/fr\/527561\/","title":{"rendered":"\u00e0 quand un retour d\u2019Orel Mangala ?"},"content":{"rendered":"<p>                            <img width=\"770\" height=\"433\" src=\"https:\/\/www.europesays.com\/fr\/wp-content\/uploads\/2025\/11\/IMG_2924-770x433.jpg\" class=\"attachment-article size-article wp-post-image\" alt=\"Orel Mangala \u00e0 l'entra\u00eenement de l'OL\" decoding=\"async\" fetchpriority=\"high\"  \/><\/p>\n<p>Orel Mangala \u00e0 l\u2019entra\u00eenement de l\u2019OL (cr\u00e9dit : David Hernandez)<\/p>\n<p>Victime d\u2019une rupture du ligament crois\u00e9 en f\u00e9vrier dernier, Orel Mangala n\u2019est toujours pas revenu \u00e0 la comp\u00e9tition. Le milieu belge a connu du retard dans sa r\u00e9\u00e9ducation \u00e0 l\u2019OL.<\/p>\n<p>Ils n\u2019\u00e9taient pas nombreux \u00e0 l\u2019entra\u00eenement ce mardi matin pour la reprise. Dans cette tr\u00eave internationale, dix joueurs ont mis les voiles, tandis que d\u2019autres doivent observer du repos pour soigner des p\u00e9pins physiques comme Pavel\u00a0<strong><a href=\"https:\/\/www.olympique-et-lyonnais.com\/ol-psg-sulc-forfait-des-gros-doutes-sur-tolisso,384342.html\" rel=\"nofollow noopener\" target=\"_blank\">Sulc<\/a><\/strong>. Orel\u00a0<strong>Mangala<\/strong>\u00a0est bien \u00e0 D\u00e9cines \u00e9galement, mais la question est de savoir s\u2019il pourra reprendre compl\u00e8tement l\u2019entra\u00eenement collectif. Ces derniers temps, le milieu s\u2019affiche de temps en temps avec ses co\u00e9quipiers avant de disparaitre, comme ce fut le cas depuis mercredi dernier. La faute \u00e0 sa rupture du ligament crois\u00e9 en f\u00e9vrier dernier ? Oui.<\/p>\n<p>Un genou qui continue de gonfler<\/p>\n<p>\u00ab\u00a0Attendu pour septembre\u00a0\u00bb\u00a0comme l\u2019a expliqu\u00e9 Paulo\u00a0<strong>Fonseca<\/strong>, le Belge a connu du retard.\u00a0\u00ab\u00a0Orel a des probl\u00e8mes quand il commence, le genou commence \u00e0 gonfler.\u00a0\u00bb\u00a0Victime d\u2019une petite rechute il y a deux mois, Orel\u00a0<strong>Mangala<\/strong>\u00a0a donc d\u00fb faire preuve de patience. Il le faudra encore car les propos du coach lyonnais montrent que l\u2019ancien d\u2019<strong>Everton<\/strong>\u00a0est encore loin d\u2019\u00eatre \u00e0 100%. S\u2019il pourrait \u00eatre vu comme une recrue interne durant l\u2019hiver, Mangala va devoir cravacher pour retrouver son niveau.\u00a0\u00ab\u00a0On verra dans les prochaines semaines. Nous devons g\u00e9rer son cas. J&rsquo;ai l&rsquo;intention qu\u2019il commence bient\u00f4t avec nous.\u00a0\u00bb<\/p>\n<p>\t\t\t\t\t<a href=\"https:\/\/www.olympique-et-lyonnais.com\/avec-le-rouge-de-tagliafico-lol-fait-le-trois-a-la-suite,384523.html\" title=\"Avec le rouge de Tagliafico, l&#039;OL fait le trois \u00e0 la suite\" rel=\"nofollow noopener\" target=\"_blank\"><img loading=\"lazy\" width=\"580\" height=\"326\" src=\"https:\/\/www.europesays.com\/fr\/wp-content\/uploads\/2025\/11\/000_34PD69A-580x326.jpg\" class=\"attachment-actularge size-actularge wp-post-image\" alt=\"Nicolas Tagliafico ne comprenant pas son rouge lors d'OL - Brest\" decoding=\"async\"  \/>\t\t\t\t\t<\/a><\/p>\n","protected":false},"excerpt":{"rendered":"Orel Mangala \u00e0 l\u2019entra\u00eenement de l\u2019OL (cr\u00e9dit : David Hernandez) Victime d\u2019une rupture du ligament crois\u00e9 en f\u00e9vrier&hellip;\n","protected":false},"author":2,"featured_media":527562,"comment_status":"","ping_status":"","sticky":false,"template":"","format":"standard","meta":{"footnotes":""},"categories":[1410],"tags":[63,1011,27,66,241,978,60],"class_list":{"0":"post-527561","1":"post","2":"type-post","3":"status-publish","4":"format-standard","5":"has-post-thumbnail","7":"category-football","8":"tag-football","9":"tag-fr","10":"tag-france","11":"tag-ligue-1","12":"tag-ol","13":"tag-olympique-lyonnais","14":"tag-sports"},"share_on_mastodon":{"url":"https:\/\/pubeurope.com\/@fr\/115532206345228787","error":""},"_links":{"self":[{"href":"https:\/\/www.europesays.com\/fr\/wp-json\/wp\/v2\/posts\/527561","targetHints":{"allow":["GET"]}}],"collection":[{"href":"https:\/\/www.europesays.com\/fr\/wp-json\/wp\/v2\/posts"}],"about":[{"href":"https:\/\/www.europesays.com\/fr\/wp-json\/wp\/v2\/types\/post"}],"author":[{"embeddable":true,"href":"https:\/\/www.europesays.com\/fr\/wp-json\/wp\/v2\/users\/2"}],"replies":[{"embeddable":true,"href":"https:\/\/www.europesays.com\/fr\/wp-json\/wp\/v2\/comments?post=527561"}],"version-history":[{"count":0,"href":"https:\/\/www.europesays.com\/fr\/wp-json\/wp\/v2\/posts\/527561\/revisions"}],"wp:featuredmedia":[{"embeddable":true,"href":"https:\/\/www.europesays.com\/fr\/wp-json\/wp\/v2\/media\/527562"}],"wp:attachment":[{"href":"https:\/\/www.europesays.com\/fr\/wp-json\/wp\/v2\/media?parent=527561"}],"wp:term":[{"taxonomy":"category","embeddable":true,"href":"https:\/\/www.europesays.com\/fr\/wp-json\/wp\/v2\/categories?post=527561"},{"taxonomy":"post_tag","embeddable":true,"href":"https:\/\/www.europesays.com\/fr\/wp-json\/wp\/v2\/tags?post=527561"}],"curies":[{"name":"wp","href":"https:\/\/api.w.org\/{rel}","templated":true}]}}