{"id":527565,"date":"2025-11-11T17:19:16","date_gmt":"2025-11-11T17:19:16","guid":{"rendered":"https:\/\/www.europesays.com\/fr\/527565\/"},"modified":"2025-11-11T17:19:16","modified_gmt":"2025-11-11T17:19:16","slug":"jura-pour-cette-graphiste-lia-ne-va-pas-remplacer-son-metier-mais-le-transformer","status":"publish","type":"post","link":"https:\/\/www.europesays.com\/fr\/527565\/","title":{"rendered":"Jura. Pour cette graphiste, l\u2019IA ne va pas remplacer son m\u00e9tier, mais le transformer"},"content":{"rendered":"<p>Pouss\u00e9e par une passion pour les arts graphiques, C\u00e9line Vuillet A Ciles a men\u00e9 une reconversion r\u00e9ussie vers le m\u00e9tier de graphiste gr\u00e2ce \u00e0 une formation \u00e0 distance. Dipl\u00f4m\u00e9e en juillet\u00a02024, elle a franchi le pas de l\u2019entrepreneuriat quelques mois plus tard en cr\u00e9ant sa micro-entreprise.<\/p>\n<p>Le nom choisi pour son entreprise, Hirundo, est loin d\u2019\u00eatre anodin. Signifiant \u00ab\u00a0hirondelle\u00a0\u00bb en latin, il symbolise joliment son propre envol vers une nouvelle carri\u00e8re.\u00a0Arm\u00e9e de ses outils num\u00e9riques, C\u00e9line a d\u2019abord fa\u00e7onn\u00e9 son identit\u00e9 visuelle et ses supports de communication initiaux, puis a lanc\u00e9 son site internet.<\/p>\n<p>Dans la simplicit\u00e9<\/p>\n<p>Avec Hirundo, elle propose d\u2019accompagner une client\u00e8le vari\u00e9e\u00a0: entreprises, particuliers, associations, artisans dans l\u2019\u00e9laboration et le d\u00e9veloppement de leur communication. Ses prestations principales s\u2019articulent autour de\u00a0la conception de logos et de chartes graphiques et la cr\u00e9ation de supports de communication imprim\u00e9s pour des \u00e9v\u00e9nements ou des structures locales.<\/p>\n<p>C\u00e9line insiste sur l\u2019importance de la simplicit\u00e9, de l\u2019harmonie des couleurs et de la coh\u00e9rence entre tous les supports. Dans les mois \u00e0 venir, elle pr\u00e9voit d\u2019\u00e9largir ses services \u00e0 la cr\u00e9ation de sites internet. Travailler en tant que graphiste offre \u00e0 C\u00e9line de nombreux avantages.<\/p>\n<p>  Un v\u00e9ritable \u00ab\u00a0assistant virtuel\u00a0\u00bb<\/p>\n<p>Cependant, cette transition n\u2019est pas sans d\u00e9fis. La formation initiale n\u2019a pas abord\u00e9 les aspects essentiels de la gestion d\u2019entreprise, tels que la prospection, la fixation des tarifs ou l\u2019\u00e9tablissement des devis et factures. Pour se faire conna\u00eetre localement, C\u00e9line a mis en place une strat\u00e9gie de communication multicanal, incluant les r\u00e9seaux sociaux, la distribution de supports dans les commerces champagnolais, et le marquage aux couleurs d\u2019Hirundo sur sa voiture.<\/p>\n<p>L\u2019arriv\u00e9e fulgurante de l\u2019intelligence artificielle (IA) a soulev\u00e9 des inqui\u00e9tudes l\u00e9gitimes au moment de la reconversion de C\u00e9line. La capacit\u00e9 de l\u2019IA \u00e0 g\u00e9n\u00e9rer rapidement des visuels, des textes ou des logos a de quoi d\u00e9stabiliser ces m\u00e9tiers bas\u00e9s sur la cr\u00e9ativit\u00e9 humaine.Toutefois, C\u00e9line affirme que l\u2019IA ne peut pas se substituer \u00e0 l\u2019humain\u00a0: \u00ab\u00a0Elle ne peut pas reproduire les \u00e9motions, l\u2019intuition, la r\u00e9flexion et la sensibilit\u00e9 propres \u00e0 l\u2019\u00eatre humain.\u00a0\u00bb<\/p>\n<p>C\u2019est ce qui fait la valeur du graphiste\u00a0: travailler avec C\u00e9line, c\u2019est b\u00e9n\u00e9ficier de l\u2019\u00e9coute, de l\u2019\u00e9change, d\u2019un suivi personnalis\u00e9 et de la capacit\u00e9 \u00e0 cr\u00e9er un visuel qui a du sens et qui touche r\u00e9ellement les clients. Finalement, la graphiste per\u00e7oit l\u2019IA comme un outil d\u2019accompagnement pr\u00e9cieux. Elle utilise r\u00e9guli\u00e8rement des outils comme <a href=\"https:\/\/www.leprogres.fr\/societe\/2023\/03\/05\/chaptgpt-sait-faire-du-vin-jaune-mais-connait-mal-le-jura\" target=\"_blank\" rel=\"noopener\">ChatGPT <\/a>pour l\u2019aider \u00e0 r\u00e9diger des devis, \u00e0 clarifier des d\u00e9marches administratives ou \u00e0 structurer la pr\u00e9sentation de ses projets. Elle le consid\u00e8re comme un v\u00e9ritable \u00ab\u00a0assistant virtuel\u00a0\u00bb.<\/p>\n<p>En conclusion, pour C\u00e9line, l\u2019IA ne remplace pas le graphiste, mais le transforme. \u00ab\u00a0Elle pousse les professionnels \u00e0 affirmer davantage leur patte artistique et leur sensibilit\u00e9\u00a0\u00bb. Sa conviction profonde est que l\u2019essence de son m\u00e9tier \u2013 comprendre une histoire, une \u00e9motion, et la traduire visuellement \u2013 restera \u00e0 jamais irrempla\u00e7able par la machine.<\/p>\n","protected":false},"excerpt":{"rendered":"Pouss\u00e9e par une passion pour les arts graphiques, C\u00e9line Vuillet A Ciles a men\u00e9 une reconversion r\u00e9ussie vers&hellip;\n","protected":false},"author":2,"featured_media":527566,"comment_status":"","ping_status":"","sticky":false,"template":"","format":"standard","meta":{"footnotes":""},"categories":[1358],"tags":[1477,1348,1384,1385,33023,1386,58,33,2274,59,1011,27,1826,64681],"class_list":{"0":"post-527565","1":"post","2":"type-post","3":"status-publish","4":"format-standard","5":"has-post-thumbnail","7":"category-arts-et-design","8":"tag-artisanat","9":"tag-arts","10":"tag-arts-and-design","11":"tag-arts-et-design","12":"tag-champagnole-bassin","13":"tag-design","14":"tag-divertissement","15":"tag-economie","16":"tag-edition-jura-sud","17":"tag-entertainment","18":"tag-fr","19":"tag-france","20":"tag-jura","21":"tag-syam"},"share_on_mastodon":{"url":"https:\/\/pubeurope.com\/@fr\/115532212673881426","error":""},"_links":{"self":[{"href":"https:\/\/www.europesays.com\/fr\/wp-json\/wp\/v2\/posts\/527565","targetHints":{"allow":["GET"]}}],"collection":[{"href":"https:\/\/www.europesays.com\/fr\/wp-json\/wp\/v2\/posts"}],"about":[{"href":"https:\/\/www.europesays.com\/fr\/wp-json\/wp\/v2\/types\/post"}],"author":[{"embeddable":true,"href":"https:\/\/www.europesays.com\/fr\/wp-json\/wp\/v2\/users\/2"}],"replies":[{"embeddable":true,"href":"https:\/\/www.europesays.com\/fr\/wp-json\/wp\/v2\/comments?post=527565"}],"version-history":[{"count":0,"href":"https:\/\/www.europesays.com\/fr\/wp-json\/wp\/v2\/posts\/527565\/revisions"}],"wp:featuredmedia":[{"embeddable":true,"href":"https:\/\/www.europesays.com\/fr\/wp-json\/wp\/v2\/media\/527566"}],"wp:attachment":[{"href":"https:\/\/www.europesays.com\/fr\/wp-json\/wp\/v2\/media?parent=527565"}],"wp:term":[{"taxonomy":"category","embeddable":true,"href":"https:\/\/www.europesays.com\/fr\/wp-json\/wp\/v2\/categories?post=527565"},{"taxonomy":"post_tag","embeddable":true,"href":"https:\/\/www.europesays.com\/fr\/wp-json\/wp\/v2\/tags?post=527565"}],"curies":[{"name":"wp","href":"https:\/\/api.w.org\/{rel}","templated":true}]}}