{"id":527571,"date":"2025-11-11T17:23:30","date_gmt":"2025-11-11T17:23:30","guid":{"rendered":"https:\/\/www.europesays.com\/fr\/527571\/"},"modified":"2025-11-11T17:23:30","modified_gmt":"2025-11-11T17:23:30","slug":"miss-france-2026-je-deteste-les-films-dhorreur-linterview-decalee-de-julie-decroix-miss-alsace","status":"publish","type":"post","link":"https:\/\/www.europesays.com\/fr\/527571\/","title":{"rendered":"Miss France 2026 &#8211; \u00ab\u00a0Je d\u00e9teste les films d&rsquo;horreur\u00a0\u00bb : l&rsquo;interview d\u00e9cal\u00e9e de Julie Decroix, Miss Alsace"},"content":{"rendered":"<ul class=\"jsx-862013697 ArticleChapo__List\">\n<li class=\"jsx-862013697 ArticleChapo__List_Item flex\">Julie Decroix, Miss Alsace, est candidate \u00e0 l\u2019\u00e9lection de Miss France 2026 qui aura lieu le 6 d\u00e9cembre au Z\u00e9nith d\u2019Amiens.<\/li>\n<li class=\"jsx-862013697 ArticleChapo__List_Item flex\">Pour TF1info, elle s\u2019est pr\u00eat\u00e9e \u00e0 un portrait chinois remani\u00e9.<\/li>\n<\/ul>\n<p><a href=\"https:\/\/www.tf1info.fr\/actualite\/miss-france-2026-nord-pas-de-calais-ile-de-france-provence-quelle-candidate-succedera-a-angelique-angarni-filopon-14419\/\" rel=\"noopener\" class=\"jsx-484472199 Link jsx-1428418400 jsx-798756813\" target=\"_blank\"><\/p>\n<p style=\"font-weight:400\" class=\"jsx-1837267516\">Suivez la couverture compl\u00e8te<\/p>\n<p style=\"font-weight:800\" class=\"jsx-1837267516\">Miss France 2026 : quelle candidate succ\u00e8dera \u00e0 Ang\u00e9lique Angarni-Filopon ?<\/p>\n<p><\/a><\/p>\n<p data-module=\"article-paragraph\" class=\"jsx-3046738180 Paragraph\">Qui sera couronn\u00e9e par Ang\u00e9lique Angarni-Filopon, <a href=\"https:\/\/www.tf1info.fr\/culture\/interview-miss-france-2025-apres-son-sacre-angelique-angarni-filopon-a-hate-de-tout-ma-troisieme-participation-aura-ete-la-bonne-2339974.html\" target=\"_blank\" rel=\"noopener\">premi\u00e8re Martiniquaise et premi\u00e8re trentenaire \u00e9lue Miss France<\/a> ? Avant de d\u00e9couvrir les traditionnels portraits des candidates lors de l&rsquo;\u00e9lection, <a href=\"https:\/\/www.tf1info.fr\/culture\/programme-tv-tf1-6-decembre-2025-amiens-camille-cerf-marraine-celebre-jury-mixte-garde-republicaine-sur-scene-tout-ce-qu-il-faut-savoir-sur-l-election-de-miss-france-2026-sur-tf1-2405430.html\" target=\"_blank\" rel=\"noopener\">qui aura lieu le 6 d\u00e9cembre au Z\u00e9nith d\u2019Amiens<\/a>, TF1info vous propose de faire connaissance avec les 30 reines de beaut\u00e9 en lice pour le titre de Miss France 2026.<\/p>\n<p data-module=\"article-paragraph\" class=\"jsx-3046738180 Paragraph Paragraph__End\">Toutes ont r\u00e9pondu \u00e0 un portrait chinois remani\u00e9 dans lequel elles d\u00e9voilent leur film culte, leur chanson inavouable, leur petite manie au quotidien, leur job de r\u00eave ou leur blague qui marche \u00e0 tous les coups. D\u00e9couvrez les r\u00e9ponses de Julie Decroix, Miss Alsace, 20 ans.<\/p>\n<p><img decoding=\"async\" src=\"https:\/\/www.europesays.com\/fr\/wp-content\/uploads\/2025\/11\/miss-france-2026-miss-alsace-julie-decroix-2a892b-0@1x.jpeg\" alt=\"BENJAMIN DECOIN \/ SIPA \/ TF1\" loading=\"lazy\" importance=\"low\" fetchpriority=\"low\" class=\"\" data-module=\"article-image\"\/>BENJAMIN DECOIN \/ SIPA \/ TF1<\/p>\n<p data-module=\"article-paragraph\" class=\"jsx-3046738180 Paragraph\"><strong>Mon film culte<\/strong><\/p>\n<p data-module=\"article-paragraph\" class=\"jsx-3046738180 Paragraph\">Le Gendarme de Saint-Tropez.<\/p>\n<p data-module=\"article-paragraph\" class=\"jsx-3046738180 Paragraph\"><strong>Ma s\u00e9rie pr\u00e9f\u00e9r\u00e9e<\/strong><\/p>\n<p data-module=\"article-paragraph\" class=\"jsx-3046738180 Paragraph\">Mentalist.<\/p>\n<p data-module=\"article-paragraph\" class=\"jsx-3046738180 Paragraph\"><strong>Ma chanson inavouable<\/strong><\/p>\n<p data-module=\"article-paragraph\" class=\"jsx-3046738180 Paragraph Paragraph__End\">\u00ab\u00a0La beaut\u00e9 du doute\u00a0\u00bb de Florent Pagny.<\/p>\n<p data-module=\"article-paragraph\" class=\"jsx-3046738180 Paragraph\"><strong>Mon ic\u00f4ne<\/strong><\/p>\n<p data-module=\"article-paragraph\" class=\"jsx-3046738180 Paragraph\">Mon ic\u00f4ne, c&rsquo;est ma m\u00e8re, pour sa force et sa bienveillance au quotidien.<\/p>\n<p data-module=\"article-paragraph\" class=\"jsx-3046738180 Paragraph\"><strong>Mon crush c\u00e9l\u00e8bre<\/strong><\/p>\n<p data-module=\"article-paragraph\" class=\"jsx-3046738180 Paragraph\">M. Pokora.<\/p>\n<p data-module=\"article-paragraph\" class=\"jsx-3046738180 Paragraph\"><strong>Ma petite manie au quotidien<\/strong><\/p>\n<p data-module=\"article-paragraph\" class=\"jsx-3046738180 Paragraph\">Me laver les mains toutes les minutes !<\/p>\n<p data-module=\"article-paragraph\" class=\"jsx-3046738180 Paragraph\"><strong>Ma blague qui marche \u00e0 tous les coups<\/strong><\/p>\n<p data-module=\"article-paragraph\" class=\"jsx-3046738180 Paragraph\">Dire : \u00ab\u00a0Je triche un peu, j&rsquo;ai des talons !\u00a0\u00bb \u00c7a fait toujours son petit effet !<\/p>\n<p data-module=\"article-paragraph\" class=\"jsx-3046738180 Paragraph\"><strong>Ma plus grosse b\u00eatise<\/strong><\/p>\n<p data-module=\"article-paragraph\" class=\"jsx-3046738180 Paragraph Paragraph__End\">Petite, je d\u00e9testais les m\u00e9dicaments. Alors au lieu de les avaler, je faisais tout un cin\u00e9ma devant ma m\u00e8re et je les cachais discr\u00e8tement dans ma chambre. Actrice en herbe, mais pas tr\u00e8s discr\u00e8te \u00e0 long terme !<\/p>\n<blockquote class=\"jsx-2786790838 Quote__Text\"><p>Je veux lutter contre le harc\u00e8lement sous toutes ses formes<\/p><\/blockquote>\n<p>Julie Decroix, Miss Alsace<\/p>\n<p data-module=\"article-paragraph\" class=\"jsx-3046738180 Paragraph\"><strong>Mon job de r\u00eave<\/strong><\/p>\n<p data-module=\"article-paragraph\" class=\"jsx-3046738180 Paragraph\">Devenir mannequin professionnelle.<\/p>\n<p data-module=\"article-paragraph\" class=\"jsx-3046738180 Paragraph\"><strong>Le r\u00e9seau social que j&rsquo;utilise le plus<\/strong><\/p>\n<p data-module=\"article-paragraph\" class=\"jsx-3046738180 Paragraph\">Instagram est le r\u00e9seau que j&rsquo;utilise le plus. J&rsquo;adore y partager mes aventures en tant que Miss Alsace et montrer les coulisses de ce que je vis au quotidien.<\/p>\n<p data-module=\"article-paragraph\" class=\"jsx-3046738180 Paragraph\"><strong>Le truc que tout le monde adore et que je d\u00e9teste le plus<\/strong><\/p>\n<p data-module=\"article-paragraph\" class=\"jsx-3046738180 Paragraph\">Je d\u00e9teste les films d&rsquo;horreur.<\/p>\n<p data-module=\"article-paragraph\" class=\"jsx-3046738180 Paragraph\"><strong>Mon produit local indispensable<\/strong><\/p>\n<p data-module=\"article-paragraph\" class=\"jsx-3046738180 Paragraph Paragraph__End\">Les bretzels.<\/p>\n<p><a href=\"https:\/\/www.tf1info.fr\/culture\/miss-france-2026-candidates-de-l-alsace-a-tahiti-qui-representera-votre-region-2382342.html\" rel=\"noopener\" class=\"jsx-3308031228 Link flex\" target=\"_blank\"><img decoding=\"async\" src=\"https:\/\/www.europesays.com\/fr\/wp-content\/uploads\/2025\/10\/miss-france-2025-2-deae74-0@1x.jpeg\" alt=\"ROMAIN PERROCHEAU \/ AFP\" loading=\"lazy\" importance=\"low\" fetchpriority=\"low\" class=\"\" aria-hidden=\"true\"\/><\/p>\n<p class=\"jsx-3657663356 ReadMoreArticle__Title\">Lire aussi<\/p>\n<p class=\"jsx-3657663356\">Miss France 2026 : de l&rsquo;Alsace \u00e0 Tahiti, qui repr\u00e9sentera votre r\u00e9gion ?<\/p>\n<p><\/a><\/p>\n<p data-module=\"article-paragraph\" class=\"jsx-3046738180 Paragraph\"><strong>Pourquoi je participe \u00e0 Miss France<\/strong><\/p>\n<p data-module=\"article-paragraph\" class=\"jsx-3046738180 Paragraph\">Miss France repr\u00e9sente pour moi une opportunit\u00e9 exceptionnelle d&rsquo;aller \u00e0 la rencontre des Fran\u00e7ais, de d\u00e9couvrir la richesse et la diversit\u00e9 de nos r\u00e9gions, et de m&rsquo;impr\u00e9gner de nos traditions. Je souhaite \u00eatre une Miss accessible, d\u00e9vou\u00e9e et proche des gens, pr\u00e9sente dans leur quotidien, au-del\u00e0 des projecteurs. Car pour moi, \u00eatre Miss France, ce n&rsquo;est pas seulement une question d&rsquo;apparence ou de paillettes. C&rsquo;est avant tout incarner une figure bienveillante, \u00e0 l&rsquo;\u00e9coute, engag\u00e9e et porteuse d&rsquo;espoir pour celles et ceux qui en ont besoin.<\/p>\n<p data-module=\"article-paragraph\" class=\"jsx-3046738180 Paragraph\"><strong>Ma cause de c\u0153ur<\/strong><\/p>\n<p data-module=\"article-paragraph\" class=\"jsx-3046738180 Paragraph\">La lutte contre le harc\u00e8lement, sous toutes ses formes.<\/p>\n<p data-module=\"article-paragraph\" class=\"jsx-3046738180 Paragraph\"><strong>Ma pire crainte le soir de l&rsquo;\u00e9lection<\/strong><\/p>\n<p data-module=\"article-paragraph\" class=\"jsx-3046738180 Paragraph Paragraph__End\">Comme beaucoup, ma crainte le soir de l&rsquo;\u00e9lection serait de tomber sur sc\u00e8ne. Mais si \u00e7a arrive, je me rel\u00e8verai avec le sourire. C&rsquo;est \u00e7a aussi \u00eatre Miss, garder sa dignit\u00e9 en toutes circonstances.<\/p>\n<p>Delphine DE FREITAS<\/p>\n","protected":false},"excerpt":{"rendered":"Julie Decroix, Miss Alsace, est candidate \u00e0 l\u2019\u00e9lection de Miss France 2026 qui aura lieu le 6 d\u00e9cembre&hellip;\n","protected":false},"author":2,"featured_media":527572,"comment_status":"","ping_status":"","sticky":false,"template":"","format":"standard","meta":{"footnotes":""},"categories":[1354],"tags":[1111,11,1921,58,59,1346,3109,1011,27,1922,10824,2041,3034,64682,1360,973,199,133,2040],"class_list":{"0":"post-527571","1":"post","2":"type-post","3":"status-publish","4":"format-standard","5":"has-post-thumbnail","7":"category-films","8":"tag-actu","9":"tag-actualites","10":"tag-article-video","11":"tag-divertissement","12":"tag-entertainment","13":"tag-films","14":"tag-florent-pagny","15":"tag-fr","16":"tag-france","17":"tag-info","18":"tag-m-pokora","19":"tag-medias-et-divertissement","20":"tag-miss-france","21":"tag-miss-france-2026-quelle-candidate-succedera-a-angelique-angarni-filopon","22":"tag-movies","23":"tag-people","24":"tag-tf1","25":"tag-video","26":"tag-video-culture"},"share_on_mastodon":{"url":"https:\/\/pubeurope.com\/@fr\/115532229799493013","error":""},"_links":{"self":[{"href":"https:\/\/www.europesays.com\/fr\/wp-json\/wp\/v2\/posts\/527571","targetHints":{"allow":["GET"]}}],"collection":[{"href":"https:\/\/www.europesays.com\/fr\/wp-json\/wp\/v2\/posts"}],"about":[{"href":"https:\/\/www.europesays.com\/fr\/wp-json\/wp\/v2\/types\/post"}],"author":[{"embeddable":true,"href":"https:\/\/www.europesays.com\/fr\/wp-json\/wp\/v2\/users\/2"}],"replies":[{"embeddable":true,"href":"https:\/\/www.europesays.com\/fr\/wp-json\/wp\/v2\/comments?post=527571"}],"version-history":[{"count":0,"href":"https:\/\/www.europesays.com\/fr\/wp-json\/wp\/v2\/posts\/527571\/revisions"}],"wp:featuredmedia":[{"embeddable":true,"href":"https:\/\/www.europesays.com\/fr\/wp-json\/wp\/v2\/media\/527572"}],"wp:attachment":[{"href":"https:\/\/www.europesays.com\/fr\/wp-json\/wp\/v2\/media?parent=527571"}],"wp:term":[{"taxonomy":"category","embeddable":true,"href":"https:\/\/www.europesays.com\/fr\/wp-json\/wp\/v2\/categories?post=527571"},{"taxonomy":"post_tag","embeddable":true,"href":"https:\/\/www.europesays.com\/fr\/wp-json\/wp\/v2\/tags?post=527571"}],"curies":[{"name":"wp","href":"https:\/\/api.w.org\/{rel}","templated":true}]}}