{"id":527573,"date":"2025-11-11T17:24:17","date_gmt":"2025-11-11T17:24:17","guid":{"rendered":"https:\/\/www.europesays.com\/fr\/527573\/"},"modified":"2025-11-11T17:24:17","modified_gmt":"2025-11-11T17:24:17","slug":"cette-activite-physique-tres-simple-permettrait-de-ralentir-la-maladie","status":"publish","type":"post","link":"https:\/\/www.europesays.com\/fr\/527573\/","title":{"rendered":"cette activit\u00e9 physique tr\u00e8s simple permettrait de ralentir la maladie"},"content":{"rendered":"<p>    Bien loin des fameux 10 000 pas quotidiens, une promenade moiti\u00e9 moins longue permettrait de ralentir l\u2019avanc\u00e9e de la maladie neurod\u00e9g\u00e9nrative.<br \/>\n                New Africa &#8211; stock.adobe.com<\/p>\n<p>\n    Marcher 30 \u00e0 60 minutes par jour suffirait \u00e0 ralentir le d\u00e9clin cognitif de plusieurs ann\u00e9es, selon une \u00e9tude men\u00e9e par des chercheurs de Harvard.<\/p>\n<p class=\"fig-paragraph\">La\u00a0<a href=\"https:\/\/sante.lefigaro.fr\/sante\/seniors\/maladie-dalzheimer\/quelles-complications#:~:text=La%20maladie%20d&#039;Alzheimer%20est,des%20l%C3%A9sions%20dans%20le%20cerveau.\" target=\"_blank\" data-fig-type=\"Keyword\" rel=\"sponsored noopener\" data-gtm-custom-categorie=\"navigation\" data-gtm-custom-action=\"crossclick\" data-gtm-custom-label=\"Contextuel\" data-gtm-event=\"customEventSPE\" data-fig-domain=\"SANTE\">maladie d\u2019Alzheimer<\/a>\u00a0touche pr\u00e8s de 1\u00a0million de personnes en France, et reste impossible \u00e0 traiter. Des m\u00e9dicaments innovants promettent de ralentir la progression de cette pathologie neurod\u00e9g\u00e9n\u00e9rative, mais\u00a0<a href=\"http:\/\/sante.lefigaro.fr\/social\/sante-publique\/alzheimer-les-trois-debats-qui-agitent-la-recherche-20250919\" data-fig-type=\"NewsFlash\" data-gtm-custom-categorie=\"navigation\" data-gtm-custom-action=\"crossclick\" data-gtm-custom-label=\"Contextuel\" data-gtm-event=\"customEventSPE\" data-fig-domain=\"SANTE\" target=\"_blank\" rel=\"noopener\">ils sont controvers\u00e9s<\/a>\u00a0et\u00a0<a href=\"http:\/\/sante.lefigaro.fr\/medecine\/alzheimer-un-nouveau-medicament-obtient-le-feu-vert-des-autorites-europeennes-20250416\" data-fig-type=\"NewsFlash\" data-gtm-custom-categorie=\"navigation\" data-gtm-custom-action=\"crossclick\" data-gtm-custom-label=\"Contextuel\" data-gtm-event=\"customEventSPE\" data-fig-domain=\"SANTE\" target=\"_blank\" rel=\"noopener\">non disponibles en France<\/a>. Mais d\u2019autres prises en charge non m\u00e9dicamenteuses sont vivement recommand\u00e9es en pr\u00e9vention ou pour ralentir les stades pr\u00e9coces de la maladie. C\u2019est le cas de\u00a0<a href=\"https:\/\/www.lefigaro.fr\/sciences\/maladie-d-alzheimer-pas-d-age-limite-pour-adopter-les-bons-reflexes-20220424\" data-fig-type=\"Article\" data-gtm-custom-categorie=\"navigation\" data-gtm-custom-action=\"crossclick\" data-gtm-custom-label=\"Contextuel\" data-gtm-event=\"customEventSPE\" data-fig-domain=\"LEFIGARO\" target=\"_blank\" rel=\"noopener\">l\u2019activit\u00e9 physique<\/a>. Et bonne nouvelle pour les plus s\u00e9dentaires\u00a0: marcher ne serait-ce que quelques milliers de pas par jour aurait un effet sur le ralentissement du d\u00e9clin cognitif. Ce, loin des bien connus \u00ab\u00a010\u00a0000 pas par jour\u00a0\u00bb qui n\u2019ont, en r\u00e9alit\u00e9, aucun fondement scientifique.<\/p>\n<p class=\"fig-paragraph\">Une\u00a0<a href=\"https:\/\/www.nature.com\/articles\/s41591-025-03955-6\" target=\"_blank\" rel=\"sponsored noopener\" data-gtm-custom-categorie=\"navigation\" data-gtm-custom-action=\"crossclick\" data-gtm-custom-label=\"Contextuel\" data-gtm-event=\"customEventSPE\">nouvelle \u00e9tude<\/a>\u00a0publi\u00e9e dans Nature Medicine montre que chez des personnes qui pr\u00e9sentent des marqueurs c\u00e9r\u00e9braux pr\u00e9coces de la maladie, mais pas encore de sympt\u00f4mes, marcher 3000 \u00e0 5000 pas par jour pourrait ralentir le d\u00e9clin cognitif de trois ans en moyenne, et de sept ans avec\u2026<\/p>\n<p class=\"fig-premium-paywall__infos\">\n        Cet article est r\u00e9serv\u00e9 aux abonn\u00e9s.        Il vous reste 81% \u00e0 d\u00e9couvrir.\n    <\/p>\n<p>                <img  data- alt=\"Le Figaro\" class=\"fig-img--complete fig-img\"\/><\/p>\n<p class=\"fig-premium-paywall__title\">Black Friday<\/p>\n<p class=\"fig-premium-paywall__subtitle\">-70% sur l&rsquo;abonnement num\u00e9rique<\/p>\n<p class=\"fig-premium-paywall__connect\">\n                D\u00e9j\u00e0 abonn\u00e9\u00a0?                <a class=\"fig-premium-paywall__connect-link\" href=\"https:\/\/connect.lefigaro.fr\/login?client=sante_web&amp;type=main&amp;redirect_uri=https%3A%2F%2Fsante.lefigaro.fr%2Fmedecine%2Falzheimer-cette-activite-physique-tres-simple-permettrait-de-ralentir-la-maladie-20251111\" data-js-gtm=\"{&quot;customCategorie&quot;: &quot;conversion&quot;, &quot;customAction&quot;: &quot;before_Landing_Connexion_paywall_auto&quot;, &quot;customLabel&quot;: &quot;c2FudGUubGVmaWdhcm8uZnJfXzFmMGJlNWZiLTU2Y2MtNjJjNC1iM2I0LTg3NjdmMTAwZTk0MV9fQXJ0aWNsZQ==_Alzheimer: cette activit\u00e9 physique tr\u00e8s simple permettrait de ralentir la maladie_282&quot;, &quot;customIDSPE&quot;: &quot;c2FudGUubGVmaWdhcm8uZnJfXzFmMGJlNWZiLTU2Y2MtNjJjNC1iM2I0LTg3NjdmMTAwZTk0MV9fQXJ0aWNsZQ==&quot;, &quot;event&quot;: &quot;customEventSPE&quot;}\" target=\"_blank\" rel=\"noopener\"><br \/>\n                    Connectez-vous<br \/>\n                <\/a>\n            <\/p>\n","protected":false},"excerpt":{"rendered":"Bien loin des fameux 10 000 pas quotidiens, une promenade moiti\u00e9 moins longue permettrait de ralentir l\u2019avanc\u00e9e de&hellip;\n","protected":false},"author":2,"featured_media":527574,"comment_status":"","ping_status":"","sticky":false,"template":"","format":"standard","meta":{"footnotes":""},"categories":[10],"tags":[772,1011,27,72,37023,71],"class_list":{"0":"post-527573","1":"post","2":"type-post","3":"status-publish","4":"format-standard","5":"has-post-thumbnail","7":"category-sante","8":"tag-alzheimer","9":"tag-fr","10":"tag-france","11":"tag-health","12":"tag-pratiquer-une-activite-physique","13":"tag-sante"},"share_on_mastodon":{"url":"https:\/\/pubeurope.com\/@fr\/115532232439455309","error":""},"_links":{"self":[{"href":"https:\/\/www.europesays.com\/fr\/wp-json\/wp\/v2\/posts\/527573","targetHints":{"allow":["GET"]}}],"collection":[{"href":"https:\/\/www.europesays.com\/fr\/wp-json\/wp\/v2\/posts"}],"about":[{"href":"https:\/\/www.europesays.com\/fr\/wp-json\/wp\/v2\/types\/post"}],"author":[{"embeddable":true,"href":"https:\/\/www.europesays.com\/fr\/wp-json\/wp\/v2\/users\/2"}],"replies":[{"embeddable":true,"href":"https:\/\/www.europesays.com\/fr\/wp-json\/wp\/v2\/comments?post=527573"}],"version-history":[{"count":0,"href":"https:\/\/www.europesays.com\/fr\/wp-json\/wp\/v2\/posts\/527573\/revisions"}],"wp:featuredmedia":[{"embeddable":true,"href":"https:\/\/www.europesays.com\/fr\/wp-json\/wp\/v2\/media\/527574"}],"wp:attachment":[{"href":"https:\/\/www.europesays.com\/fr\/wp-json\/wp\/v2\/media?parent=527573"}],"wp:term":[{"taxonomy":"category","embeddable":true,"href":"https:\/\/www.europesays.com\/fr\/wp-json\/wp\/v2\/categories?post=527573"},{"taxonomy":"post_tag","embeddable":true,"href":"https:\/\/www.europesays.com\/fr\/wp-json\/wp\/v2\/tags?post=527573"}],"curies":[{"name":"wp","href":"https:\/\/api.w.org\/{rel}","templated":true}]}}