{"id":527581,"date":"2025-11-11T17:29:11","date_gmt":"2025-11-11T17:29:11","guid":{"rendered":"https:\/\/www.europesays.com\/fr\/527581\/"},"modified":"2025-11-11T17:29:11","modified_gmt":"2025-11-11T17:29:11","slug":"les-etats-unis-envoient-un-porte-avions-au-large-de-lamerique-latine-pour-des-operations-antidrogue","status":"publish","type":"post","link":"https:\/\/www.europesays.com\/fr\/527581\/","title":{"rendered":"Les \u00c9tats-Unis envoient un porte-avions au large de l&rsquo;Am\u00e9rique latine pour des op\u00e9rations antidrogue"},"content":{"rendered":"<p>\n    La lutte contre le narcotrafic s\u2019est intensifi\u00e9e ces derniers mois, mobilisant d\u2019importants moyens militaires d\u00e9ploy\u00e9s par le Pentagone.<\/p>\n<p class=\"fig-paragraph\">Le Pentagone a annonc\u00e9 mardi l&rsquo;arriv\u00e9e d&rsquo;un de ses porte-avions dans sa zone de commandement pour l&rsquo;Am\u00e9rique du Sud, marquant un renforcement consid\u00e9rable de la pr\u00e9sence militaire des \u00c9tats-Unis pour ses op\u00e9rations contre le narcotrafic dans les Cara\u00efbes et le Pacifique. \u00abLe groupe a\u00e9ronaval Gerald R. Ford, men\u00e9 par le plus grand porte-avions du monde, l&rsquo;USS Gerald R. Ford (CVN 78), est entr\u00e9 le 11 novembre dans la zone\u00bb de Southcom, le commandement am\u00e9ricain pour l&rsquo;Am\u00e9rique latine, a annonc\u00e9 ce dernier dans un communiqu\u00e9.<\/p>\n<p class=\"fig-paragraph\">Le d\u00e9ploiement de ce groupe a\u00e9ronaval a pour but de \u00absoutenir l&rsquo;ordre du pr\u00e9sident de d\u00e9manteler les organisations criminelles transnationales et de contrer le narcoterrorisme en d\u00e9fense de la patrie\u00bb, ajoute Southcom. L&rsquo;USS Gerald R. Ford transporte quatre escadrilles d&rsquo;avions de combat F\/A-18E Super Hornet, et est accompagn\u00e9 notamment de trois destroyers lance-missiles, selon le communiqu\u00e9.<\/p>\n<p>                                    <a class=\"fig-a11y-skip a11y-hidden\" href=\"#fig-a11y-skip-main-inarticle\"><br \/>\n        Passer la publicit\u00e9<br \/>\n    <\/a><\/p>\n<p>Une demi-douzaine de navires de guerre dans les Cara\u00efbes<\/p>\n<p class=\"fig-paragraph\">Depuis ao\u00fbt,\u00a0<a href=\"http:\/\/www.lefigaro.fr\/flash-actu\/trump-annonce-qu-un-sous-marin-transportant-de-la-drogue-a-ete-la-cible-d-une-frappe-americaine-dans-les-caraibes-20251017\" data-fig-type=\"NewsFlash\" data-gtm-custom-categorie=\"navigation\" data-gtm-custom-action=\"crossclick\" data-gtm-custom-label=\"Contextuel\" data-gtm-event=\"customEventSPE\" data-fig-domain=\"LEFIGARO\" rel=\"nofollow noopener\" target=\"_blank\">Washington maintient dans les Cara\u00efbes une pr\u00e9sence militaire avec notamment une demi-douzaine de navires de guerre<\/a>, officiellement pour lutter contre le trafic de drogue \u00e0 destination des \u00c9tats-Unis. Vingt frappes a\u00e9riennes contre des embarcations pr\u00e9sent\u00e9es comme transportant de la drogue ont entra\u00een\u00e9 la mort d&rsquo;au moins 76 personnes.<\/p>\n<p class=\"fig-paragraph\">Parall\u00e8lement \u00e0 l&rsquo;annonce du Pentagone mardi, le Venezuela a d\u00e9clar\u00e9 op\u00e9rer un d\u00e9ploiement \u00abmassif\u00bb dans tout le pays pour r\u00e9pondre \u00e0 l&rsquo;\u00abimp\u00e9rialisme\u00bb des \u00c9tats-Unis. Car le Venezuela consid\u00e8re cette op\u00e9ration am\u00e9ricaine comme un pr\u00e9texte visant en r\u00e9alit\u00e9 \u00e0 renverser Nicolas Maduro et \u00e0 s&#8217;emparer des r\u00e9serves p\u00e9troli\u00e8res du pays. Le pr\u00e9sident v\u00e9n\u00e9zu\u00e9lien, qui a appel\u00e9 de nombreuses fois au dialogue, affirme toutefois \u00eatre pr\u00eat \u00e0 se d\u00e9fendre, exhibant constamment des activit\u00e9s militaires dans le pays.<\/p>\n","protected":false},"excerpt":{"rendered":"La lutte contre le narcotrafic s\u2019est intensifi\u00e9e ces derniers mois, mobilisant d\u2019importants moyens militaires d\u00e9ploy\u00e9s par le Pentagone.&hellip;\n","protected":false},"author":2,"featured_media":527582,"comment_status":"","ping_status":"","sticky":false,"template":"","format":"standard","meta":{"footnotes":""},"categories":[5],"tags":[11,1052,1011,27,14,12,28],"class_list":{"0":"post-527581","1":"post","2":"type-post","3":"status-publish","4":"format-standard","5":"has-post-thumbnail","7":"category-international","8":"tag-actualites","9":"tag-drogue","10":"tag-fr","11":"tag-france","12":"tag-international","13":"tag-news","14":"tag-world"},"share_on_mastodon":{"url":"https:\/\/pubeurope.com\/@fr\/115532252167859853","error":""},"_links":{"self":[{"href":"https:\/\/www.europesays.com\/fr\/wp-json\/wp\/v2\/posts\/527581","targetHints":{"allow":["GET"]}}],"collection":[{"href":"https:\/\/www.europesays.com\/fr\/wp-json\/wp\/v2\/posts"}],"about":[{"href":"https:\/\/www.europesays.com\/fr\/wp-json\/wp\/v2\/types\/post"}],"author":[{"embeddable":true,"href":"https:\/\/www.europesays.com\/fr\/wp-json\/wp\/v2\/users\/2"}],"replies":[{"embeddable":true,"href":"https:\/\/www.europesays.com\/fr\/wp-json\/wp\/v2\/comments?post=527581"}],"version-history":[{"count":0,"href":"https:\/\/www.europesays.com\/fr\/wp-json\/wp\/v2\/posts\/527581\/revisions"}],"wp:featuredmedia":[{"embeddable":true,"href":"https:\/\/www.europesays.com\/fr\/wp-json\/wp\/v2\/media\/527582"}],"wp:attachment":[{"href":"https:\/\/www.europesays.com\/fr\/wp-json\/wp\/v2\/media?parent=527581"}],"wp:term":[{"taxonomy":"category","embeddable":true,"href":"https:\/\/www.europesays.com\/fr\/wp-json\/wp\/v2\/categories?post=527581"},{"taxonomy":"post_tag","embeddable":true,"href":"https:\/\/www.europesays.com\/fr\/wp-json\/wp\/v2\/tags?post=527581"}],"curies":[{"name":"wp","href":"https:\/\/api.w.org\/{rel}","templated":true}]}}