{"id":527583,"date":"2025-11-11T17:30:17","date_gmt":"2025-11-11T17:30:17","guid":{"rendered":"https:\/\/www.europesays.com\/fr\/527583\/"},"modified":"2025-11-11T17:30:17","modified_gmt":"2025-11-11T17:30:17","slug":"salah-abdeslam-envisage-une-demarche-de-justice-restaurative-avec-des-victimes-du-13-novembre","status":"publish","type":"post","link":"https:\/\/www.europesays.com\/fr\/527583\/","title":{"rendered":"Salah Abdeslam envisage une d\u00e9marche de justice restaurative avec des victimes du 13-Novembre"},"content":{"rendered":"<p>        <img decoding=\"async\" loading=\"lazy\" src=\"https:\/\/www.europesays.com\/fr\/wp-content\/uploads\/2025\/11\/9306a30_1696518830777-000-33cp22r.jpg\"  width=\"728\" height=\"409\" alt=\"Croquis d\u2019audience de Salah Abdeslam lors du proc\u00e8s des attentats-suicides du 22\u00a0mars 2016\u00a0devant la Cour d\u2019assises de Brxuelles en avril 2023.\"\/>  <\/p>\n<p>JONATHAN DE CESARE \/ AFP<\/p>\n<p>Croquis d\u2019audience de Salah Abdeslam lors du proc\u00e8s des attentats-suicides du 22\u00a0mars 2016\u00a0devant la Cour d\u2019assises de Brxuelles en avril 2023.<\/p>\n<p>      <strong>EN BREF<\/strong> <strong>\u2022 <\/strong>Par la voix de son avocate, Salah Abdeslam a dit vouloir engager une d\u00e9marche de justice restaurative du 13-Novembre.<br \/><strong>\u2022 <\/strong>Cette initiative pourrait d\u00e9boucher sur des rencontres entre le terroriste et des victimes des attentats.<br \/><strong>\u2022 <\/strong>P\u00e8re de Lola tu\u00e9e au Bataclan, Georges Salines s\u2019est dit ouvert \u00e0 la d\u00e9marche.                         <\/p>\n<p class=\"asset asset-text\">JUSTICE &#8211; Une d\u00e9claration symbolique, \u00e0 quelques jours des comm\u00e9morations des attentats du 13\u00a0novembre\u00a02015. <a href=\"https:\/\/www.huffingtonpost.fr\/justice\/article\/l-ex-compagne-de-salah-abdeslam-mise-en-examen-pour-un-projet-d-attentat_257018.html\" target=\"_blank\" rel=\"noopener\">Salah Abdeslam<\/a>, unique survivant des commandos terroristes du <a href=\"https:\/\/www.huffingtonpost.fr\/france\/article\/en-memoire-du-13-novembre-les-parisiens-invites-a-un-geste-place-de-la-republique_256953.html\" target=\"_blank\" rel=\"noopener\">13-Novembre<\/a>, a exprim\u00e9 son souhait d\u2019\u00ab\u00a0ouvrir une porte aux parties civiles, si celles-ci le souhaitent\u00a0\u00bb dans une d\u00e9marche de \u00ab\u00a0justice restaurative\u00a0\u00bb, a fait savoir son avocate ce mardi 11\u00a0novembre.<\/p>\n<p class=\"asset asset-text\">Le terroriste de d\u00e9sormais\u00a0\u00e2g\u00e9 de 36\u00a0ans a \u00e9t\u00e9 condamn\u00e9 <a href=\"https:\/\/www.huffingtonpost.fr\/justice\/article\/quelles-sont-les-conditions-de-detention-de-salah-abdeslam-dix-ans-apres-les-attentats-du-13-novembre_256789.html\" target=\"_blank\" rel=\"noopener\">\u00e0 la perp\u00e9tuit\u00e9 incompressible <\/a>pour les attentats du 13\u00a0novembre\u00a02015. Si sa demande trouve un \u00e9cho, il pourra rencontrer certaines victimes de ces attentats. Il aimerait alors \u00ab\u00a0expliquer la situation, discuter, (&#8230;) \u00e9voquer la d\u00e9tention et \u00e9voquer ce proc\u00e8s-l\u00e0\u00a0\u00bb, a indiqu\u00e9 son avocate, Me Olivia Ronen sur franceinfo.<\/p>\n<p class=\"asset asset-text\">L\u2019avocate a rappel\u00e9 que Salah Abdeslam avait \u00ab\u00a0pr\u00e9sent\u00e9 des excuses aux parties civiles lors de son proc\u00e8s\u00a0\u00bb et ajout\u00e9 qu\u2019il \u00ab\u00a0essaie d\u2019acc\u00e9der \u00e0 l\u2019\u00e9ducation\u00a0\u00bb. Elle a pr\u00e9cis\u00e9 que cette demande \u00ab\u00a0a aussi \u00e9t\u00e9 faite par certaines parties civiles\u00a0\u00bb, qui souhaitent \u00ab\u00a0pouvoir entrer en contact avec lui\u00a0\u00bb.<\/p>\n<p class=\"asset asset-text\">\u00ab\u00a0C\u2019est vraiment des principes de justice restaurative o\u00f9 les personnes mises en cause et les personnes qui ont \u00e9t\u00e9 victimes des infractions arrivent \u00e0 d\u00e9passer quelque chose pour essayer de viser &#8211; je sais qu\u2019on en est encore loin &#8211; mais viser un apaisement social\u00a0\u00bb, a enfin expliqu\u00e9 Me Olivia Ronen.<\/p>\n<p class=\"asset asset-text\">La <a href=\"https:\/\/www.huffingtonpost.fr\/culture\/article\/je-verrai-toujours-vos-visages-de-jeanne-herry-met-en-lumiere-la-justice-restaurative-un-dispositif-meconnu-clx1_215788.html\" target=\"_blank\" rel=\"noopener\">justice restaurative<\/a>, qui \u00e9merge depuis une dizaine d\u2019ann\u00e9es en France, ne se substitue pas \u00e0 la justice p\u00e9nale. Les d\u00e9marches les plus connues sont des rencontres entre auteurs et victimes d\u2019une m\u00eame infraction, mais pas de la m\u00eame affaire. D\u2019autres dispositifs existent, comme la m\u00e9diation restaurative, qui associe victime et auteur de la m\u00eame affaire.<\/p>\n<p>    \u00ab\u00a0\u00c7a m\u2019int\u00e9resse particuli\u00e8rement de le rencontrer\u00a0\u00bb    <\/p>\n<p class=\"asset asset-text\">Arthur D\u00e9nouveaux, rescap\u00e9 <a href=\"https:\/\/www.huffingtonpost.fr\/culture\/article\/la-serie-des-vivants-sur-france-2-a-mis-en-scene-les-assaillants-du-bataclan-pour-leur-donner-un-visage-mais-clx1_256342.html\" target=\"_blank\" rel=\"noopener\">du Bataclan<\/a> et pr\u00e9sident de l\u2019association Life for Paris, a r\u00e9pondu sur X \u00e0 Me Ronen que \u00ab\u00a0plusieurs victimes des attentats\u00a0\u00bb s\u2019int\u00e9ressaient \u00e0 la justice restaurative, \u00ab\u00a0ce qui pourrait aboutir comme en Espagne ou en Italie \u00e0 des rencontres en prison avec votre client\u00a0\u00bb.<\/p>\n<p> La lecture de ce contenu est susceptible d\u2019entra\u00eener un d\u00e9p\u00f4t de cookies de la part de l\u2019op\u00e9rateur tiers qui l\u2019h\u00e9berge. Compte-tenu des choix que vous avez exprim\u00e9s en mati\u00e8re de d\u00e9p\u00f4t de cookies, nous avons bloqu\u00e9 l\u2019affichage de ce contenu. Si vous souhaitez y acc\u00e9der, vous devez accepter la cat\u00e9gorie de cookies \u201cContenus tiers\u201d en cliquant sur le bouton ci-dessous. <\/p>\n<p> Lire la Vid\u00e9o        <\/p>\n<p class=\"asset asset-text\">\u00ab\u00a0\u00c7a m\u2019int\u00e9resse particuli\u00e8rement de rencontrer Salah Abdeslam parce que j\u2019ai quelques questions \u00e0 lui poser\u00a0\u00bb, a \u00e9galement r\u00e9agi <a href=\"https:\/\/www.huffingtonpost.fr\/actualites\/article\/pere-d-une-des-victimes-du-13-novembre-il-decrit-un-deuxieme-anniversaire-plus-dur-a-supporter-que-le-premier_111971.html\" target=\"_blank\" rel=\"noopener\">Georges Salines, <\/a>p\u00e8re de Lola, tu\u00e9e au Bataclan. La d\u00e9marche de Salah Abdeslam ne l\u2019\u00e9tonne pas\u00a0: \u00ab\u00a0il avait accept\u00e9 une premi\u00e8re fois de me rencontrer lorsqu\u2019il \u00e9tait d\u00e9tenu en Belgique\u00a0\u00bb, se souvient-il. George Salines voudrait notamment demander au terroriste ce qu\u2019il pense des attentats, des ann\u00e9es plus tard, indique franceinfo.<\/p>\n<p>    Salah Abdeslam est toujours \u00ab\u00a0radicalis\u00e9\u00a0\u00bb    <\/p>\n<p class=\"asset asset-text\">Le seul membre vivant des commandos meurtriers du 13\u00a0novembre\u00a02015, incarc\u00e9r\u00e9 \u00e0 la prison de Vendin-le-Vieil (Pas-de-Calais), a \u00e9t\u00e9 plac\u00e9 la semaine derni\u00e8re deux fois en garde \u00e0 vue puis rel\u00e2ch\u00e9 et r\u00e9int\u00e9gr\u00e9 en d\u00e9tention, dans une enqu\u00eate sur la d\u00e9tention<a href=\"https:\/\/www.huffingtonpost.fr\/justice\/article\/clef-usb-remise-a-salah-abdeslam-l-enquete-prend-un-tour-nouveau-avec-trois-mises-en-examen_256942.html\" target=\"_blank\" rel=\"noopener\"> d\u2019une cl\u00e9 USB<\/a> charg\u00e9e selon le parquet national antiterroriste (Pnat) de documents ayant \u00ab\u00a0trait \u00e0 la propagande officielle d\u2019organisations terroristes, \u00c9tat islamique ou Al-Qa\u00efda\u00a0\u00bb. Le Pnat a requis sa \u00ab\u00a0mise en examen ult\u00e9rieure\u00a0\u00bb.<\/p>\n<p class=\"asset asset-text\">Cette cl\u00e9 lui a \u00e9t\u00e9 fournie lors d\u2019une visite au parloir par une ex-compagne, Ma\u00ebva B., qui a elle \u00e9t\u00e9 doublement mise en examen et incarc\u00e9r\u00e9e. Elle est aussi soup\u00e7onn\u00e9e d\u2019\u00eatre impliqu\u00e9e dans un projet d\u2019attentat d\u00e9jou\u00e9. Lundi, la directrice g\u00e9n\u00e9rale de la s\u00e9curit\u00e9 int\u00e9rieure C\u00e9line Berthon a affirm\u00e9 que Salah Abdeslam, toujours \u00ab\u00a0radicalis\u00e9\u00a0\u00bb, \u00ab\u00a0n\u2019\u00e9tait pas mis en cause\u00a0\u00bb dans ce projet d\u2019attentat.<\/p>\n<p class=\"asset asset-text\">La France va comm\u00e9morer jeudi, au cours d\u2019une journ\u00e9e d\u2019hommage aux victimes, les attentats du 13\u00a0novembre\u00a02015 \u00e0 Paris et Saint-Denis, qui ont fait 132 morts &#8211; dont deux suicides de rescap\u00e9s du Bataclan emport\u00e9s par de profondes blessures psychiques.<\/p>\n","protected":false},"excerpt":{"rendered":"JONATHAN DE CESARE \/ AFP Croquis d\u2019audience de Salah Abdeslam lors du proc\u00e8s des attentats-suicides du 22\u00a0mars 2016\u00a0devant&hellip;\n","protected":false},"author":2,"featured_media":527584,"comment_status":"","ping_status":"","sticky":false,"template":"","format":"standard","meta":{"footnotes":""},"categories":[4],"tags":[11,63085,1011,27,303,12,25,63713,1254],"class_list":{"0":"post-527583","1":"post","2":"type-post","3":"status-publish","4":"format-standard","5":"has-post-thumbnail","7":"category-france","8":"tag-actualites","9":"tag-attentats-13-novembre-2015","10":"tag-fr","11":"tag-france","12":"tag-justice","13":"tag-news","14":"tag-republique-francaise","15":"tag-salah-abdeslam","16":"tag-terrorisme"},"share_on_mastodon":{"url":"https:\/\/pubeurope.com\/@fr\/115532256601370350","error":""},"_links":{"self":[{"href":"https:\/\/www.europesays.com\/fr\/wp-json\/wp\/v2\/posts\/527583","targetHints":{"allow":["GET"]}}],"collection":[{"href":"https:\/\/www.europesays.com\/fr\/wp-json\/wp\/v2\/posts"}],"about":[{"href":"https:\/\/www.europesays.com\/fr\/wp-json\/wp\/v2\/types\/post"}],"author":[{"embeddable":true,"href":"https:\/\/www.europesays.com\/fr\/wp-json\/wp\/v2\/users\/2"}],"replies":[{"embeddable":true,"href":"https:\/\/www.europesays.com\/fr\/wp-json\/wp\/v2\/comments?post=527583"}],"version-history":[{"count":0,"href":"https:\/\/www.europesays.com\/fr\/wp-json\/wp\/v2\/posts\/527583\/revisions"}],"wp:featuredmedia":[{"embeddable":true,"href":"https:\/\/www.europesays.com\/fr\/wp-json\/wp\/v2\/media\/527584"}],"wp:attachment":[{"href":"https:\/\/www.europesays.com\/fr\/wp-json\/wp\/v2\/media?parent=527583"}],"wp:term":[{"taxonomy":"category","embeddable":true,"href":"https:\/\/www.europesays.com\/fr\/wp-json\/wp\/v2\/categories?post=527583"},{"taxonomy":"post_tag","embeddable":true,"href":"https:\/\/www.europesays.com\/fr\/wp-json\/wp\/v2\/tags?post=527583"}],"curies":[{"name":"wp","href":"https:\/\/api.w.org\/{rel}","templated":true}]}}