{"id":527585,"date":"2025-11-11T17:31:11","date_gmt":"2025-11-11T17:31:11","guid":{"rendered":"https:\/\/www.europesays.com\/fr\/527585\/"},"modified":"2025-11-11T17:31:11","modified_gmt":"2025-11-11T17:31:11","slug":"debat-entre-deux-deputes-nes-en-1964-et-concernes-par-la-suspension-de-la-reforme-des-retraites-nous-on-a-eu-le-choix-de-notre-carriere-liberation","status":"publish","type":"post","link":"https:\/\/www.europesays.com\/fr\/527585\/","title":{"rendered":"D\u00e9bat entre deux d\u00e9put\u00e9s n\u00e9s en 1964 et concern\u00e9s par la suspension de la r\u00e9forme des retraites : \u00abNous, on a eu le choix de notre carri\u00e8re &#8211; Lib\u00e9ration"},"content":{"rendered":"<ol>\n<li><a href=\"https:\/\/news.google.com\/rss\/articles\/CBMiugJBVV95cUxNT3BJbTdUOWFySWZ3dDNZcG9uQTBpRWN3ZEZ0eHp2ZXVKX1ktenZnYk1iNXFUQjdSdk1ER1d4aEhpRi1vUXk1T0pfWTZ1T0wtS3dia2xBcFZCQzhaMWdNc01pNXozbnpwSzNXR0t0VG8zX1VrRUY1V002RDVFSFZMcXpaYVlUUFlTSkNZV1Iwd1QxM25QeU9LV0NkUVBjNmZNc2FKSFloWC0waFdRMFA2SkpnMTRFMUZ1RkNxS3RFWW9xU2pmdnlfek4yUjBRZEt3MU9PcHgzMEhVMEk3eWFnQ0pyOWEtTmVWN0RXVnpHMWEyVk9Pakh1Vy14ei14WjAyY1JMSHdDT2NucDJMVnFtdHhZWEpEcnhUWENLaE5MemlGSkc4aHNOQ1VZLXlGNzctZlZqdERyX0l3UQ?oc=5\" target=\"_blank\" rel=\"noopener\">D\u00e9bat entre deux d\u00e9put\u00e9s n\u00e9s en 1964 et concern\u00e9s par la suspension de la r\u00e9forme des retraites : \u00abNous, on a eu le choix de notre carri\u00e8re<\/a>&nbsp;&nbsp;Lib\u00e9ration<\/li>\n<li><a href=\"https:\/\/news.google.com\/rss\/articles\/CBMi9wFBVV95cUxONTNYVVpRaHR0MVgwX0c2TXUzVWQySXMzZl9XMmgxUzU4NjQ5U3dsbm54ZlBEYnVTbFk0aTRxdFJjTGpRdGkyaG93SVpzMEsxWS04TnRQV3NrSDZCTTlBeGhndmxBR2lQNWxXZDBtUTJkTXQwb2NGUlZlUS1UZlVhSjZvYnNWSWcwcDBOa3ZKUU56OHhSbDQ3emtfYzFtN2tkUWUwZU9yMjEyOXhZYzdSektOVzFrOV8xVVRrYmlWTDA5T0FNVm9YcFNGRS1QMDU4R2J0ZV92QzNkNHNiR0NMdWZlSkJ5RTlHeFZkV3NYMGpfU2hfZFlz?oc=5\" target=\"_blank\" rel=\"noopener\">R\u00e9forme des retraites\/carri\u00e8res longues: \u00ab\u00a0C&rsquo;est une arnaque absolue\u00a0\u00bb, assure Aur\u00e9lien Le Coq (LFI)<\/a>&nbsp;&nbsp;BFMTV<\/li>\n<li><a href=\"https:\/\/news.google.com\/rss\/articles\/CBMikgFBVV95cUxQQTZQdWhSenRDd1RxbWhXNWVtRUEyaHM0U3BSZ2c0VVlQUGNQeXZ3SWk2cUF4VWttanMwUUxjdGpJTWR4WU02UkJvM2pPbnJ1OFBfWjA5dF8xSldSZ2lJZEZKbXk2LVh6UHB5YXRZbGVNSGtOd1BBTm1BRnFXNHFTZ1QwcHJROS1tNTBWWFlxMXpPQQ?oc=5\" target=\"_blank\" rel=\"noopener\">Bertille Bayart : \u00abRetraites, le tragique de r\u00e9p\u00e9tition\u00bb<\/a>&nbsp;&nbsp;Le Figaro<\/li>\n<li><a href=\"https:\/\/news.google.com\/rss\/articles\/CBMilAJBVV95cUxQNmYwdU1nR2gtSVZOTmx1Z0RkZUxxMVNUUkVBZWFQZDF0TzdqT3BpUU5WTURNaEhad3JuWnBGLTlvWWs0ZUFFZmM3YUYxaXZUaGpBZFBPaFVHaTR5T0l2TEdqTnNzc3pLOXNhLUJ0ZmhrNEJFMkwwbTBQT3dkOGxkNmZOejI2dXB6TUN0NmxacUFnYm9aS2s2dHJaVEFONHBYNkNSSC1YZzhNY0ZqcDY0ZEJzVUk4cnNCaUJ0ejgzcWl0ZXV2cFJCNXpOM0dUeFMtSHR2WXl1aFhEQUM1d19IYUxlbWgzeVBjYXd4Sk9IaExLelFsek8xLVR0ZE1za2Nobk9hcUlfdTV0T2dIVlpRaEhsVmE?oc=5\" target=\"_blank\" rel=\"noopener\">Suspension de la r\u00e9forme des retraites : le gouvernement va d\u00e9poser un amendement pour inclure les carri\u00e8res longues<\/a>&nbsp;&nbsp;Lib\u00e9ration<\/li>\n<li><a href=\"https:\/\/news.google.com\/rss\/articles\/CBMiggJBVV95cUxOdHpzQnBjRkxMX01Ia3pRNlFaQUl4bThKY0FrQ3ctLVotdHktMFZjRmkxbDZNaXZrbk1EWWhlbEFuQ3JEMk1NMER4TmhZUkN6Uks2UkZlc1F2T1JUQzJWTXVzUm4teHE4RDdBM3ZDQXQ0ZGIyVEQ4dkpGMWtZMC1NSGF5UFd3NnExQW9xOW5Yb1hBY040TVNuWmZBcHVWY2pmcV9Gelh5Q3ZVN2lacUI3ZVJaLUJYbldRMmlLOXZic0pkYVhLZGsxN2VxazRtT0tHVUlNM0o5ME4tRDB0VDdveVF6SE90SjlCaURJQTdONmxvVUNCaGNkb1VJN2NXNnBPNnc?oc=5\" target=\"_blank\" rel=\"noopener\">\u00ab\u00a0Le d\u00e9bat d&rsquo;aujourd&rsquo;hui me d\u00e9sole\u00a0\u00bb : sur RTL, Thierry Breton affirme qu&rsquo;il ne voterait pas la suspension de la r\u00e9forme des retraites<\/a>&nbsp;&nbsp;RTL.fr<\/li>\n<\/ol>\n","protected":false},"excerpt":{"rendered":"D\u00e9bat entre deux d\u00e9put\u00e9s n\u00e9s en 1964 et concern\u00e9s par la suspension de la r\u00e9forme des retraites :&hellip;\n","protected":false},"author":2,"featured_media":527586,"comment_status":"","ping_status":"","sticky":false,"template":"","format":"standard","meta":{"footnotes":""},"categories":[2],"tags":[11,416,1011,27,3228,12,429,11036],"class_list":{"0":"post-527585","1":"post","2":"type-post","3":"status-publish","4":"format-standard","5":"has-post-thumbnail","7":"category-actualites","8":"tag-actualites","9":"tag-assemblee-nationale","10":"tag-fr","11":"tag-france","12":"tag-lr","13":"tag-news","14":"tag-ps","15":"tag-reforme-des-retraites"},"share_on_mastodon":{"url":"https:\/\/pubeurope.com\/@fr\/115532259794361469","error":""},"_links":{"self":[{"href":"https:\/\/www.europesays.com\/fr\/wp-json\/wp\/v2\/posts\/527585","targetHints":{"allow":["GET"]}}],"collection":[{"href":"https:\/\/www.europesays.com\/fr\/wp-json\/wp\/v2\/posts"}],"about":[{"href":"https:\/\/www.europesays.com\/fr\/wp-json\/wp\/v2\/types\/post"}],"author":[{"embeddable":true,"href":"https:\/\/www.europesays.com\/fr\/wp-json\/wp\/v2\/users\/2"}],"replies":[{"embeddable":true,"href":"https:\/\/www.europesays.com\/fr\/wp-json\/wp\/v2\/comments?post=527585"}],"version-history":[{"count":0,"href":"https:\/\/www.europesays.com\/fr\/wp-json\/wp\/v2\/posts\/527585\/revisions"}],"wp:featuredmedia":[{"embeddable":true,"href":"https:\/\/www.europesays.com\/fr\/wp-json\/wp\/v2\/media\/527586"}],"wp:attachment":[{"href":"https:\/\/www.europesays.com\/fr\/wp-json\/wp\/v2\/media?parent=527585"}],"wp:term":[{"taxonomy":"category","embeddable":true,"href":"https:\/\/www.europesays.com\/fr\/wp-json\/wp\/v2\/categories?post=527585"},{"taxonomy":"post_tag","embeddable":true,"href":"https:\/\/www.europesays.com\/fr\/wp-json\/wp\/v2\/tags?post=527585"}],"curies":[{"name":"wp","href":"https:\/\/api.w.org\/{rel}","templated":true}]}}