{"id":527587,"date":"2025-11-11T17:33:10","date_gmt":"2025-11-11T17:33:10","guid":{"rendered":"https:\/\/www.europesays.com\/fr\/527587\/"},"modified":"2025-11-11T17:33:10","modified_gmt":"2025-11-11T17:33:10","slug":"on-en-sait-plus-sur-les-affrontements-entre-supporters-stephanois-qui-se-sont-produits-samedi-en-parcage-a-troyes","status":"publish","type":"post","link":"https:\/\/www.europesays.com\/fr\/527587\/","title":{"rendered":"On en sait plus sur les affrontements entre supporters st\u00e9phanois qui se sont produits samedi en parcage \u00e0 Troyes"},"content":{"rendered":"<p>Entre 100 et 150 supporters ultras se sont battus samedi dernier dans la tribune r\u00e9serv\u00e9e aux supporters ext\u00e9rieurs du stade de l&rsquo;Aube \u00e0 Troyes \u00e0 l&rsquo;occasion du match contre l&rsquo;Estac. Des affrontements violents selon la Pr\u00e9fecture de C\u00f4te d&rsquo;Or.<\/p>\n<p>La Pr\u00e9fecture de C\u00f4te d&rsquo;Or a sign\u00e9 un\u00a0<a class=\"IciLink ici-link IciArticleLink g-ici-body-regular-1 underline brand svelte-lu7k6w\" href=\"https:\/\/www.francebleu.fr\/sports\/football\/coupe-de-france-les-supporters-de-l-as-saint-etienne-interdits-de-deplacement-a-dijon-pour-le-7e-tour-face-a-quetigny-3497622\" rel=\"nofollow noopener\" target=\"_blank\">arr\u00eat\u00e9 ce lundi pour interdire la pr\u00e9sence de supporters st\u00e9phanois<\/a>\u00a0lors du match de coupe de France pr\u00e9vu samedi \u00e0 Dijon contre l&rsquo;AS Quetigny. Et pour justifier cette d\u00e9cision, elle \u00e9voque notamment les affrontements qui ont eu lieu samedi au stade de l&rsquo;Aube \u00e0 Troyes.<\/p>\n<p>Pendant ce match de la 14e journ\u00e9e de Ligue 2, alors que les joueurs de l&rsquo;AS Saint-\u00c9tienne se sont impos\u00e9s 1-0 face au leader du championnat, les supporters des Verts se sont montr\u00e9s \u00e9trangement silencieux, quittant m\u00eame le stade avant la fin de la rencontre.<\/p>\n<p>La Pr\u00e9fecture de C\u00f4te d&rsquo;Or explique que \u00ab\u00a0100 \u00e0 150 ultras de deux groupes de supporters st\u00e9phanois se sont battus pendant 40 minutes sans que la s\u00e9curit\u00e9 priv\u00e9e du club de Saint-\u00c9tienne n&rsquo;ait \u00e9t\u00e9 en capacit\u00e9 d&rsquo;intervenir au vu de la violence lors de cet affrontement\u00a0\u00bb. Selon nos informations, les \u00e9chauffour\u00e9es ont d\u00e9but\u00e9 20 minutes avant le d\u00e9but de la rencontre.<\/p>\n<p>Dans son arr\u00eat\u00e9 pr\u00e9fectoral, le Pr\u00e9fet dijonnais raconte que \u00ab\u00a0les leaders de ces groupes ont \u00e9galement tent\u00e9 en vain de mettre fin \u00e0 ces affrontements et se sont r\u00e9v\u00e9l\u00e9s impuissants face \u00e0 la situation\u00a0\u00bb. Pour lui il y a un risque de r\u00e9it\u00e9ration puisque \u00ab\u00a0les groupes ultras (ont) d\u00e9j\u00e0 manifest\u00e9 leur volont\u00e9 d&rsquo;un match retour\u00a0\u00bb.<\/p>\n<p>Quand les cars des supporters st\u00e9phanois sont rentr\u00e9s \u00e0 Saint-\u00c9tienne samedi soir apr\u00e8s le match, des policiers mais \u00e9galement des CRS ont \u00e9t\u00e9 mobilis\u00e9s \u00e0 l&rsquo;Etivalli\u00e8re par crainte de d\u00e9bordements. Mais le retour des supporters s&rsquo;est fait dans le calme.<\/p>\n","protected":false},"excerpt":{"rendered":"Entre 100 et 150 supporters ultras se sont battus samedi dernier dans la tribune r\u00e9serv\u00e9e aux supporters ext\u00e9rieurs&hellip;\n","protected":false},"author":2,"featured_media":527588,"comment_status":"","ping_status":"","sticky":false,"template":"","format":"standard","meta":{"footnotes":""},"categories":[9653],"tags":[1111,11,2430,1777,674,1011,27,12,25,4001],"class_list":{"0":"post-527587","1":"post","2":"type-post","3":"status-publish","4":"format-standard","5":"has-post-thumbnail","7":"category-saint-etienne","8":"tag-actu","9":"tag-actualites","10":"tag-auvergne-rhone-alpes","11":"tag-eu","12":"tag-europe","13":"tag-fr","14":"tag-france","15":"tag-news","16":"tag-republique-francaise","17":"tag-saint-etienne"},"share_on_mastodon":{"url":"https:\/\/pubeurope.com\/@fr\/115532267803712808","error":""},"_links":{"self":[{"href":"https:\/\/www.europesays.com\/fr\/wp-json\/wp\/v2\/posts\/527587","targetHints":{"allow":["GET"]}}],"collection":[{"href":"https:\/\/www.europesays.com\/fr\/wp-json\/wp\/v2\/posts"}],"about":[{"href":"https:\/\/www.europesays.com\/fr\/wp-json\/wp\/v2\/types\/post"}],"author":[{"embeddable":true,"href":"https:\/\/www.europesays.com\/fr\/wp-json\/wp\/v2\/users\/2"}],"replies":[{"embeddable":true,"href":"https:\/\/www.europesays.com\/fr\/wp-json\/wp\/v2\/comments?post=527587"}],"version-history":[{"count":0,"href":"https:\/\/www.europesays.com\/fr\/wp-json\/wp\/v2\/posts\/527587\/revisions"}],"wp:featuredmedia":[{"embeddable":true,"href":"https:\/\/www.europesays.com\/fr\/wp-json\/wp\/v2\/media\/527588"}],"wp:attachment":[{"href":"https:\/\/www.europesays.com\/fr\/wp-json\/wp\/v2\/media?parent=527587"}],"wp:term":[{"taxonomy":"category","embeddable":true,"href":"https:\/\/www.europesays.com\/fr\/wp-json\/wp\/v2\/categories?post=527587"},{"taxonomy":"post_tag","embeddable":true,"href":"https:\/\/www.europesays.com\/fr\/wp-json\/wp\/v2\/tags?post=527587"}],"curies":[{"name":"wp","href":"https:\/\/api.w.org\/{rel}","templated":true}]}}