{"id":527589,"date":"2025-11-11T17:34:12","date_gmt":"2025-11-11T17:34:12","guid":{"rendered":"https:\/\/www.europesays.com\/fr\/527589\/"},"modified":"2025-11-11T17:34:12","modified_gmt":"2025-11-11T17:34:12","slug":"nancy-un-rassemblement-pour-le-retour-des-trains-de-nuit","status":"publish","type":"post","link":"https:\/\/www.europesays.com\/fr\/527589\/","title":{"rendered":"Nancy. Un rassemblement pour le retour des trains de nuit"},"content":{"rendered":"<p>La CGT Cheminots de Toul et le Groupe local Greenpeace de Nancy se mobilisent aux c\u00f4t\u00e9s des usagers et des \u00e9lus pour le retour des trains de nuit en Lorraine. <\/p>\n<p>Un rassemblement dans ce sens aura lieu devant la gare de Nancy, le samedi 15 novembre \u00e0 11 h 30. Leurs revendications ?<\/p>\n<p>D\u2019une part, que les trains vers Vienne et Berlin ne se contentent pas seulement d\u2019un arr\u00eat technique mais qu\u2019ils desservent Nancy \u00abafin de mieux connecter la Lorraine \u00e0 l\u2019Europe\u00bb. Et d\u2019autre part, que des trains de nuit de Metz et Nancy irriguent \u00e0 nouveau le sud de la France, comme l\u2019a demand\u00e9 la M\u00e9tropole du Grand Nancy. Soit remettre en place des liaisons directes vers Marseille, Toulon, Nice d\u2019un c\u00f4t\u00e9; Perpignan et Barcelone de l\u2019autre. <\/p>\n","protected":false},"excerpt":{"rendered":"La CGT Cheminots de Toul et le Groupe local Greenpeace de Nancy se mobilisent aux c\u00f4t\u00e9s des usagers&hellip;\n","protected":false},"author":2,"featured_media":527590,"comment_status":"","ping_status":"","sticky":false,"template":"","format":"standard","meta":{"footnotes":""},"categories":[9635],"tags":[1111,11,1704,1777,674,1011,27,775,3457,1702,1703,12,25,801,2803],"class_list":{"0":"post-527589","1":"post","2":"type-post","3":"status-publish","4":"format-standard","5":"has-post-thumbnail","7":"category-nancy","8":"tag-actu","9":"tag-actualites","10":"tag-edition-nancy-et-agglomeration","11":"tag-eu","12":"tag-europe","13":"tag-fr","14":"tag-france","15":"tag-grand-est","16":"tag-meurthe-et-moselle","17":"tag-nancy","18":"tag-nancy-ville-54b","19":"tag-news","20":"tag-republique-francaise","21":"tag-social","22":"tag-transport"},"share_on_mastodon":{"url":"https:\/\/pubeurope.com\/@fr\/115532271724052076","error":""},"_links":{"self":[{"href":"https:\/\/www.europesays.com\/fr\/wp-json\/wp\/v2\/posts\/527589","targetHints":{"allow":["GET"]}}],"collection":[{"href":"https:\/\/www.europesays.com\/fr\/wp-json\/wp\/v2\/posts"}],"about":[{"href":"https:\/\/www.europesays.com\/fr\/wp-json\/wp\/v2\/types\/post"}],"author":[{"embeddable":true,"href":"https:\/\/www.europesays.com\/fr\/wp-json\/wp\/v2\/users\/2"}],"replies":[{"embeddable":true,"href":"https:\/\/www.europesays.com\/fr\/wp-json\/wp\/v2\/comments?post=527589"}],"version-history":[{"count":0,"href":"https:\/\/www.europesays.com\/fr\/wp-json\/wp\/v2\/posts\/527589\/revisions"}],"wp:featuredmedia":[{"embeddable":true,"href":"https:\/\/www.europesays.com\/fr\/wp-json\/wp\/v2\/media\/527590"}],"wp:attachment":[{"href":"https:\/\/www.europesays.com\/fr\/wp-json\/wp\/v2\/media?parent=527589"}],"wp:term":[{"taxonomy":"category","embeddable":true,"href":"https:\/\/www.europesays.com\/fr\/wp-json\/wp\/v2\/categories?post=527589"},{"taxonomy":"post_tag","embeddable":true,"href":"https:\/\/www.europesays.com\/fr\/wp-json\/wp\/v2\/tags?post=527589"}],"curies":[{"name":"wp","href":"https:\/\/api.w.org\/{rel}","templated":true}]}}