{"id":527593,"date":"2025-11-11T17:37:17","date_gmt":"2025-11-11T17:37:17","guid":{"rendered":"https:\/\/www.europesays.com\/fr\/527593\/"},"modified":"2025-11-11T17:37:17","modified_gmt":"2025-11-11T17:37:17","slug":"entretien-julien-bellver-presente-generation-13-novembre-sur-tmc-une-insouciance","status":"publish","type":"post","link":"https:\/\/www.europesays.com\/fr\/527593\/","title":{"rendered":"ENTRETIEN. Julien Bellver pr\u00e9sente \u00ab\u00a0G\u00e9n\u00e9ration 13 Novembre\u00a0\u00bb\u00a0sur TMC : \u00ab\u00a0Une insouciance"},"content":{"rendered":"<tr wp_automatic_readability=\"5.9021739130435\">\n<td valign=\"middle\" align=\"center\" class=\"col-logo\" wp_automatic_readability=\"5\">\n    <img decoding=\"async\" src=\"https:\/\/maville.com\/design\/images\/logo-of-monetise.svg?version=20130627\" alt=\"logo Ouest-France\" height=\"66\"\/><\/p>\n<p>Contenu r\u00e9serv\u00e9 aux abonn\u00e9s<\/p>\n<\/td>\n<td class=\"col-titre\">\n\t\t\tMardi 11 novembre 2025 16:01<br \/>\n\t\t\t<a class=\"icon-bulle sizeL count\" href=\"#ancreAvis\"><br \/>\n\t&#8230;<br \/>\n<\/a><\/td>\n<\/tr>\n<p>\t\t<a class=\"mavillebox2 elmt-photo\" href=\"https:\/\/maville.com\/photosmvi\/2025\/11\/11\/P35574691D7059116G.jpg\" title=\" Julien Bellver.  \u00a9  Ralph Wenig \/ TF1  \" rel=\"galerie_actu noopener\" target=\"_blank\"><br \/>\n\t<img decoding=\"async\" src=\"https:\/\/www.europesays.com\/fr\/wp-content\/uploads\/2025\/11\/P35574691D7059116G_crop_640-330_.jpg\" alt=\"photo  julien bellver.  \u00a9  ralph wenig \/ tf1 \"\/><br \/>\n\t1<br \/>\n<\/a><\/p>\n<p class=\"elmt-legende\"> Julien Bellver.  \u00a9  Ralph Wenig \/ TF1  <\/p>\n<p>\t\tDix ans apr\u00e8s les attentats du 13 novembre\u00a02015, Julien Bellver signe ce mardi soir sur TMC un documentaire poignant, \u00ab\u00a0G\u00e9n\u00e9ration 13\u00a0Novembre\u00a0\u00bb. \u00c0 travers des images d\u2019archives et les t\u00e9moignages de celles et ceux qui ont v\u00e9cu cette nuit d\u2019horreur, le journaliste de \u00ab\u00a0Quotidien\u00a0\u00bb retrace un drame qui a marqu\u00e9 la France \u00e0 jamais.<\/p>\n<p><b>Cet article est r\u00e9serv\u00e9 aux abonn\u00e9s<\/b><\/p>\n<p>Pour un acc\u00e8s imm\u00e9diat, abonnez-vous<\/p>\n<p><b>1\u00e8re semaine offerte<\/b><\/p>\n<p>\t\t Propos recueillis par Thibaut Lescuyer (CMI) \u00a0\u00a0<br \/>\n\t\tOuest-France<\/p>\n<p>\t\t&#13;<\/p>\n","protected":false},"excerpt":{"rendered":"Contenu r\u00e9serv\u00e9 aux abonn\u00e9s Mardi 11 novembre 2025 16:01 &#8230; 1 Julien Bellver. \u00a9 Ralph Wenig \/ TF1&hellip;\n","protected":false},"author":2,"featured_media":527594,"comment_status":"","ping_status":"","sticky":false,"template":"","format":"standard","meta":{"footnotes":""},"categories":[9619],"tags":[18876,1111,11,64683,2956,64684,1777,674,1011,27,3606,36616,28935,12,24649,3285,882,25,8648,2310],"class_list":{"0":"post-527593","1":"post","2":"type-post","3":"status-publish","4":"format-standard","5":"has-post-thumbnail","7":"category-toulon","8":"tag-18876","9":"tag-actu","10":"tag-actualites","11":"tag-bellver","12":"tag-entretien","13":"tag-envolee","14":"tag-eu","15":"tag-europe","16":"tag-fr","17":"tag-france","18":"tag-generation","19":"tag-insouciance","20":"tag-julien","21":"tag-news","22":"tag-novembre","23":"tag-presente","24":"tag-provence-alpes-cote-dazur","25":"tag-republique-francaise","26":"tag-tmc","27":"tag-toulon"},"share_on_mastodon":{"url":"https:\/\/pubeurope.com\/@fr\/115532284605903673","error":""},"_links":{"self":[{"href":"https:\/\/www.europesays.com\/fr\/wp-json\/wp\/v2\/posts\/527593","targetHints":{"allow":["GET"]}}],"collection":[{"href":"https:\/\/www.europesays.com\/fr\/wp-json\/wp\/v2\/posts"}],"about":[{"href":"https:\/\/www.europesays.com\/fr\/wp-json\/wp\/v2\/types\/post"}],"author":[{"embeddable":true,"href":"https:\/\/www.europesays.com\/fr\/wp-json\/wp\/v2\/users\/2"}],"replies":[{"embeddable":true,"href":"https:\/\/www.europesays.com\/fr\/wp-json\/wp\/v2\/comments?post=527593"}],"version-history":[{"count":0,"href":"https:\/\/www.europesays.com\/fr\/wp-json\/wp\/v2\/posts\/527593\/revisions"}],"wp:featuredmedia":[{"embeddable":true,"href":"https:\/\/www.europesays.com\/fr\/wp-json\/wp\/v2\/media\/527594"}],"wp:attachment":[{"href":"https:\/\/www.europesays.com\/fr\/wp-json\/wp\/v2\/media?parent=527593"}],"wp:term":[{"taxonomy":"category","embeddable":true,"href":"https:\/\/www.europesays.com\/fr\/wp-json\/wp\/v2\/categories?post=527593"},{"taxonomy":"post_tag","embeddable":true,"href":"https:\/\/www.europesays.com\/fr\/wp-json\/wp\/v2\/tags?post=527593"}],"curies":[{"name":"wp","href":"https:\/\/api.w.org\/{rel}","templated":true}]}}