{"id":527599,"date":"2025-11-11T17:40:15","date_gmt":"2025-11-11T17:40:15","guid":{"rendered":"https:\/\/www.europesays.com\/fr\/527599\/"},"modified":"2025-11-11T17:40:15","modified_gmt":"2025-11-11T17:40:15","slug":"pres-de-barentin-le-label-4-fleurs-ne-quitte-pas-la-commune","status":"publish","type":"post","link":"https:\/\/www.europesays.com\/fr\/527599\/","title":{"rendered":"Pr\u00e8s de\u00a0Barentin. Le label 4 fleurs ne quitte pas la commune"},"content":{"rendered":"<p>\t\t\t\t\t\t\tSoci\u00e9t\u00e9.<\/p>\n<p>\t\t\t\t\tLa Ville de Montville conserve sa quatri\u00e8me fleur au concours des Villes et Villages fleuris et recevra son prix en d\u00e9cembre prochain.\t\t\t\t<\/p>\n<p>\n\t\t\t\t\tPubli\u00e9 le<br \/>\n\t\t\t\t\t11\/11\/2025 \u00e0 18h20 &#8211; Par Julie Hervieux\t\t\t\t\t<\/p>\n<p>\t\t\t\t\t\t\t\t<img decoding=\"async\" class=\"media illustration\" src=\"https:\/\/www.europesays.com\/fr\/wp-content\/uploads\/2025\/11\/1762882815_524_\" width=\"1200\" height=\"578\" loading=\"eager\" fetchpriority=\"high\" alt=\"Pr\u00e8s de\u00a0Barentin. Le label 4 fleurs ne quitte pas la commune\"\/><\/p>\n<p>\t\t\t\t\t\t\t\t\t\t\t\t\t\t\tL&rsquo;\u00e9quipe municipale de Montville est fi\u00e8re d&rsquo;avoir obtenu \u00e0 nouveau le label 4 fleurs.Les quatre fleurs ont \u00e9t\u00e9 obtenues dans la commune d\u00e8s 2001<\/p>\n","protected":false},"excerpt":{"rendered":"Soci\u00e9t\u00e9. La Ville de Montville conserve sa quatri\u00e8me fleur au concours des Villes et Villages fleuris et recevra&hellip;\n","protected":false},"author":2,"featured_media":527600,"comment_status":"","ping_status":"","sticky":false,"template":"","format":"standard","meta":{"footnotes":""},"categories":[9587],"tags":[1111,11,1777,674,1011,27,12,5161,25,9590],"class_list":{"0":"post-527599","1":"post","2":"type-post","3":"status-publish","4":"format-standard","5":"has-post-thumbnail","7":"category-rouen","8":"tag-actu","9":"tag-actualites","10":"tag-eu","11":"tag-europe","12":"tag-fr","13":"tag-france","14":"tag-news","15":"tag-normandie","16":"tag-republique-francaise","17":"tag-rouen"},"share_on_mastodon":{"url":"https:\/\/pubeurope.com\/@fr\/115532296053253502","error":""},"_links":{"self":[{"href":"https:\/\/www.europesays.com\/fr\/wp-json\/wp\/v2\/posts\/527599","targetHints":{"allow":["GET"]}}],"collection":[{"href":"https:\/\/www.europesays.com\/fr\/wp-json\/wp\/v2\/posts"}],"about":[{"href":"https:\/\/www.europesays.com\/fr\/wp-json\/wp\/v2\/types\/post"}],"author":[{"embeddable":true,"href":"https:\/\/www.europesays.com\/fr\/wp-json\/wp\/v2\/users\/2"}],"replies":[{"embeddable":true,"href":"https:\/\/www.europesays.com\/fr\/wp-json\/wp\/v2\/comments?post=527599"}],"version-history":[{"count":0,"href":"https:\/\/www.europesays.com\/fr\/wp-json\/wp\/v2\/posts\/527599\/revisions"}],"wp:featuredmedia":[{"embeddable":true,"href":"https:\/\/www.europesays.com\/fr\/wp-json\/wp\/v2\/media\/527600"}],"wp:attachment":[{"href":"https:\/\/www.europesays.com\/fr\/wp-json\/wp\/v2\/media?parent=527599"}],"wp:term":[{"taxonomy":"category","embeddable":true,"href":"https:\/\/www.europesays.com\/fr\/wp-json\/wp\/v2\/categories?post=527599"},{"taxonomy":"post_tag","embeddable":true,"href":"https:\/\/www.europesays.com\/fr\/wp-json\/wp\/v2\/tags?post=527599"}],"curies":[{"name":"wp","href":"https:\/\/api.w.org\/{rel}","templated":true}]}}