{"id":527601,"date":"2025-11-11T17:41:13","date_gmt":"2025-11-11T17:41:13","guid":{"rendered":"https:\/\/www.europesays.com\/fr\/527601\/"},"modified":"2025-11-11T17:41:13","modified_gmt":"2025-11-11T17:41:13","slug":"rouen-un-homme-prend-feu-en-faisant-le-plein-a-la-station-service","status":"publish","type":"post","link":"https:\/\/www.europesays.com\/fr\/527601\/","title":{"rendered":"Rouen : Un homme prend feu en faisant le plein \u00e0 la station-service"},"content":{"rendered":"<p class=\"mb-4 text-lg md:leading-8 break-words\"><strong>Drame &#8211; Le trentenaire a \u00e9t\u00e9 hospitalis\u00e9 en urgence absolue apr\u00e8s avoir pris feu lorsqu\u2019il faisait le plein dans une station-service pr\u00e8s de Rouen. Des passants sont vite intervenus<\/strong><\/p>\n<p class=\"mb-4 text-lg md:leading-8 break-words\">Accidentelles ou volontaires, les raisons d\u2019un pareil \u00e9v\u00e9nement ne sont pas encore connues. Ce lundi vers 13h30, un homme d\u2019une trentaine d\u2019ann\u00e9es a pris <a href=\"https:\/\/www.20minutes.fr\/dossier\/feu?at_medium=RSS%20feed&amp;at_campaign=ynews&amp;utm_source=yahoo&amp;utm_medium=rss&amp;utm_campaign=news_feed&amp;utm_content=in_article_link\" rel=\"nofollow noopener\" target=\"_blank\" data-ylk=\"slk:feu;elm:context_link;itc:0;sec:content-canvas\" class=\"link \">feu <\/a>alors qu\u2019il faisait le plein \u00e0 la <a href=\"https:\/\/www.20minutes.fr\/dossier\/station_service?at_medium=RSS%20feed&amp;at_campaign=ynews&amp;utm_source=yahoo&amp;utm_medium=rss&amp;utm_campaign=news_feed&amp;utm_content=in_article_link\" rel=\"nofollow noopener\" target=\"_blank\" data-ylk=\"slk:station-service;elm:context_link;itc:0;sec:content-canvas\" class=\"link \">station-service<\/a> d\u2019un Carrefour Market du nord-est de <a href=\"https:\/\/www.20minutes.fr\/dossier\/rouen?at_medium=RSS%20feed&amp;at_campaign=ynews&amp;utm_source=yahoo&amp;utm_medium=rss&amp;utm_campaign=news_feed&amp;utm_content=in_article_link\" rel=\"nofollow noopener\" target=\"_blank\" data-ylk=\"slk:Rouen;elm:context_link;itc:0;sec:content-canvas\" class=\"link \">Rouen<\/a>, rapporte <a href=\"https:\/\/www.lavoixdunord.fr\/1645121\/article\/2025-11-11\/un-client-prend-feu-dans-une-station-service-carrefour-market-l-homme-est-en?at_medium=RSS%20feed&amp;at_campaign=ynews&amp;utm_source=yahoo&amp;utm_medium=rss&amp;utm_campaign=news_feed&amp;utm_content=in_article_link\" rel=\"nofollow noopener\" target=\"_blank\" data-ylk=\"slk:Paris Normandie;elm:context_link;itc:0;sec:content-canvas\" class=\"link \">Paris Normandie<\/a>.<\/p>\n<p class=\"mb-4 text-lg md:leading-8 break-words\">Br\u00fbl\u00e9 sur une grande partie du corps et hospitalis\u00e9 en urgence absolue, l\u2019infortun\u00e9 doit pour l\u2019heure la vie sauve \u00e0 des passants qui se sont pr\u00e9cipit\u00e9s sur lui pour \u00e9touffer les flammes avec des v\u00eatements.<\/p>\n<p>Enqu\u00eate en cours<\/p>\n<p class=\"mb-4 text-lg md:leading-8 break-words\">Ni le v\u00e9hicule de la victime ni les installations n\u2019ont \u00e9t\u00e9 touch\u00e9s par les flammes. La station, s\u00e9curis\u00e9e puis bri\u00e8vement ferm\u00e9e, a pu rouvrir en fin d\u2019apr\u00e8s-midi. Six t\u00e9moins, dont des employ\u00e9s, ont \u00e9t\u00e9 pris en charge. Deux personnes, choqu\u00e9es, ont re\u00e7u un soutien m\u00e9dical. Une cellule psychologique a \u00e9t\u00e9 mise en place, poursuit le quotidien normand.<\/p>\n<p class=\"mb-4 text-lg md:leading-8 break-words\">La gendarmerie de Saint-Jacques-de-Darn\u00e9tal a ouvert une enqu\u00eate pour d\u00e9terminer les causes de cet accident.<\/p>\n<p class=\"mb-4 text-lg md:leading-8 break-words\"><a href=\"https:\/\/www.20minutes.fr\/faits_divers\/4184990-20251111-rouen-homme-prend-feu-faisant-plein-station-service?at_medium=RSS%20feed&amp;at_campaign=ynews&amp;utm_source=yahoo&amp;utm_medium=rss&amp;utm_campaign=news_feed&amp;utm_content=read_more_link&quot;\" rel=\"nofollow noopener\" target=\"_blank\" data-ylk=\"slk:Lire la suite sur 20minutes;elm:context_link;itc:0;sec:content-canvas\" class=\"link \">Lire la suite sur 20minutes<\/a><\/p>\n<p>\u00c0 lire aussi :<br \/><a href=\"https:\/\/www.20minutes.fr\/faits_divers\/4183749-20251105-seine-saint-denis-bus-ratp-pris-feu-plein-service-aucun-blesse-deplorer?at_medium=RSS%20feed&amp;at_campaign=ynews&amp;utm_source=yahoo&amp;utm_medium=rss&amp;utm_campaign=news_feed&amp;utm_content=related_content_link\" rel=\"nofollow noopener\" target=\"_blank\" data-ylk=\"slk:Seine-Saint-Denis\u00a0: Un bus de la RATP a pris feu en plein service, aucun bless\u00e9 \u00e0 d\u00e9plorer;elm:context_link;itc:0;sec:content-canvas\" class=\"link \">Seine-Saint-Denis\u00a0: Un bus de la RATP a pris feu en plein service, aucun bless\u00e9 \u00e0 d\u00e9plorer<\/a><br \/><a href=\"https:\/\/www.20minutes.fr\/justice\/4176455-20251001-rouen-pere-famille-prend-pretexte-mauvaises-notes-frapper-fille-pleine-rue?at_medium=RSS%20feed&amp;at_campaign=ynews&amp;utm_source=yahoo&amp;utm_medium=rss&amp;utm_campaign=news_feed&amp;utm_content=related_content_link\" rel=\"nofollow noopener\" target=\"_blank\" data-ylk=\"slk:Rouen\u00a0: Un p\u00e8re de famille prend le pr\u00e9texte des mauvaises notes pour frapper sa fille en pleine rue;elm:context_link;itc:0;sec:content-canvas\" class=\"link \">Rouen\u00a0: Un p\u00e8re de famille prend le pr\u00e9texte des mauvaises notes pour frapper sa fille en pleine rue<\/a><\/p>\n","protected":false},"excerpt":{"rendered":"Drame &#8211; Le trentenaire a \u00e9t\u00e9 hospitalis\u00e9 en urgence absolue apr\u00e8s avoir pris feu lorsqu\u2019il faisait le plein&hellip;\n","protected":false},"author":2,"featured_media":527602,"comment_status":"","ping_status":"","sticky":false,"template":"","format":"standard","meta":{"footnotes":""},"categories":[9587],"tags":[1111,11,64685,1777,674,1312,1011,27,12,5161,64686,25,9590,31429],"class_list":{"0":"post-527601","1":"post","2":"type-post","3":"status-publish","4":"format-standard","5":"has-post-thumbnail","7":"category-rouen","8":"tag-actu","9":"tag-actualites","10":"tag-carrefour-market","11":"tag-eu","12":"tag-europe","13":"tag-feu","14":"tag-fr","15":"tag-france","16":"tag-news","17":"tag-normandie","18":"tag-paris-normandie","19":"tag-republique-francaise","20":"tag-rouen","21":"tag-station-service"},"share_on_mastodon":{"url":"https:\/\/pubeurope.com\/@fr\/115532299233313168","error":""},"_links":{"self":[{"href":"https:\/\/www.europesays.com\/fr\/wp-json\/wp\/v2\/posts\/527601","targetHints":{"allow":["GET"]}}],"collection":[{"href":"https:\/\/www.europesays.com\/fr\/wp-json\/wp\/v2\/posts"}],"about":[{"href":"https:\/\/www.europesays.com\/fr\/wp-json\/wp\/v2\/types\/post"}],"author":[{"embeddable":true,"href":"https:\/\/www.europesays.com\/fr\/wp-json\/wp\/v2\/users\/2"}],"replies":[{"embeddable":true,"href":"https:\/\/www.europesays.com\/fr\/wp-json\/wp\/v2\/comments?post=527601"}],"version-history":[{"count":0,"href":"https:\/\/www.europesays.com\/fr\/wp-json\/wp\/v2\/posts\/527601\/revisions"}],"wp:featuredmedia":[{"embeddable":true,"href":"https:\/\/www.europesays.com\/fr\/wp-json\/wp\/v2\/media\/527602"}],"wp:attachment":[{"href":"https:\/\/www.europesays.com\/fr\/wp-json\/wp\/v2\/media?parent=527601"}],"wp:term":[{"taxonomy":"category","embeddable":true,"href":"https:\/\/www.europesays.com\/fr\/wp-json\/wp\/v2\/categories?post=527601"},{"taxonomy":"post_tag","embeddable":true,"href":"https:\/\/www.europesays.com\/fr\/wp-json\/wp\/v2\/tags?post=527601"}],"curies":[{"name":"wp","href":"https:\/\/api.w.org\/{rel}","templated":true}]}}