{"id":527603,"date":"2025-11-11T17:42:12","date_gmt":"2025-11-11T17:42:12","guid":{"rendered":"https:\/\/www.europesays.com\/fr\/527603\/"},"modified":"2025-11-11T17:42:12","modified_gmt":"2025-11-11T17:42:12","slug":"grenoble-une-piece-de-theatre-les-vendredi-14-samedi-15-et-dimanche-16-novembre","status":"publish","type":"post","link":"https:\/\/www.europesays.com\/fr\/527603\/","title":{"rendered":"Grenoble. Une pi\u00e8ce de th\u00e9\u00e2tre les vendredi\u00a014, samedi\u00a015 et dimanche 16\u00a0novembre"},"content":{"rendered":"<p>La compagnie Les Sc\u00e8nes en sc\u00e8ne donnera trois repr\u00e9sentations ces vendredi\u00a014, samedi\u00a015 et dimanche 16\u00a0novembre \u00e0 Grenoble. Elle pr\u00e9sentera la pi\u00e8ce  Votre maman . Perdue dans la confusion de sa m\u00e9moire, une maman se bat avec ses souvenirs. Sa fille, d\u00e9sempar\u00e9e, vient tous les jours lui rendre visite. Cette maman espi\u00e8gle rend la vie dure au directeur d\u2019Ehpad, compl\u00e8tement d\u00e9pass\u00e9.<\/p>\n<p class=\"note\">Vendredi\u00a014 et samedi 15\u00a0novembre \u00e0 20\u00a0h et dimanche 16\u00a0novembre \u00e0 17\u00a0h, au Petit Th\u00e9\u00e2tre du Cr\u00e9arc. Tarifs\u00a0: 15\/10 \u20ac. R\u00e9servations au 06\u00a064\u00a083\u00a006\u00a042.<\/p>\n","protected":false},"excerpt":{"rendered":"La compagnie Les Sc\u00e8nes en sc\u00e8ne donnera trois repr\u00e9sentations ces vendredi\u00a014, samedi\u00a015 et dimanche 16\u00a0novembre \u00e0 Grenoble. Elle&hellip;\n","protected":false},"author":2,"featured_media":527604,"comment_status":"","ping_status":"","sticky":false,"template":"","format":"standard","meta":{"footnotes":""},"categories":[9566],"tags":[1111,11,2430,1687,112,1777,674,1011,27,2731,2732,12,25],"class_list":{"0":"post-527603","1":"post","2":"type-post","3":"status-publish","4":"format-standard","5":"has-post-thumbnail","7":"category-grenoble","8":"tag-actu","9":"tag-actualites","10":"tag-auvergne-rhone-alpes","11":"tag-culture-loisirs","12":"tag-edition-grenoble-agglomeration","13":"tag-eu","14":"tag-europe","15":"tag-fr","16":"tag-france","17":"tag-grenoble","18":"tag-grenoble-bassin","19":"tag-news","20":"tag-republique-francaise"},"share_on_mastodon":{"url":"https:\/\/pubeurope.com\/@fr\/115532303263263797","error":""},"_links":{"self":[{"href":"https:\/\/www.europesays.com\/fr\/wp-json\/wp\/v2\/posts\/527603","targetHints":{"allow":["GET"]}}],"collection":[{"href":"https:\/\/www.europesays.com\/fr\/wp-json\/wp\/v2\/posts"}],"about":[{"href":"https:\/\/www.europesays.com\/fr\/wp-json\/wp\/v2\/types\/post"}],"author":[{"embeddable":true,"href":"https:\/\/www.europesays.com\/fr\/wp-json\/wp\/v2\/users\/2"}],"replies":[{"embeddable":true,"href":"https:\/\/www.europesays.com\/fr\/wp-json\/wp\/v2\/comments?post=527603"}],"version-history":[{"count":0,"href":"https:\/\/www.europesays.com\/fr\/wp-json\/wp\/v2\/posts\/527603\/revisions"}],"wp:featuredmedia":[{"embeddable":true,"href":"https:\/\/www.europesays.com\/fr\/wp-json\/wp\/v2\/media\/527604"}],"wp:attachment":[{"href":"https:\/\/www.europesays.com\/fr\/wp-json\/wp\/v2\/media?parent=527603"}],"wp:term":[{"taxonomy":"category","embeddable":true,"href":"https:\/\/www.europesays.com\/fr\/wp-json\/wp\/v2\/categories?post=527603"},{"taxonomy":"post_tag","embeddable":true,"href":"https:\/\/www.europesays.com\/fr\/wp-json\/wp\/v2\/tags?post=527603"}],"curies":[{"name":"wp","href":"https:\/\/api.w.org\/{rel}","templated":true}]}}