{"id":527605,"date":"2025-11-11T17:43:18","date_gmt":"2025-11-11T17:43:18","guid":{"rendered":"https:\/\/www.europesays.com\/fr\/527605\/"},"modified":"2025-11-11T17:43:18","modified_gmt":"2025-11-11T17:43:18","slug":"grenoble-22-000-spectateurs-ont-assiste-aux-rencontres-cine-montagne","status":"publish","type":"post","link":"https:\/\/www.europesays.com\/fr\/527605\/","title":{"rendered":"Grenoble. 22\u00a0000 spectateurs ont assist\u00e9 aux Rencontres Cin\u00e9-Montagne"},"content":{"rendered":"<p>Les Rencontres Cin\u00e9-Montagne, qui se sont achev\u00e9es ce samedi 8\u00a0novembre, ont attir\u00e9 cette ann\u00e9e 22\u00a0000 spectateurs. C\u2019est donc 1\u00a0000 personnes de moins que l\u2019an dernier, selon les chiffres communiqu\u00e9s par la municipalit\u00e9 de Grenoble.<\/p>\n<p>Pour cette 27e \u00e9dition, <a href=\"https:\/\/www.ledauphine.com\/sport\/2025\/11\/09\/la-traileuse-star-hillary-gerardi-monte-la-bastille-avec-des-grenoblois\" target=\"_blank\" rel=\"nofollow noopener\">marrain\u00e9e par l\u2019ultra-traileuse Hillary Girardi,<\/a> ce sont 30 films qui ont \u00e9t\u00e9 projet\u00e9s au Palais des sports de Grenoble. Rappelons que c\u2019est Zahir , le film de Julien Nadiras, qui a remport\u00e9 le prix du public cette ann\u00e9e.<\/p>\n","protected":false},"excerpt":{"rendered":"Les Rencontres Cin\u00e9-Montagne, qui se sont achev\u00e9es ce samedi 8\u00a0novembre, ont attir\u00e9 cette ann\u00e9e 22\u00a0000 spectateurs. C\u2019est donc&hellip;\n","protected":false},"author":2,"featured_media":527606,"comment_status":"","ping_status":"","sticky":false,"template":"","format":"standard","meta":{"footnotes":""},"categories":[9566],"tags":[1111,11,2430,650,1687,112,1777,674,1011,27,2731,2732,12,25],"class_list":{"0":"post-527605","1":"post","2":"type-post","3":"status-publish","4":"format-standard","5":"has-post-thumbnail","7":"category-grenoble","8":"tag-actu","9":"tag-actualites","10":"tag-auvergne-rhone-alpes","11":"tag-cinema","12":"tag-culture-loisirs","13":"tag-edition-grenoble-agglomeration","14":"tag-eu","15":"tag-europe","16":"tag-fr","17":"tag-france","18":"tag-grenoble","19":"tag-grenoble-bassin","20":"tag-news","21":"tag-republique-francaise"},"share_on_mastodon":{"url":"https:\/\/pubeurope.com\/@fr\/115532307194539061","error":""},"_links":{"self":[{"href":"https:\/\/www.europesays.com\/fr\/wp-json\/wp\/v2\/posts\/527605","targetHints":{"allow":["GET"]}}],"collection":[{"href":"https:\/\/www.europesays.com\/fr\/wp-json\/wp\/v2\/posts"}],"about":[{"href":"https:\/\/www.europesays.com\/fr\/wp-json\/wp\/v2\/types\/post"}],"author":[{"embeddable":true,"href":"https:\/\/www.europesays.com\/fr\/wp-json\/wp\/v2\/users\/2"}],"replies":[{"embeddable":true,"href":"https:\/\/www.europesays.com\/fr\/wp-json\/wp\/v2\/comments?post=527605"}],"version-history":[{"count":0,"href":"https:\/\/www.europesays.com\/fr\/wp-json\/wp\/v2\/posts\/527605\/revisions"}],"wp:featuredmedia":[{"embeddable":true,"href":"https:\/\/www.europesays.com\/fr\/wp-json\/wp\/v2\/media\/527606"}],"wp:attachment":[{"href":"https:\/\/www.europesays.com\/fr\/wp-json\/wp\/v2\/media?parent=527605"}],"wp:term":[{"taxonomy":"category","embeddable":true,"href":"https:\/\/www.europesays.com\/fr\/wp-json\/wp\/v2\/categories?post=527605"},{"taxonomy":"post_tag","embeddable":true,"href":"https:\/\/www.europesays.com\/fr\/wp-json\/wp\/v2\/tags?post=527605"}],"curies":[{"name":"wp","href":"https:\/\/api.w.org\/{rel}","templated":true}]}}