{"id":527609,"date":"2025-11-11T17:45:19","date_gmt":"2025-11-11T17:45:19","guid":{"rendered":"https:\/\/www.europesays.com\/fr\/527609\/"},"modified":"2025-11-11T17:45:19","modified_gmt":"2025-11-11T17:45:19","slug":"a-rennes-le-bar-jabass-complete-loffre-de-mezzelicious-rue-de-saint-malo","status":"publish","type":"post","link":"https:\/\/www.europesays.com\/fr\/527609\/","title":{"rendered":"\u00c0 Rennes, le bar Jabass compl\u00e8te l\u2019offre de Mezzelicious rue de Saint-Malo"},"content":{"rendered":"<p>Ce qui frappe en entrant au Jabass, rue de Saint-Malo, \u00e0 Rennes (Ille-et-Vilaine), c\u2019est le d\u00e9cor de r\u00eave qui m\u00eale les tons pastel bleu et rose, et le mobilier original avec ses tables en cuivre martel\u00e9. Cette fois, les fr\u00e8res Damien et Ma\u00ebl Meslemani, d\u00e9j\u00e0 propri\u00e9taires du restaurant libanais Mezzelicious contigu, sp\u00e9cialis\u00e9 dans les mezzes ont fait fort. \u00a0C\u2019est un bar qui devrait ravir les amateurs de d\u00e9paysement dans la rue Saint-Malo, \u00e0 laquelle nous sommes tr\u00e8s attach\u00e9s pour son dynamisme.\u00a0<\/p>\n<p><strong>Lire aussi\u00a0:<\/strong> <a href=\"https:\/\/rennes.maville.com\/actu\/actudet_-a-rennes-l-ancienne-rue-de-la-soif-retrouve-une-nouvelle-attractivite-_7-7058719_actu.Htm\" target=\"_blank\" rel=\"noopener\">\u00c0 Rennes, l\u2019ancienne rue de la Soif retrouve une nouvelle attractivit\u00e9<\/a><\/p>\n<p>C\u00f4t\u00e9 boisson, l\u2019offre est vari\u00e9e\u00a0: quinze\u00a0cocktails, dont quatre\u00a0sans alcool, \u00e0 partir de 7\u00a0\u20ac\u00a0; cinq\u00a0bi\u00e8res locales \u00e0 la pression d\u00e8s 2,90\u00a0\u20ac le demi et des softs maisons. Pour accompagner le tout, le duo fait parler ses racines (leur famille est originaire de Homs en Syrie). \u00a0Nous proposons des assiettes \u00e0 picorer issues de la cuisine syrienne r\u00e9put\u00e9e pour ses \u00e9pices, son raffinement et ses recettes patrimoniales\u00a0.<\/p>\n<p>Des classiques revisit\u00e9s \u00e0 des prix accessibles, compris entre 6 et 10\u00a0\u20ac\u00a0: un houmous au b\u0153uf hach\u00e9, des ailes de poulet sauce citronn\u00e9e ail et coriandre, des falafels\u2026 Des mets faits maisons color\u00e9s et parfum\u00e9s qui titillent les papilles et refl\u00e8tent la convivialit\u00e9.<\/p>\n<p><strong>Jabass<\/strong>, 24, rue Saint-Malo, ouvert mardi et mercredi, de 17\u00a0h \u00e0 minuit, et du jeudi au samedi, de 17\u00a0h \u00e0 1\u00a0h.<\/p>\n<p>\u00a0<\/p>\n","protected":false},"excerpt":{"rendered":"Ce qui frappe en entrant au Jabass, rue de Saint-Malo, \u00e0 Rennes (Ille-et-Vilaine), c\u2019est le d\u00e9cor de r\u00eave&hellip;\n","protected":false},"author":2,"featured_media":527610,"comment_status":"","ping_status":"","sticky":false,"template":"","format":"standard","meta":{"footnotes":""},"categories":[2821],"tags":[1111,11,9732,829,11819,1777,674,1011,27,64688,64689,12,5235,584,25,3640,3728],"class_list":{"0":"post-527609","1":"post","2":"type-post","3":"status-publish","4":"format-standard","5":"has-post-thumbnail","7":"category-rennes","8":"tag-actu","9":"tag-actualites","10":"tag-bar","11":"tag-bretagne","12":"tag-complete","13":"tag-eu","14":"tag-europe","15":"tag-fr","16":"tag-france","17":"tag-jabass","18":"tag-mezzelicious","19":"tag-news","20":"tag-offre","21":"tag-rennes","22":"tag-republique-francaise","23":"tag-rue","24":"tag-saint-malo"},"share_on_mastodon":{"url":"https:\/\/pubeurope.com\/@fr\/115532314925416157","error":""},"_links":{"self":[{"href":"https:\/\/www.europesays.com\/fr\/wp-json\/wp\/v2\/posts\/527609","targetHints":{"allow":["GET"]}}],"collection":[{"href":"https:\/\/www.europesays.com\/fr\/wp-json\/wp\/v2\/posts"}],"about":[{"href":"https:\/\/www.europesays.com\/fr\/wp-json\/wp\/v2\/types\/post"}],"author":[{"embeddable":true,"href":"https:\/\/www.europesays.com\/fr\/wp-json\/wp\/v2\/users\/2"}],"replies":[{"embeddable":true,"href":"https:\/\/www.europesays.com\/fr\/wp-json\/wp\/v2\/comments?post=527609"}],"version-history":[{"count":0,"href":"https:\/\/www.europesays.com\/fr\/wp-json\/wp\/v2\/posts\/527609\/revisions"}],"wp:featuredmedia":[{"embeddable":true,"href":"https:\/\/www.europesays.com\/fr\/wp-json\/wp\/v2\/media\/527610"}],"wp:attachment":[{"href":"https:\/\/www.europesays.com\/fr\/wp-json\/wp\/v2\/media?parent=527609"}],"wp:term":[{"taxonomy":"category","embeddable":true,"href":"https:\/\/www.europesays.com\/fr\/wp-json\/wp\/v2\/categories?post=527609"},{"taxonomy":"post_tag","embeddable":true,"href":"https:\/\/www.europesays.com\/fr\/wp-json\/wp\/v2\/tags?post=527609"}],"curies":[{"name":"wp","href":"https:\/\/api.w.org\/{rel}","templated":true}]}}