{"id":527611,"date":"2025-11-11T17:47:12","date_gmt":"2025-11-11T17:47:12","guid":{"rendered":"https:\/\/www.europesays.com\/fr\/527611\/"},"modified":"2025-11-11T17:47:12","modified_gmt":"2025-11-11T17:47:12","slug":"strasbourg-linsolite-musee-vodou-ouvre-ses-reserves-et-sa-collection-de-1-500-objets-au-public","status":"publish","type":"post","link":"https:\/\/www.europesays.com\/fr\/527611\/","title":{"rendered":"Strasbourg. L\u2019insolite mus\u00e9e Vodou ouvre ses r\u00e9serves et sa collection de 1 500 objets au public"},"content":{"rendered":"<p>                             Le mus\u00e9e am\u00e9nag\u00e9 dans un ancien ch\u00e2teau d\u2019eau de la SNCF de 1878 abrite pr\u00e8s de 1\u00a0500 objets, masques ou statuettes vodou, religion d\u2019Afrique de l\u2019Ouest. Il a \u00e9t\u00e9 fond\u00e9 par Marc Arbogast et son \u00e9pouse Marie-Luce, disparue en 2022. <\/p>\n<p>Dix ans apr\u00e8s l\u2019ouverture, le lieu compte enfin de v\u00e9ritables r\u00e9serves. De nouvelles vitrines abritent d\u00e9sormais la collection. Elles ont pu \u00eatre financ\u00e9es en partie gr\u00e2ce \u00e0 un soutien de la Soci\u00e9t\u00e9 des amis des arts et des mus\u00e9es de Strasbourg. La nouvelle organisation a&#8230;<\/p>\n","protected":false},"excerpt":{"rendered":"Le mus\u00e9e am\u00e9nag\u00e9 dans un ancien ch\u00e2teau d\u2019eau de la SNCF de 1878 abrite pr\u00e8s de 1\u00a0500 objets,&hellip;\n","protected":false},"author":2,"featured_media":527612,"comment_status":"","ping_status":"","sticky":false,"template":"","format":"standard","meta":{"footnotes":""},"categories":[2820],"tags":[1111,11,2389,1687,2880,1777,674,107,1011,27,775,2410,12,25,4604,640,2879],"class_list":{"0":"post-527611","1":"post","2":"type-post","3":"status-publish","4":"format-standard","5":"has-post-thumbnail","7":"category-strasbourg","8":"tag-actu","9":"tag-actualites","10":"tag-alsace","11":"tag-culture-loisirs","12":"tag-edition-strasbourg","13":"tag-eu","14":"tag-europe","15":"tag-fil-info","16":"tag-fr","17":"tag-france","18":"tag-grand-est","19":"tag-livres-bd","20":"tag-news","21":"tag-republique-francaise","22":"tag-selection-abonne","23":"tag-strasbourg","24":"tag-strasbourg-ville"},"share_on_mastodon":{"url":"https:\/\/pubeurope.com\/@fr\/115532322984427601","error":""},"_links":{"self":[{"href":"https:\/\/www.europesays.com\/fr\/wp-json\/wp\/v2\/posts\/527611","targetHints":{"allow":["GET"]}}],"collection":[{"href":"https:\/\/www.europesays.com\/fr\/wp-json\/wp\/v2\/posts"}],"about":[{"href":"https:\/\/www.europesays.com\/fr\/wp-json\/wp\/v2\/types\/post"}],"author":[{"embeddable":true,"href":"https:\/\/www.europesays.com\/fr\/wp-json\/wp\/v2\/users\/2"}],"replies":[{"embeddable":true,"href":"https:\/\/www.europesays.com\/fr\/wp-json\/wp\/v2\/comments?post=527611"}],"version-history":[{"count":0,"href":"https:\/\/www.europesays.com\/fr\/wp-json\/wp\/v2\/posts\/527611\/revisions"}],"wp:featuredmedia":[{"embeddable":true,"href":"https:\/\/www.europesays.com\/fr\/wp-json\/wp\/v2\/media\/527612"}],"wp:attachment":[{"href":"https:\/\/www.europesays.com\/fr\/wp-json\/wp\/v2\/media?parent=527611"}],"wp:term":[{"taxonomy":"category","embeddable":true,"href":"https:\/\/www.europesays.com\/fr\/wp-json\/wp\/v2\/categories?post=527611"},{"taxonomy":"post_tag","embeddable":true,"href":"https:\/\/www.europesays.com\/fr\/wp-json\/wp\/v2\/tags?post=527611"}],"curies":[{"name":"wp","href":"https:\/\/api.w.org\/{rel}","templated":true}]}}