{"id":527618,"date":"2025-11-11T17:51:15","date_gmt":"2025-11-11T17:51:15","guid":{"rendered":"https:\/\/www.europesays.com\/fr\/527618\/"},"modified":"2025-11-11T17:51:15","modified_gmt":"2025-11-11T17:51:15","slug":"renaud-dedicace-150-livres-chez-un-libraire-a-nantes","status":"publish","type":"post","link":"https:\/\/www.europesays.com\/fr\/527618\/","title":{"rendered":"Renaud d\u00e9dicace 150\u00a0livres chez un libraire \u00e0 Nantes"},"content":{"rendered":"<p>Pour les 50\u00a0ans de carri\u00e8re de Renaud, l\u2019auteur Erwan L\u2019\u00c9l\u00e9ouet a \u00e9crit avec Lolita S\u00e9chan, la fille du chanteur, Renaud le Livre (*) , une somme de photographies et de t\u00e9moignages in\u00e9dits de plus de 330\u00a0pages.<\/p>\n<p>Une attente de plusieurs heures<\/p>\n<p>Si Lolita n\u2019\u00e9tait pas l\u00e0, partie en voyage pour un s\u00e9jour au Japon, son coauteur n\u2019a pas fait le d\u00e9placement en solo mais accompagn\u00e9 par Renaud en personne pour une d\u00e9dicace commune. \u00a0Renaud a d\u00e9dicac\u00e9 150\u00a0livres avec Erwan, indique la libraire St\u00e9phanie Hanet. \u00c7a s\u2019est super bien pass\u00e9 dans une ambiance conviviale\u00a0. <a href=\"https:\/\/nantes.maville.com\/actu\/actudet_-les-fans-de-renaud-l-attendent-de-pied-ferme-dans-cette-librairie-de-nantes-_8-7055394_actu.Htm\" target=\"_parent\" rel=\"noopener\">Les plus grands admirateurs n\u2019ont pas h\u00e9sit\u00e9 \u00e0 attendre plusieurs heures<\/a> avant de d\u00e9crocher la pr\u00e9cieuse signature de l\u2019artiste qui vit une partie de l\u2019ann\u00e9e \u00e0 Trentemoult avec son \u00e9pouse Cerise.<\/p>\n<p>(*) Renaud, le livre, d\u2019Erwan L\u2019\u00c9l\u00e9ouet et Lolita S\u00e9chan. \u00c9ditions de La Martini\u00e8re. 44,90\u00a0\u20ac<\/p>\n<p>\u00a0<\/p>\n","protected":false},"excerpt":{"rendered":"Pour les 50\u00a0ans de carri\u00e8re de Renaud, l\u2019auteur Erwan L\u2019\u00c9l\u00e9ouet a \u00e9crit avec Lolita S\u00e9chan, la fille du&hellip;\n","protected":false},"author":2,"featured_media":527619,"comment_status":"","ping_status":"","sticky":false,"template":"","format":"standard","meta":{"footnotes":""},"categories":[2818],"tags":[6540,1111,11,21073,1777,674,1011,27,6476,1380,766,12,2636,1628,25],"class_list":{"0":"post-527618","1":"post","2":"type-post","3":"status-publish","4":"format-standard","5":"has-post-thumbnail","7":"category-nantes","8":"tag-6540","9":"tag-actu","10":"tag-actualites","11":"tag-dedicace","12":"tag-eu","13":"tag-europe","14":"tag-fr","15":"tag-france","16":"tag-libraire","17":"tag-livres","18":"tag-nantes","19":"tag-news","20":"tag-pays-de-la-loire","21":"tag-renaud","22":"tag-republique-francaise"},"share_on_mastodon":{"url":"https:\/\/pubeurope.com\/@fr\/115532338774812966","error":""},"_links":{"self":[{"href":"https:\/\/www.europesays.com\/fr\/wp-json\/wp\/v2\/posts\/527618","targetHints":{"allow":["GET"]}}],"collection":[{"href":"https:\/\/www.europesays.com\/fr\/wp-json\/wp\/v2\/posts"}],"about":[{"href":"https:\/\/www.europesays.com\/fr\/wp-json\/wp\/v2\/types\/post"}],"author":[{"embeddable":true,"href":"https:\/\/www.europesays.com\/fr\/wp-json\/wp\/v2\/users\/2"}],"replies":[{"embeddable":true,"href":"https:\/\/www.europesays.com\/fr\/wp-json\/wp\/v2\/comments?post=527618"}],"version-history":[{"count":0,"href":"https:\/\/www.europesays.com\/fr\/wp-json\/wp\/v2\/posts\/527618\/revisions"}],"wp:featuredmedia":[{"embeddable":true,"href":"https:\/\/www.europesays.com\/fr\/wp-json\/wp\/v2\/media\/527619"}],"wp:attachment":[{"href":"https:\/\/www.europesays.com\/fr\/wp-json\/wp\/v2\/media?parent=527618"}],"wp:term":[{"taxonomy":"category","embeddable":true,"href":"https:\/\/www.europesays.com\/fr\/wp-json\/wp\/v2\/categories?post=527618"},{"taxonomy":"post_tag","embeddable":true,"href":"https:\/\/www.europesays.com\/fr\/wp-json\/wp\/v2\/tags?post=527618"}],"curies":[{"name":"wp","href":"https:\/\/api.w.org\/{rel}","templated":true}]}}