{"id":527620,"date":"2025-11-11T17:52:10","date_gmt":"2025-11-11T17:52:10","guid":{"rendered":"https:\/\/www.europesays.com\/fr\/527620\/"},"modified":"2025-11-11T17:52:10","modified_gmt":"2025-11-11T17:52:10","slug":"a-bordeaux-ces-nouveaux-parkings-du-chu-doivent-devenir-payants","status":"publish","type":"post","link":"https:\/\/www.europesays.com\/fr\/527620\/","title":{"rendered":"\u00e0 Bordeaux, ces nouveaux parkings du CHU doivent devenir payants"},"content":{"rendered":"<p>            Par<br \/>\n        <strong><br \/>\n            <a href=\"https:\/\/actu.fr\/auteur\/juliette-cardinale\" title=\"Consulter tous les articles de Juliette Cardinale\" target=\"_blank\" rel=\"noopener\">Juliette Cardinale<\/a><br \/>\n        <\/strong><\/p>\n<p>        Publi\u00e9 le<\/p>\n<p>            11 nov. 2025 \u00e0 18h14        <\/p>\n<p>\u00ab\u2009La gratuit\u00e9 des parkings est essentielle pour les <strong>patients et visiteurs<\/strong> qui m\u00e9ritent un acc\u00e8s gratuit aux \u00e9tablissements de sant\u00e9\u2009\u00bb, souligne le syndicat Sud du centre hospitalier universitaire <a href=\"https:\/\/actu.fr\/tag\/chu-de-bordeaux\" target=\"_blank\" rel=\"noopener\">(CHU) de Bordeaux.<\/a> La fin des parkings payants n\u2019est pas une demande nouvelle \u00e0 Bordeaux, mais elle a \u00e9t\u00e9 acc\u00e9l\u00e9r\u00e9e par la perspective <strong>d\u2019extension du stationnement payant<\/strong> \u00e0 deux h\u00f4pitaux du CHU. La p\u00e9tition lanc\u00e9e par le syndicat d\u00e9but novembre\u00a02025 regroupe pr\u00e8s de 900 signatures, alors que des d\u00e9put\u00e9s de diff\u00e9rents partis <a href=\"https:\/\/www.franceinfo.fr\/sante\/hopital\/hopitaux-une-proposition-du-rn-pour-amortir-le-cout-des-parkings-pour-les-patients-et-leurs-proches-debattue-a-l-assemblee_7584803.html\" target=\"_blank\" rel=\"noopener\">portent le d\u00e9bat sur les parkings des h\u00f4pitaux au niveau national.<\/a> Mais pour le CHU, le recul sur le stationnement payant le placerait \u00ab\u2009dans une <strong>solution inextricable\u2009\u00bb.<\/strong><\/p>\n<p>Le parking payant \u00e0 Pellegrin depuis une quinzaine d\u2019ann\u00e9es<\/p>\n<p class=\" wall-content\">Depuis une quinzaine d\u2019ann\u00e9es, le parking est payant au niveau de l\u2019h\u00f4pital Pellegrin. \u00ab\u2009L\u2019objectif \u00e9tait la <strong>r\u00e9gulation et la s\u00e9curisation<\/strong> des acc\u00e8s de sorte que ce soient les patients et les professionnels qui se garent et non des personnes utilisant Pellegrin comme <strong>parking relais du tram<\/strong> ou annexe <a href=\"https:\/\/actu.fr\/tag\/stade-chaban-delmas\" target=\"_blank\" rel=\"noopener\">du stade Chaban\u2009\u00bb,<\/a> rappelle le CHU.<\/p>\n<p class=\" wall-content\">Mais dans <a href=\"https:\/\/www.change.org\/p\/demander-la-gratuit%C3%A9-des-parkings-au-chu-de-bordeaux\" target=\"_blank\" rel=\"noopener\">sa p\u00e9tition,<\/a> le syndicat d\u00e9plore \u00ab\u2009un <strong>lourd fardeau financier<\/strong> sur les patients et leurs familles qui d\u00e9pendent de ces parkings pour un acc\u00e8s quotidien aux services de sant\u00e9\u2009\u00bb.<\/p>\n<p class=\" wall-content\">Aujourd\u2019hui, un visiteur profite d\u2019une premi\u00e8re demi-heure gratuite \u00e0 Pellegrin. Comme c\u2019est souvent insuffisant, il doit <strong>d\u00e9bourser<\/strong> 1,50\u00a0euro pour les quinze minutes suivantes, puis 20 centimes, puis 90\u2026 et les quarts d\u2019heures s\u2019additionnent. Le tarif maximum pour 24h est de <strong>15,10\u00a0euros.<\/strong><\/p>\n<p class=\" wall-content\">L\u2019extension aux <strong>h\u00f4pitaux Haut L\u00e9v\u00eaque et Xavier Arnozan<\/strong> \u00ab\u2009est inacceptable dans un syst\u00e8me de sant\u00e9<strong> d\u00e9j\u00e0 sous tension<\/strong> et va \u00e0 l\u2019encontre du principe fondamental de l\u2019accessibilit\u00e9 des soins pour tous\u2009\u00bb, reprochent <a href=\"https:\/\/www.facebook.com\/syndicatsudchubordeaux\/?locale=fr_FR\" target=\"_blank\" rel=\"noopener\">les repr\u00e9sentants du personnel,<\/a> d\u00e9j\u00e0 oppos\u00e9s au parking payant de Pellegrin.<\/p>\n<p>Des places suppl\u00e9mentaires sans faire payer le CHU<\/p>\n<p class=\" wall-content\">S\u2019ils ont cr\u00e9\u00e9 cette p\u00e9tition r\u00e9cemment, c\u2019est qu\u2019une nouvelle concession de service public avec le Groupe Indigo a \u00e9t\u00e9 sign\u00e9e cette ann\u00e9e. \u00ab\u2009Le stationnement deviendra payant quand les nouveaux parkings seront construits sur <strong>Haut L\u00e9v\u00eaque et Xavier Arnozan<\/strong> car c\u2019est l\u2019objectif du CHU\u2009: avoir plus de places pour les patients et les professionnels\u2009\u00bb, explique le centre hospitalier aupr\u00e8s <a href=\"https:\/\/actu.fr\/bordeaux\/\" target=\"_blank\" rel=\"noopener\">d\u2019actu Bordeaux.<\/a> \u00ab\u2009L\u2019acc\u00e8s sera \u00e9videmment \u00e9galement totalement gratuit pour les professionnels.\u2009\u00bb<\/p>\n<p class=\" wall-content\">La redevance per\u00e7ue sur les parkings est d\u2019un montant \u00ab\u2009totalement marginal par rapport <strong>au budget du CHU\u2009\u00bb,<\/strong> affirme la communication de l\u2019h\u00f4pital. La concession permet surtout \u00ab\u2009la construction de <strong>2\u2009000 places suppl\u00e9mentaires<\/strong> sans n\u00e9cessit\u00e9 pour le CHU de porter ce co\u00fbt d\u2019investissement\u2009\u00bb. Et le montant n\u2019est pas anodin : la construction des quatre nouveaux parkings se chiffre \u00e0 environ 60M\u20ac.<\/p>\n<p>Votre r\u00e9gion, votre actu !<\/p>\n<p>Recevez chaque jour les infos qui comptent pour vous.<\/p>\n<p>\t<a href=\"https:\/\/actu.fr\/newsletter\" class=\"ac-btn ac-btn--corner ac-btn--medium ac-btn--blue800\" target=\"_blank\" rel=\"noopener\">S&rsquo;incrire<\/a><\/p>\n<p class=\" wall-content\">Le CHU de Bordeaux juge ces \u00ab\u00a0places <strong>suppl\u00e9mentaires indispensables\u00a0\u00bb<\/strong> pour permettre aux patients et professionnels \u00ab\u00a0de ne plus chercher longuement un emplacement avant de venir se faire soigner ou travailler\u00a0\u00bb. Pourtant, une <strong>d\u00e9cision nationale<\/strong> pourrait bien venir chambouler le d\u00e9bat local.\u00a0<\/p>\n<p class=\" wall-content\">La question du co\u00fbt des parkings dans les h\u00f4pitaux publics n\u2019est pas limit\u00e9e au CHU de Bordeaux. Elle a gagn\u00e9 <a href=\"https:\/\/actu.fr\/tag\/assemblee-nationale\" target=\"_blank\" rel=\"noopener\">l\u2019Assembl\u00e9e nationale,<\/a> avec <strong>plusieurs propositions de loi<\/strong>\u00a0allant de l\u2019obligation d\u2019avoir un parking gratuit par h\u00f4pital (RN) \u00e0 la gratuit\u00e9 totale (LFI) en passant par l\u2019encadrement des tarifs (PS).<\/p>\n<p class=\" wall-content\">Mais si une loi sur la gratuit\u00e9 des parkings \u00e9tait adopt\u00e9e, \u00ab\u2009cela mettrait le CHU dans une <strong>solution inextricable\u2009\u00bb,<\/strong> pr\u00e9vient l\u2019h\u00f4pital. Celui-ci \u00ab\u2009ne pourra pas payer 60M pour construire ces parkings\u2009\u00bb pourtant n\u00e9cessaires.<\/p>\n<p class=\" wall-content\">Personnalisez votre actualit\u00e9 en ajoutant vos villes et m\u00e9dias en favori avec <a href=\"https:\/\/moncompte.actu.fr\" title=\"D\u00e9couvez Mon Actu\" rel=\"nofollow noopener\" data-trk=\"{&quot;cta&quot;:{&quot;action&quot;:&quot;https:\\\/\\\/moncompte.actu.fr&quot;,&quot;category&quot;:&quot;mon compte&quot;,&quot;from&quot;:&quot;article footer&quot;,&quot;name&quot;:&quot;Mon actu&quot;,&quot;type&quot;:&quot;cta&quot;}}\" target=\"_blank\">Mon Actu<\/a>.<\/p>\n","protected":false},"excerpt":{"rendered":"Par Juliette Cardinale Publi\u00e9 le 11 nov. 2025 \u00e0 18h14 \u00ab\u2009La gratuit\u00e9 des parkings est essentielle pour les&hellip;\n","protected":false},"author":2,"featured_media":527621,"comment_status":"","ping_status":"","sticky":false,"template":"","format":"standard","meta":{"footnotes":""},"categories":[2817],"tags":[1111,11,1997,11421,1777,674,1011,27,100,12,2219,25,71,104],"class_list":{"0":"post-527620","1":"post","2":"type-post","3":"status-publish","4":"format-standard","5":"has-post-thumbnail","7":"category-bordeaux","8":"tag-actu","9":"tag-actualites","10":"tag-bordeaux","11":"tag-chu-de-bordeaux","12":"tag-eu","13":"tag-europe","14":"tag-fr","15":"tag-france","16":"tag-hopital","17":"tag-news","18":"tag-nouvelle-aquitaine","19":"tag-republique-francaise","20":"tag-sante","21":"tag-societe"},"share_on_mastodon":{"url":"https:\/\/pubeurope.com\/@fr\/115532342569323627","error":""},"_links":{"self":[{"href":"https:\/\/www.europesays.com\/fr\/wp-json\/wp\/v2\/posts\/527620","targetHints":{"allow":["GET"]}}],"collection":[{"href":"https:\/\/www.europesays.com\/fr\/wp-json\/wp\/v2\/posts"}],"about":[{"href":"https:\/\/www.europesays.com\/fr\/wp-json\/wp\/v2\/types\/post"}],"author":[{"embeddable":true,"href":"https:\/\/www.europesays.com\/fr\/wp-json\/wp\/v2\/users\/2"}],"replies":[{"embeddable":true,"href":"https:\/\/www.europesays.com\/fr\/wp-json\/wp\/v2\/comments?post=527620"}],"version-history":[{"count":0,"href":"https:\/\/www.europesays.com\/fr\/wp-json\/wp\/v2\/posts\/527620\/revisions"}],"wp:featuredmedia":[{"embeddable":true,"href":"https:\/\/www.europesays.com\/fr\/wp-json\/wp\/v2\/media\/527621"}],"wp:attachment":[{"href":"https:\/\/www.europesays.com\/fr\/wp-json\/wp\/v2\/media?parent=527620"}],"wp:term":[{"taxonomy":"category","embeddable":true,"href":"https:\/\/www.europesays.com\/fr\/wp-json\/wp\/v2\/categories?post=527620"},{"taxonomy":"post_tag","embeddable":true,"href":"https:\/\/www.europesays.com\/fr\/wp-json\/wp\/v2\/tags?post=527620"}],"curies":[{"name":"wp","href":"https:\/\/api.w.org\/{rel}","templated":true}]}}