{"id":527630,"date":"2025-11-11T17:58:10","date_gmt":"2025-11-11T17:58:10","guid":{"rendered":"https:\/\/www.europesays.com\/fr\/527630\/"},"modified":"2025-11-11T17:58:10","modified_gmt":"2025-11-11T17:58:10","slug":"dagoba-un-retour-explosif-attendu-a-lespace-julien","status":"publish","type":"post","link":"https:\/\/www.europesays.com\/fr\/527630\/","title":{"rendered":"Dagoba, un retour explosif attendu \u00e0 l\u2019Espace Julien"},"content":{"rendered":"<p>Les amateurs de ride et de metal se souviennent encore du <a href=\"https:\/\/www.laprovence.com\/article\/sortie-loisirs\/39528985968318\/kheiron-au-silo-festival-mvrksfest-le-trio-goldberg-nos-bons-plans-culture-de-ce-week-end-a-marseille\" target=\"_blank\" rel=\"noopener\">MVRKS Fest<\/a> qui avait embras\u00e9 la Friche \u00e0 Marseille (3e), pendant trois jours en novembre\u00a02023. Avec la promesse d\u2019une nouvelle \u00e9dition l\u2019an prochain, l\u2019\u00e9v\u00e9nement a programm\u00e9 un tour de chauffe ce mercredi 12\u00a0novembre \u00e0 l\u2019Espace Julien (6e), o\u00f9 la soir\u00e9e sera tout aussi bouillante.<\/p>\n<p>Aux performances de Resolve, fer de lance du modern metal fran\u00e7ais, et d\u2019Aurore, jeune groupe sp\u00e9cialiste du post hardcore, s\u2019ajoutera celle de Dagoba. Depuis ses d\u00e9buts \u00e0 la fin des ann\u00e9es\u00a090 et port\u00e9e par neuf albums, la formation marseillaise est devenue une r\u00e9f\u00e9rence du metal. Si elle a tr\u00e8s largement \u00e9t\u00e9 renouvel\u00e9e il y a quelques ann\u00e9es, son leader et chanteur, Shaw&rsquo;, sera bien l\u00e0, dans un Espace Julien qu\u2019il a \u00ab\u00a0h\u00e2te de retrouver\u00a0\u00bb.<\/p>\n<p><strong>Dagoba ne s\u2019est pas produit depuis le Covid \u00e0 l\u2019Espace Julien, o\u00f9 le groupe a pourtant quelques souvenirs\u2026<\/strong>&#13;\n<\/p>\n<p>Et surtout de bons souvenirs, \u00e0 nos d\u00e9buts on faisait de petits caf\u00e9s-concerts, puis des clubs \u00e0 Marseille et aux alentours. Rapidement, on a r\u00e9ussi \u00e0 s\u2019exporter \u00e0 l\u2019international et quand on revenait de ces tourn\u00e9es, c\u2019est \u00e0 l\u2019Espace Julien qu\u2019on jouait r\u00e9guli\u00e8rement, de par sa position dans la ville et sa capacit\u00e9. Ces derniers temps, on a pas mal jou\u00e9 au Jas Rod aux Pennes ou au 6MIC \u00e0 Aix.<\/p>\n<p><strong>En avril dernier, vous aviez d\u00e9nonc\u00e9 le <a href=\"https:\/\/www.laprovence.com\/article\/culture-loisirs\/3632956306281914\/le-groupe-de-metal-dagoba-soffusque-du-droit-de-merchandising-pratique-au-6mic-daix-en-provence\" target=\"_blank\" rel=\"noopener\">\u00ab\u00a0droit de merchandising\u00a0\u00bb pratiqu\u00e9 au 6MIC<\/a>, que vous aviez en partie compens\u00e9 par un appel au don, dont le surplus devait aller \u00e0 l\u2019abbaye Saint-Victor de Marseille. Qu\u2019en a-t-il \u00e9t\u00e9\u00a0?<\/strong>&#13;\n<\/p>\n<p>Les dons ont au final \u00e9t\u00e9 sup\u00e9rieurs et nous, on s\u2019\u00e9tait aussi engag\u00e9s \u00e0 mettre de notre poche l\u2019\u00e9quivalent des dons pour l\u2019\u00e9glise. Ainsi le lendemain de ce concert, je suis all\u00e9 avec ma petite enveloppe voir monsieur l\u2019abb\u00e9 et je lui ai donn\u00e9 la somme r\u00e9colt\u00e9e, sur laquelle nous pr\u00e9f\u00e9rons rester discrets. Il n\u2019avait pas entendu parler de cette affaire donc il \u00e9tait assez surpris, puis content.<\/p>\n<p>Il a fallu que je prenne un petit moment pour lui expliquer que c\u2019\u00e9tait le groupe qui avait fait \u00e7a pour la paroisse. J\u2019ai appr\u00e9ci\u00e9 que tout \u00e7a soit relay\u00e9 par d\u2019autres groupes, j\u2019aurais cependant pr\u00e9f\u00e9r\u00e9 qu\u2019il y ait d\u2019autres actions men\u00e9es pour d\u00e9noncer ce ph\u00e9nom\u00e8ne sur le merchandising.<\/p>\n<p><strong>L\u2019album Different Breed est sorti il y a un an et demi. Avec le recul, quel regard portez-vous dessus\u00a0?<\/strong>&#13;\n<\/p>\n<p>J\u2019essaye toujours de faire des productions dont je serai fier toute ma vie. Je prends le temps, j\u2019implique la minutie n\u00e9cessaire, je mets le c\u0153ur\u2026 Quand j\u2019estime que j\u2019ai tout donn\u00e9 pour un album, j\u2019y trouve rarement quelque chose \u00e0 redire. C\u2019est pourquoi je suis content de Different Breed comme des autres. Apr\u00e8s, c\u2019est s\u00fbr qu\u2019il nous a apport\u00e9 autre chose car on avait pris des risques sur le pr\u00e9c\u00e9dent, By Night. L\u00e0, les gens \u00e9taient vraiment contents d\u2019une forme de retour aux sources.<\/p>\n<p><strong>Pour ces deux disques, la composition du groupe a beaucoup \u00e9volu\u00e9, pourtant l\u2019esprit Dagoba est toujours l\u00e0 car les fans s\u2019y sont retrouv\u00e9s\u2026<\/strong>&#13;\n<\/p>\n<p>Les derniers changements remontent \u00e0 un bon moment, le groupe est solide. Apr\u00e8s, moi, je suis compositeur principal donc tant que la t\u00eate pensante ne chancelle pas, il n\u2019y a pas de raisons pour que le style bouge trop. Chaque fois qu\u2019une personne doit quitter l\u2019aventure, c\u2019est un petit pincement au c\u0153ur. Mais <a href=\"https:\/\/www.laprovence.com\/article\/edition-marseille\/4080744\/dagoba-vingt-ans-dexistence-tonitruante.html\" target=\"_blank\" rel=\"noopener\">Dagoba<\/a> a plus de 20\u00a0ans et forc\u00e9ment, dans l\u2019histoire d\u2019une personne, des enfants arrivent, une femme, un mariage\u2026<\/p>\n<p>Partir en tourn\u00e9e sur des rythmes effr\u00e9n\u00e9s peut devenir incompatible avec une vie de famille. Moi aussi j\u2019ai \u00e9volu\u00e9, m\u00eame si le groupe repr\u00e9sente les trois quarts de ma vie sur cette plan\u00e8te.<\/p>\n<p><strong>Qu\u2019auriez-vous fait si Dagoba n\u2019avait jamais exist\u00e9\u00a0?<\/strong>&#13;\n<\/p>\n<p>Je voulais soit faire du football, soit \u00eatre militaire. En fait, j\u2019aime la force d\u2019un groupe, la coh\u00e9sion, ce que l\u2019on retrouve aussi bien \u00e0 l\u2019arm\u00e9e que dans le sport collectif. Le foot est toujours quelque part dans mes pens\u00e9es. D\u2019ailleurs pour l\u2019anecdote, l\u2019US Endoume nous a aid\u00e9s pour promouvoir cette date \u00e0 l\u2019Espace Julien et nous a offert des tenues de sc\u00e8ne.<\/p>\n<p>Mercredi 12\u00a0novembre 2025 \u00e0 19\u00a0h\u00a030 \u00e0 l\u2019Espace Julien, \u00e0 Marseille. 24,20\u20ac, espace-julien.com<\/p>\n","protected":false},"excerpt":{"rendered":"Les amateurs de ride et de metal se souviennent encore du MVRKS Fest qui avait embras\u00e9 la Friche&hellip;\n","protected":false},"author":2,"featured_media":527631,"comment_status":"","ping_status":"","sticky":false,"template":"","format":"standard","meta":{"footnotes":""},"categories":[2814],"tags":[17,1111,11,10653,251,64690,1777,674,27324,1011,27,28935,30993,884,12,882,25,8133],"class_list":{"0":"post-527630","1":"post","2":"type-post","3":"status-publish","4":"format-standard","5":"has-post-thumbnail","7":"category-marseille","8":"tag-17","9":"tag-actu","10":"tag-actualites","11":"tag-attendu","12":"tag-culture","13":"tag-dagoba","14":"tag-eu","15":"tag-europe","16":"tag-explosif","17":"tag-fr","18":"tag-france","19":"tag-julien","20":"tag-lespace","21":"tag-marseille","22":"tag-news","23":"tag-provence-alpes-cote-dazur","24":"tag-republique-francaise","25":"tag-retour"},"share_on_mastodon":{"url":"https:\/\/pubeurope.com\/@fr\/115532366170817764","error":""},"_links":{"self":[{"href":"https:\/\/www.europesays.com\/fr\/wp-json\/wp\/v2\/posts\/527630","targetHints":{"allow":["GET"]}}],"collection":[{"href":"https:\/\/www.europesays.com\/fr\/wp-json\/wp\/v2\/posts"}],"about":[{"href":"https:\/\/www.europesays.com\/fr\/wp-json\/wp\/v2\/types\/post"}],"author":[{"embeddable":true,"href":"https:\/\/www.europesays.com\/fr\/wp-json\/wp\/v2\/users\/2"}],"replies":[{"embeddable":true,"href":"https:\/\/www.europesays.com\/fr\/wp-json\/wp\/v2\/comments?post=527630"}],"version-history":[{"count":0,"href":"https:\/\/www.europesays.com\/fr\/wp-json\/wp\/v2\/posts\/527630\/revisions"}],"wp:featuredmedia":[{"embeddable":true,"href":"https:\/\/www.europesays.com\/fr\/wp-json\/wp\/v2\/media\/527631"}],"wp:attachment":[{"href":"https:\/\/www.europesays.com\/fr\/wp-json\/wp\/v2\/media?parent=527630"}],"wp:term":[{"taxonomy":"category","embeddable":true,"href":"https:\/\/www.europesays.com\/fr\/wp-json\/wp\/v2\/categories?post=527630"},{"taxonomy":"post_tag","embeddable":true,"href":"https:\/\/www.europesays.com\/fr\/wp-json\/wp\/v2\/tags?post=527630"}],"curies":[{"name":"wp","href":"https:\/\/api.w.org\/{rel}","templated":true}]}}