{"id":527634,"date":"2025-11-11T18:00:14","date_gmt":"2025-11-11T18:00:14","guid":{"rendered":"https:\/\/www.europesays.com\/fr\/527634\/"},"modified":"2025-11-11T18:00:14","modified_gmt":"2025-11-11T18:00:14","slug":"immobilier-ou-trouver-un-3-pieces-a-moins-de-230-000-e-a-lyon-et-dans-le-rhone","status":"publish","type":"post","link":"https:\/\/www.europesays.com\/fr\/527634\/","title":{"rendered":"Immobilier. O\u00f9 trouver un 3 pi\u00e8ces \u00e0 moins de 230\u00a0000\u00a0\u20ac \u00e0 Lyon et dans le Rh\u00f4ne\u00a0?"},"content":{"rendered":"<p>C\u2019est le nombre de pi\u00e8ces le plus recherch\u00e9. Les appartements de 3 pi\u00e8ces ont repr\u00e9sent\u00e9 33\u00a0% des ventes en 2025, la m\u00eame part qu\u2019en 2024. Derri\u00e8re, les deux pi\u00e8ces repr\u00e9sentent 26\u00a0% des ventes, les quatre pi\u00e8ces 23\u00a0%, loin devant les studios \u00e0 10\u00a0% et les cinq pi\u00e8ces et plus \u00e0 9\u00a0%.<\/p>\n<p>En d\u00e9but d\u2019ann\u00e9e, <a href=\"https:\/\/www.leprogres.fr\/economie\/2025\/02\/16\/ce-que-coute-un-appartement-a-lyon-et-dans-le-rhone-en-2025\" target=\"_blank\" rel=\"noopener\">la chambre des notaires du Rh\u00f4ne<\/a> d\u00e9voilait \u00e0 la r\u00e9daction du Progr\u00e8s Immobilier les prix m\u00e9dians sur le march\u00e9 des appartements anciens, du studio au T5 dans le Rh\u00f4ne. Selon les notaires, il faut d\u00e9bourser 230\u00a0400\u00a0\u20ac pour un T3 dans l\u2019ancien \u00e0 l\u2019\u00e9chelle du d\u00e9partement. Ce pourquoi, Le Progr\u00e8s vous propose de d\u00e9couvrir ces communes du Rh\u00f4ne ou quartiers de Lyon o\u00f9 il est possible d\u2019acqu\u00e9rir un T3, de 65\u00a0m\u00b2, sous la barre des 230\u00a0000\u00a0\u20ac.<\/p>\n<p>Parmi les communes du d\u00e9partement les plus abordables, celles du Nord dans le Beaujolais vert. \u00c0 Tarare, le prix moyen d\u2019un appartement dans l\u2019ancien est de 1\u00a0480\u00a0\u20ac\/m\u00b2 soit pr\u00e8s de 90\u00a0000\u00a0\u20ac pour un trois-pi\u00e8ces. Comptez 1\u00a0890\u00a0\u20ac\/m\u00b2 \u00e0 Sain-Bel, l\u00e9g\u00e8rement plus au sud en direction de Lyon.<\/p>\n<p>\u00c0 Lyon, aussi, il est possible de trouver deux chambres sous les 230\u00a0000\u00a0\u20ac dans les quartiers de la Duch\u00e8re, aux \u00c9tats-Unis, au Point du Jour ou encore dans le <a href=\"https:\/\/www.leprogres.fr\/faits-divers-justice\/2025\/11\/07\/agressions-rodeos-trafic-de-drogue-ce-quartier-devenu-invivable-donne-du-fil-a-retordre-a-la-mairie\" target=\"_blank\" rel=\"noopener\">quartier de Vaise<\/a>.<\/p>\n","protected":false},"excerpt":{"rendered":"C\u2019est le nombre de pi\u00e8ces le plus recherch\u00e9. Les appartements de 3 pi\u00e8ces ont repr\u00e9sent\u00e9 33\u00a0% des ventes&hellip;\n","protected":false},"author":2,"featured_media":527635,"comment_status":"","ping_status":"","sticky":false,"template":"","format":"standard","meta":{"footnotes":""},"categories":[1889],"tags":[1111,11,2430,19414,130,33,3152,2757,3153,3154,3155,3156,1777,674,107,1011,27,1116,2428,2756,12,25,2429,64691,104,4723],"class_list":{"0":"post-527634","1":"post","2":"type-post","3":"status-publish","4":"format-standard","5":"has-post-thumbnail","7":"category-lyon","8":"tag-actu","9":"tag-actualites","10":"tag-auvergne-rhone-alpes","11":"tag-conseils-immobiliers","12":"tag-consommation","13":"tag-economie","14":"tag-edition-est-lyonnais","15":"tag-edition-lyon-villeurbanne","16":"tag-edition-ouest-lyonnais","17":"tag-edition-sud-lyonnais","18":"tag-edition-tarare","19":"tag-edition-villefranche","20":"tag-eu","21":"tag-europe","22":"tag-fil-info","23":"tag-fr","24":"tag-france","25":"tag-immobilier","26":"tag-lyon","27":"tag-lyon-bassin","28":"tag-news","29":"tag-republique-francaise","30":"tag-rhone","31":"tag-sain-bel","32":"tag-societe","33":"tag-tarare"},"share_on_mastodon":{"url":"https:\/\/pubeurope.com\/@fr\/115532373904873257","error":""},"_links":{"self":[{"href":"https:\/\/www.europesays.com\/fr\/wp-json\/wp\/v2\/posts\/527634","targetHints":{"allow":["GET"]}}],"collection":[{"href":"https:\/\/www.europesays.com\/fr\/wp-json\/wp\/v2\/posts"}],"about":[{"href":"https:\/\/www.europesays.com\/fr\/wp-json\/wp\/v2\/types\/post"}],"author":[{"embeddable":true,"href":"https:\/\/www.europesays.com\/fr\/wp-json\/wp\/v2\/users\/2"}],"replies":[{"embeddable":true,"href":"https:\/\/www.europesays.com\/fr\/wp-json\/wp\/v2\/comments?post=527634"}],"version-history":[{"count":0,"href":"https:\/\/www.europesays.com\/fr\/wp-json\/wp\/v2\/posts\/527634\/revisions"}],"wp:featuredmedia":[{"embeddable":true,"href":"https:\/\/www.europesays.com\/fr\/wp-json\/wp\/v2\/media\/527635"}],"wp:attachment":[{"href":"https:\/\/www.europesays.com\/fr\/wp-json\/wp\/v2\/media?parent=527634"}],"wp:term":[{"taxonomy":"category","embeddable":true,"href":"https:\/\/www.europesays.com\/fr\/wp-json\/wp\/v2\/categories?post=527634"},{"taxonomy":"post_tag","embeddable":true,"href":"https:\/\/www.europesays.com\/fr\/wp-json\/wp\/v2\/tags?post=527634"}],"curies":[{"name":"wp","href":"https:\/\/api.w.org\/{rel}","templated":true}]}}