{"id":52764,"date":"2025-04-25T21:49:08","date_gmt":"2025-04-25T21:49:08","guid":{"rendered":"https:\/\/www.europesays.com\/fr\/52764\/"},"modified":"2025-04-25T21:49:08","modified_gmt":"2025-04-25T21:49:08","slug":"le-prix-de-la-carte-grise-explose-dans-quelques-jours-pour-ces-vehicules-5669","status":"publish","type":"post","link":"https:\/\/www.europesays.com\/fr\/52764\/","title":{"rendered":"Le prix de la carte grise explose dans quelques jours pour ces v\u00e9hicules (+5669\u202f%) !"},"content":{"rendered":"<p>Cette mesure marque la fin d\u2019une exon\u00e9ration fiscale instaur\u00e9e en 2022 pour encourager l\u2019achat de v\u00e9hicules propres. D\u00e9sormais, chaque r\u00e9gion a la libert\u00e9 de d\u00e9cider d\u2019appliquer ou non une exon\u00e9ration totale ou partielle de la taxe r\u00e9gionale sur <a href=\"https:\/\/www.journaldugeek.com\/2025\/04\/12\/la-carte-grise-arrive-sur-votre-smartphone-voici-comment-lobtenir\/\" target=\"_blank\" rel=\"false noopener\">la carte grise.<\/a><\/p>\n<p>Des augmentations en 2025<\/p>\n<p>En pratique, seule la r\u00e9gion Hauts-de-France a choisi de maintenir une exon\u00e9ration totale, limitant les frais \u00e0 13,76\u00a0\u20ac (taxe fixe et redevance d\u2019acheminement). Dans les autres r\u00e9gions, les propri\u00e9taires de v\u00e9hicules \u00e9lectriques devront s\u2019acquitter de la taxe r\u00e9gionale, dont le montant varie selon la puissance fiscale du v\u00e9hicule et le tarif du cheval fiscal propre \u00e0 chaque r\u00e9gion.<\/p>\n<p>Parmi les r\u00e9gions ayant enregistr\u00e9 les hausses les plus significatives du tarif du cheval fiscal en 2025, on retrouve\u00a0:\u200b<\/p>\n<ul>\n<li>Normandie\u00a0: de 46\u00a0\u20ac \u00e0 60\u00a0\u20ac\u200b (+30,4\u00a0%)<\/li>\n<li>Centre-Val de Loire\u00a0: de 55\u00a0\u20ac \u00e0 60\u00a0\u20ac\u200b<\/li>\n<li>Provence-Alpes-C\u00f4te d\u2019Azur\u00a0: de 51,20\u00a0\u20ac \u00e0 59\u00a0\u20ac\u200b (+15,2\u00a0%)<\/li>\n<li>Nouvelle-Aquitaine\u00a0: de 45\u00a0\u20ac \u00e0 53\u00a0\u20ac\u200b (+17,8\u00a0%)<\/li>\n<li>Bretagne\u00a0: de 55\u00a0\u20ac \u00e0 60\u00a0\u20ac\u200b<\/li>\n<li>Grand Est\u00a0: de 48\u00a0\u20ac \u00e0 60\u00a0\u20ac\u200b (+25\u00a0%)<\/li>\n<li>La R\u00e9union\u00a0: de 51\u00a0\u20ac \u00e0 57\u00a0\u20ac\u200b<\/li>\n<li>\u00cele-de-France\u00a0: de 46,15\u00a0\u20ac \u00e0 54,95\u00a0\u20ac (+19\u00a0%)<\/li>\n<li>\u200bLa Corse a enregistr\u00e9 la plus forte hausse du tarif, avec une augmentation de 59,3\u00a0%, passant de 27\u00a0\u20ac \u00e0 43\u00a0\u20ac.<\/li>\n<\/ul>\n<p>Ces augmentations ont un impact direct sur le co\u00fbt de la carte grise des v\u00e9hicules \u00e9lectriques, qui \u00e9taient auparavant exon\u00e9r\u00e9s de la taxe r\u00e9gionale.<\/p>\n<p>Exemples concrets pour une Renault 5 E-Tech et une Tesla Model 3 Performance<\/p>\n<p>Renault 5 E-Tech (5 CV fiscaux) :\u200b<\/p>\n<ul>\n<li>En \u00cele-de-France (cheval fiscal \u00e0 54,95\u00a0\u20ac), le co\u00fbt de la taxe r\u00e9gionale sera de 274,75\u00a0\u20ac.\u200b<\/li>\n<li>En Normandie (cheval fiscal \u00e0 60\u00a0\u20ac), le co\u00fbt sera de 300\u00a0\u20ac.\u200b<\/li>\n<\/ul>\n<p>Tesla Model 3 Performance (13 CV fiscaux) :\u200b<\/p>\n<ul>\n<li>En \u00cele-de-France, le co\u00fbt de la taxe r\u00e9gionale sera de 714,35\u00a0\u20ac.\u200b<\/li>\n<li>En Normandie, le co\u00fbt sera de 780\u00a0\u20ac, soit +5669\u00a0% !<\/li>\n<\/ul>\n<p>Ces montants s\u2019ajoutent aux frais fixes de 13,76\u00a0\u20ac (taxe fixe de 11\u00a0\u20ac et redevance d\u2019acheminement de 2,76\u00a0\u20ac).<\/p>\n<p>Pour estimer le co\u00fbt de la carte grise de votre v\u00e9hicule \u00e9lectrique, vous pouvez utiliser le simulateur officiel disponible <a href=\"https:\/\/www.service-public.fr\/simulateur\/calcul\/cout-certificat-immatriculation\" target=\"_blank\" rel=\"false noopener\">sur le site Service-Public.fr.<\/a><\/p>\n<p>Une r\u00e9duction des aides \u00e0 l\u2019achat qui n\u2019en finit plus<\/p>\n<p>Cette \u00e9volution s\u2019inscrit dans un contexte de r\u00e9duction des aides \u00e0 l\u2019achat de v\u00e9hicules \u00e9lectriques, avec notamment une baisse du bonus \u00e9cologique et la suppression de certaines primes.\u200b<\/p>\n<p>Les r\u00e9gions justifient cette d\u00e9cision par la n\u00e9cessit\u00e9 de compenser les pertes fiscales li\u00e9es \u00e0 l\u2019essor des v\u00e9hicules \u00e9lectriques et de r\u00e9tablir une \u00e9quit\u00e9 entre les diff\u00e9rents types de motorisations. De plus, elles estiment que le march\u00e9 des v\u00e9hicules \u00e9lectriques est d\u00e9sormais suffisamment mature pour se passer de ces incitations fiscales.\u200b<\/p>\n<p>Cette mesure pourrait toutefois ralentir l\u2019adoption des v\u00e9hicules \u00e9lectriques, en particulier parmi les m\u00e9nages modestes, et affecter le march\u00e9 de l\u2019occasion. Les associations de d\u00e9fense de l\u2019environnement appellent les r\u00e9gions \u00e0 reconsid\u00e9rer leur position et \u00e0 maintenir des incitations financi\u00e8res pour les v\u00e9hicules propres.<\/p>\n<p>\u00a0<\/p>\n<blockquote>\n<p class=\"text-base text-neutral-700 dark:text-neutral-300\">\ud83d\udfe3 Pour ne manquer aucune news sur le Journal du Geek, abonnez-vous sur <a href=\"https:\/\/news.google.com\/publications\/CAAqBwgKMNr_hAswwYyCAw?hl=fr&amp;gl=FR&amp;ceid=FR%3Afr\" target=\"_blank\" rel=\"noopener\">Google Actualit\u00e9s<\/a> et sur <a href=\"https:\/\/whatsapp.com\/channel\/0029VaClM5y4tRry12tb7D2h\" target=\"_blank\" rel=\"noopener\">notre WhatsApp<\/a>. Et si vous nous adorez, on a <a href=\"https:\/\/www.journaldugeek.com\/newsletter\/\" target=\"_blank\" rel=\"noopener\">une newsletter tous les matins<\/a>.<\/p>\n<\/blockquote>\n","protected":false},"excerpt":{"rendered":"Cette mesure marque la fin d\u2019une exon\u00e9ration fiscale instaur\u00e9e en 2022 pour encourager l\u2019achat de v\u00e9hicules propres. D\u00e9sormais,&hellip;\n","protected":false},"author":2,"featured_media":52765,"comment_status":"","ping_status":"","sticky":false,"template":"","format":"standard","meta":{"footnotes":""},"categories":[6],"tags":[1977,35,7926,33,34,1011,27,2549],"class_list":{"0":"post-52764","1":"post","2":"type-post","3":"status-publish","4":"format-standard","5":"has-post-thumbnail","7":"category-economie","8":"tag-auto","9":"tag-business","10":"tag-carte-grise","11":"tag-economie","12":"tag-economy","13":"tag-fr","14":"tag-france","15":"tag-taxe"},"share_on_mastodon":{"url":"","error":""},"_links":{"self":[{"href":"https:\/\/www.europesays.com\/fr\/wp-json\/wp\/v2\/posts\/52764","targetHints":{"allow":["GET"]}}],"collection":[{"href":"https:\/\/www.europesays.com\/fr\/wp-json\/wp\/v2\/posts"}],"about":[{"href":"https:\/\/www.europesays.com\/fr\/wp-json\/wp\/v2\/types\/post"}],"author":[{"embeddable":true,"href":"https:\/\/www.europesays.com\/fr\/wp-json\/wp\/v2\/users\/2"}],"replies":[{"embeddable":true,"href":"https:\/\/www.europesays.com\/fr\/wp-json\/wp\/v2\/comments?post=52764"}],"version-history":[{"count":0,"href":"https:\/\/www.europesays.com\/fr\/wp-json\/wp\/v2\/posts\/52764\/revisions"}],"wp:featuredmedia":[{"embeddable":true,"href":"https:\/\/www.europesays.com\/fr\/wp-json\/wp\/v2\/media\/52765"}],"wp:attachment":[{"href":"https:\/\/www.europesays.com\/fr\/wp-json\/wp\/v2\/media?parent=52764"}],"wp:term":[{"taxonomy":"category","embeddable":true,"href":"https:\/\/www.europesays.com\/fr\/wp-json\/wp\/v2\/categories?post=52764"},{"taxonomy":"post_tag","embeddable":true,"href":"https:\/\/www.europesays.com\/fr\/wp-json\/wp\/v2\/tags?post=52764"}],"curies":[{"name":"wp","href":"https:\/\/api.w.org\/{rel}","templated":true}]}}