{"id":527642,"date":"2025-11-11T18:07:12","date_gmt":"2025-11-11T18:07:12","guid":{"rendered":"https:\/\/www.europesays.com\/fr\/527642\/"},"modified":"2025-11-11T18:07:12","modified_gmt":"2025-11-11T18:07:12","slug":"incidents-a-la-philharmonie-de-paris-deux-militants-pro-israeliens-seront-juges-en-mai","status":"publish","type":"post","link":"https:\/\/www.europesays.com\/fr\/527642\/","title":{"rendered":"Incidents \u00e0 la Philharmonie de Paris : Deux militants pro-isra\u00e9liens seront jug\u00e9s en mai"},"content":{"rendered":"<p class=\"mb-4 text-lg md:leading-8 break-words\"><strong>AFFRONTEMENTS &#8211; Deux militants pro-isra\u00e9liens seront jug\u00e9s en mai apr\u00e8s une rixe devant un commissariat parisien, sur fond de tensions li\u00e9es aux incidents survenus \u00e0 la Philharmonie de Paris<\/strong><\/p>\n<p class=\"mb-4 text-lg md:leading-8 break-words\">Une rixe entre militants pro-isra\u00e9liens et propalestiniens a \u00e9clat\u00e9 samedi devant le commissariat du XIXe arrondissement de Paris, dans un climat d\u00e9j\u00e0 tendu apr\u00e8s <a href=\"https:\/\/www.20minutes.fr\/societe\/4184398-20251107-fiche-fumigenes-melenchon-sait-incidents-philharmonie?at_medium=RSS%20feed&amp;at_campaign=ynews&amp;utm_source=yahoo&amp;utm_medium=rss&amp;utm_campaign=news_feed&amp;utm_content=in_article_link\" rel=\"nofollow noopener\" target=\"_blank\" data-ylk=\"slk:les incidents survenus \u00e0 la Philharmonie;elm:context_link;itc:0;sec:content-canvas\" class=\"link \">les incidents survenus \u00e0 la Philharmonie<\/a>. Deux hommes pro-isra\u00e9liens, \u00e2g\u00e9s de 26 et 35 ans, seront jug\u00e9s le 7\u00a0mai prochain pour r\u00e9bellion, outrages et menaces de mort sur personne d\u00e9positaire de l\u2019autorit\u00e9 publique. Les faits se sont produits alors qu\u2019un rassemblement de soutien aux quatre personnes arr\u00eat\u00e9es jeudi, apr\u00e8s la perturbation du concert de l\u2019Orchestre philharmonique d\u2019Isra\u00ebl, se tenait devant le commissariat.<\/p>\n<p class=\"mb-4 text-lg md:leading-8 break-words\">Selon le parquet de Paris, la situation a d\u00e9g\u00e9n\u00e9r\u00e9 lorsque des militants <a href=\"https:\/\/www.20minutes.fr\/monde\/israel\/?at_medium=RSS%20feed&amp;at_campaign=ynews&amp;utm_source=yahoo&amp;utm_medium=rss&amp;utm_campaign=news_feed&amp;utm_content=in_article_link\" rel=\"nofollow noopener\" target=\"_blank\" data-ylk=\"slk:pro-isra\u00e9liens;elm:context_link;itc:0;sec:content-canvas\" class=\"link \">pro-isra\u00e9liens<\/a> sont venus au contact du groupe propalestinien. Trois policiers ont \u00e9t\u00e9 bless\u00e9s en tentant de s\u00e9parer les deux camps. <a href=\"https:\/\/www.20minutes.fr\/societe\/4184540-20251109-heurts-philharmonie-juge-saisi-premiere-mise-examen-quatre-interpellations-apres-nouvelle-rixe?at_medium=RSS%20feed&amp;at_campaign=ynews&amp;utm_source=yahoo&amp;utm_medium=rss&amp;utm_campaign=news_feed&amp;utm_content=in_article_link\" rel=\"nofollow noopener\" target=\"_blank\" data-ylk=\"slk:Trois militants pro-isra\u00e9liens et un propalestinien ont \u00e9t\u00e9 interpell\u00e9s;elm:context_link;itc:0;sec:content-canvas\" class=\"link \">Trois militants pro-isra\u00e9liens et un propalestinien ont \u00e9t\u00e9 interpell\u00e9s<\/a>. L\u2019un des dossiers a \u00e9t\u00e9 class\u00e9, tandis que les deux hommes poursuivis ont \u00e9t\u00e9 plac\u00e9s sous contr\u00f4le judiciaire en attendant leur comparution.<\/p>\n<p>Pas de poursuites contre un militant propalestinien<\/p>\n<p class=\"mb-4 text-lg md:leading-8 break-words\">Le militant propalestinien arr\u00eat\u00e9 pour \u00ab\u00a0injures raciales\u00a0\u00bb, suspect\u00e9 d\u2019avoir tenu des propos antis\u00e9mites, a pour sa part b\u00e9n\u00e9fici\u00e9 d\u2019un classement sans suite. \u00ab\u00a0L\u2019ensemble des actes d\u2019enqu\u00eate r\u00e9alis\u00e9s n\u2019ont pas permis de lui imputer les faits\u00a0\u00bb, a expliqu\u00e9 le minist\u00e8re public, \u00e9voquant notamment \u00ab\u00a0l\u2019absence de reconnaissance sur photo\u00a0\u00bb et \u00ab\u00a0l\u2019exploitation vaine de son t\u00e9l\u00e9phone\u00a0\u00bb. Son avocat, Me Alexis Baudelin, a d\u00e9nonc\u00e9 \u00ab\u00a0une arres(&#8230;)<\/p>\n<p class=\"mb-4 text-lg md:leading-8 break-words\"><a href=\"https:\/\/www.20minutes.fr\/justice\/4185001-20251111-incidents-philharmonie-paris-deux-militants-pro-israeliens-juges-mai?at_medium=RSS%20feed&amp;at_campaign=ynews&amp;utm_source=yahoo&amp;utm_medium=rss&amp;utm_campaign=news_feed&amp;utm_content=read_more_link&quot;\" rel=\"nofollow noopener\" target=\"_blank\" data-ylk=\"slk:Lire la suite sur 20minutes;elm:context_link;itc:0;sec:content-canvas\" class=\"link \">Lire la suite sur 20minutes<\/a><\/p>\n<p>\u00c0 lire aussi :<br \/><a href=\"https:\/\/www.20minutes.fr\/societe\/4184398-20251107-fiche-fumigenes-melenchon-sait-incidents-philharmonie?at_medium=RSS%20feed&amp;at_campaign=ynews&amp;utm_source=yahoo&amp;utm_medium=rss&amp;utm_campaign=news_feed&amp;utm_content=related_content_link\" rel=\"nofollow noopener\" target=\"_blank\" data-ylk=\"slk:Fich\u00e9 S, fumig\u00e8nes, M\u00e9lenchon\u2026 Ce que l\u2019on sait sur les incidents \u00e0 la Philharmonie;elm:context_link;itc:0;sec:content-canvas\" class=\"link \">Fich\u00e9 S, fumig\u00e8nes, M\u00e9lenchon\u2026 Ce que l\u2019on sait sur les incidents \u00e0 la Philharmonie<\/a><br \/><a href=\"https:\/\/www.20minutes.fr\/paris\/4184163-20251107-incidents-philharmonie-paris-concert-orchestre-israelien-arrete-quatre-personnes-garde-vue?at_medium=RSS%20feed&amp;at_campaign=ynews&amp;utm_source=yahoo&amp;utm_medium=rss&amp;utm_campaign=news_feed&amp;utm_content=related_content_link\" rel=\"nofollow noopener\" target=\"_blank\" data-ylk=\"slk:Incidents \u00e0 la Philharmonie de Paris\u00a0: Le concert d\u2019un orchestre isra\u00e9lien arr\u00eat\u00e9, quatre personnes en garde \u00e0 vue;elm:context_link;itc:0;sec:content-canvas\" class=\"link \">Incidents \u00e0 la Philharmonie de Paris\u00a0: Le concert d\u2019un orchestre isra\u00e9lien arr\u00eat\u00e9, quatre personnes en garde \u00e0 vue<\/a><\/p>\n","protected":false},"excerpt":{"rendered":"AFFRONTEMENTS &#8211; Deux militants pro-isra\u00e9liens seront jug\u00e9s en mai apr\u00e8s une rixe devant un commissariat parisien, sur fond&hellip;\n","protected":false},"author":2,"featured_media":527643,"comment_status":"","ping_status":"","sticky":false,"template":"","format":"standard","meta":{"footnotes":""},"categories":[1888],"tags":[1111,1928,11,1927,1777,674,1011,27,23092,2565,14027,12,1926,626,1925,25,58259],"class_list":{"0":"post-527642","1":"post","2":"type-post","3":"status-publish","4":"format-standard","5":"has-post-thumbnail","7":"category-paris","8":"tag-actu","9":"tag-actu-paris","10":"tag-actualites","11":"tag-actualites-paris","12":"tag-eu","13":"tag-europe","14":"tag-fr","15":"tag-france","16":"tag-la-philharmonie-de-paris","17":"tag-mai","18":"tag-militants","19":"tag-news","20":"tag-news-paris","21":"tag-paris","22":"tag-paris-news","23":"tag-republique-francaise","24":"tag-xixe-arrondissement-de-paris"},"share_on_mastodon":{"url":"https:\/\/pubeurope.com\/@fr\/115532401588824290","error":""},"_links":{"self":[{"href":"https:\/\/www.europesays.com\/fr\/wp-json\/wp\/v2\/posts\/527642","targetHints":{"allow":["GET"]}}],"collection":[{"href":"https:\/\/www.europesays.com\/fr\/wp-json\/wp\/v2\/posts"}],"about":[{"href":"https:\/\/www.europesays.com\/fr\/wp-json\/wp\/v2\/types\/post"}],"author":[{"embeddable":true,"href":"https:\/\/www.europesays.com\/fr\/wp-json\/wp\/v2\/users\/2"}],"replies":[{"embeddable":true,"href":"https:\/\/www.europesays.com\/fr\/wp-json\/wp\/v2\/comments?post=527642"}],"version-history":[{"count":0,"href":"https:\/\/www.europesays.com\/fr\/wp-json\/wp\/v2\/posts\/527642\/revisions"}],"wp:featuredmedia":[{"embeddable":true,"href":"https:\/\/www.europesays.com\/fr\/wp-json\/wp\/v2\/media\/527643"}],"wp:attachment":[{"href":"https:\/\/www.europesays.com\/fr\/wp-json\/wp\/v2\/media?parent=527642"}],"wp:term":[{"taxonomy":"category","embeddable":true,"href":"https:\/\/www.europesays.com\/fr\/wp-json\/wp\/v2\/categories?post=527642"},{"taxonomy":"post_tag","embeddable":true,"href":"https:\/\/www.europesays.com\/fr\/wp-json\/wp\/v2\/tags?post=527642"}],"curies":[{"name":"wp","href":"https:\/\/api.w.org\/{rel}","templated":true}]}}