{"id":527644,"date":"2025-11-11T18:08:10","date_gmt":"2025-11-11T18:08:10","guid":{"rendered":"https:\/\/www.europesays.com\/fr\/527644\/"},"modified":"2025-11-11T18:08:10","modified_gmt":"2025-11-11T18:08:10","slug":"dou-viennent-ces-etranges-faisceaux-de-lumiere-visibles-dans-le-ciel-parisien-la-nuit","status":"publish","type":"post","link":"https:\/\/www.europesays.com\/fr\/527644\/","title":{"rendered":"D\u2019o\u00f9 viennent ces \u00e9tranges faisceaux de lumi\u00e8re visibles dans le ciel parisien la nuit\u00a0?"},"content":{"rendered":"<p class=\"paragraph text_align_left lp-f-body-02\">Comme des \u00e2mes qui s\u2019\u00e9l\u00e8vent vers les \u00e9toiles. Depuis quelques jours, les Parisiens ont pu observer un \u00e9trange spectacle nocturne : des dizaines de faisceaux lumineux color\u00e9s montant vers le ciel en forme de cercle, directement depuis le centre de la capitale. Loin du c\u00e9l\u00e8bre projecteur de la <a href=\"https:\/\/www.leparisien.fr\/paris-75\/13-novembre-dix-ans-apres-la-tour-eiffel-silluminera-en-bleu-blanc-et-rouge-10-11-2025-KEGUC3LRSRGU5O7FFYJA2NFXQM.php\" target=\"_blank\" rel=\"noreferrer nofollow noopener\">tour Eiffel<\/a> auquel les habitants sont habitu\u00e9s, ces spots tourn\u00e9s vers la vo\u00fbte c\u00e9leste proviennent d\u2019un autre lieu embl\u00e9matique.<\/p>\n<p class=\"paragraph text_align_left lp-f-body-02\">Selon la Ville de Paris, il s\u2019agit de r\u00e9p\u00e9titions et de tests en pr\u00e9vision de la grande c\u00e9r\u00e9monie d\u2019hommage qui doit se tenir ce jeudi au jardin m\u00e9moriel du 13 novembre, place Saint-Gervais, dans le IVe arrondissement. Une installation lumineuse qui prend tout son sens dans ce lieu de m\u00e9moire, o\u00f9 les \u00e9clairages du jardin s\u2019inspirent pr\u00e9cis\u00e9ment de la vo\u00fbte c\u00e9leste du 13 novembre 2015.<\/p>\n<p>Une c\u00e9r\u00e9monie encore envelopp\u00e9e de myst\u00e8re<\/p>\n<p class=\"paragraph text_align_left lp-f-body-02\">Pour permettre aux \u00e9quipes artistiques et techniques de pr\u00e9parer l\u2019\u00e9v\u00e9nement loin des regards des curieux, le site est ferm\u00e9 au public depuis le 2 novembre dernier. Et si ces tests lumineux laissent entrevoir la dimension spectaculaire de l\u2019\u00e9v\u00e9nement, <a href=\"https:\/\/www.leparisien.fr\/culture-loisirs\/10-ans-du-13-novembre-un-grand-hommage-musical-un-requiem-de-victor-le-masnece-qui-est-prevu-a-paris-17-10-2025-A2HG7RI5C5H3BLUQ6XEXBPPVBU.php\" target=\"_blank\" rel=\"noreferrer nofollow noopener\">la programmation exacte de la c\u00e9r\u00e9monie<\/a> reste encore largement secr\u00e8te. Ce que l\u2019on sait : le rendez-vous est fix\u00e9 de 18 heures \u00e0 19h45, <a href=\"https:\/\/www.leparisien.fr\/societe\/dix-ans-du-13-novembre-emmanuel-macron-ira-sur-chaque-lieu-dattentat-avant-dinaugurer-le-jardin-memoriel-a-paris-06-11-2025-YAG7OW4Z75C55FUMA6ANTUVKEM.php\" target=\"_blank\" rel=\"noreferrer nofollow noopener\">en pr\u00e9sence du pr\u00e9sident Emmanuel Macron<\/a>, et sera retransmis en direct sur TF 1 et France 2 et sur des \u00e9crans g\u00e9ants place de la R\u00e9publique.<\/p>\n<p class=\"paragraph text_align_left lp-f-body-02\">La direction artistique a \u00e9t\u00e9 confi\u00e9e \u00e0 Thierry Reboul, ma\u00eetre des c\u00e9r\u00e9monies d\u2019ouverture des Jeux olympiques de Paris 2024. Il s\u2019est entour\u00e9 d\u2019une \u00e9quipe prestigieuse : Blanca Li \u00e0 la chor\u00e9graphie, Thomas Dechandon \u00e0 la lumi\u00e8re, et Victor Le Masne, compositeur de l\u2019hymne des JO \u00ab Parade \u00bb, \u00e0 la direction musicale. Ce dernier a sp\u00e9cialement cr\u00e9\u00e9 pour l\u2019occasion \u00ab le Requiem des lumi\u00e8res \u00bb, qui sera interpr\u00e9t\u00e9 par l\u2019orchestre de la Garde r\u00e9publicaine et le ch\u0153ur de la Maison de Radio France.<\/p>\n<p class=\"paragraph text_align_left lp-f-body-02\">La musique sera le fil conducteur de cet hommage. \u00ab Elle a \u00e9t\u00e9 attaqu\u00e9e. Les arts doivent dire quelque chose \u00bb, avait expliqu\u00e9 Thierry Reboul lors de la pr\u00e9sentation du projet en octobre. Un choix symbolique, en \u00e9cho au groupe Eagles of Death Metal qui se produisait au Bataclan ce soir-l\u00e0, et pour c\u00e9l\u00e9brer \u00ab le sens de la f\u00eate \u00bb que les attentats ont voulu d\u00e9truire.<\/p>\n<p class=\"paragraph text_align_left lp-f-body-02\">Avant cette c\u00e9r\u00e9monie au jardin m\u00e9moriel ferm\u00e9e au public, Emmanuel Macron <a href=\"https:\/\/www.leparisien.fr\/paris-75\/13-novembre-le-programme-complet-des-ceremonies-dhommage-ce-jeudi-a-paris-10-11-2025-KMBM3NMGMJGVPG3JSCIPVW4Z4Y.php\" target=\"_blank\" rel=\"noreferrer nofollow noopener\">se recueillera successivement sur chacun des lieux<\/a> frapp\u00e9s par les attentats : au Stade de France \u00e0 11h30, puis dans les Xe et XIe arrondissements, devant les plaques comm\u00e9moratives du Petit Cambodge, du Carillon, de La Bonne Bi\u00e8re, du Comptoir Voltaire, de La Belle \u00c9quipe, et enfin au Bataclan \u00e0 14h30.<\/p>\n","protected":false},"excerpt":{"rendered":"Comme des \u00e2mes qui s\u2019\u00e9l\u00e8vent vers les \u00e9toiles. Depuis quelques jours, les Parisiens ont pu observer un \u00e9trange&hellip;\n","protected":false},"author":2,"featured_media":527645,"comment_status":"","ping_status":"","sticky":false,"template":"","format":"standard","meta":{"footnotes":""},"categories":[1888],"tags":[11,1777,674,1011,27,1944,12,626,25],"class_list":{"0":"post-527644","1":"post","2":"type-post","3":"status-publish","4":"format-standard","5":"has-post-thumbnail","7":"category-paris","8":"tag-actualites","9":"tag-eu","10":"tag-europe","11":"tag-fr","12":"tag-france","13":"tag-ma-ville","14":"tag-news","15":"tag-paris","16":"tag-republique-francaise"},"share_on_mastodon":{"url":"https:\/\/pubeurope.com\/@fr\/115532405469749666","error":""},"_links":{"self":[{"href":"https:\/\/www.europesays.com\/fr\/wp-json\/wp\/v2\/posts\/527644","targetHints":{"allow":["GET"]}}],"collection":[{"href":"https:\/\/www.europesays.com\/fr\/wp-json\/wp\/v2\/posts"}],"about":[{"href":"https:\/\/www.europesays.com\/fr\/wp-json\/wp\/v2\/types\/post"}],"author":[{"embeddable":true,"href":"https:\/\/www.europesays.com\/fr\/wp-json\/wp\/v2\/users\/2"}],"replies":[{"embeddable":true,"href":"https:\/\/www.europesays.com\/fr\/wp-json\/wp\/v2\/comments?post=527644"}],"version-history":[{"count":0,"href":"https:\/\/www.europesays.com\/fr\/wp-json\/wp\/v2\/posts\/527644\/revisions"}],"wp:featuredmedia":[{"embeddable":true,"href":"https:\/\/www.europesays.com\/fr\/wp-json\/wp\/v2\/media\/527645"}],"wp:attachment":[{"href":"https:\/\/www.europesays.com\/fr\/wp-json\/wp\/v2\/media?parent=527644"}],"wp:term":[{"taxonomy":"category","embeddable":true,"href":"https:\/\/www.europesays.com\/fr\/wp-json\/wp\/v2\/categories?post=527644"},{"taxonomy":"post_tag","embeddable":true,"href":"https:\/\/www.europesays.com\/fr\/wp-json\/wp\/v2\/tags?post=527644"}],"curies":[{"name":"wp","href":"https:\/\/api.w.org\/{rel}","templated":true}]}}