{"id":527646,"date":"2025-11-11T18:09:15","date_gmt":"2025-11-11T18:09:15","guid":{"rendered":"https:\/\/www.europesays.com\/fr\/527646\/"},"modified":"2025-11-11T18:09:15","modified_gmt":"2025-11-11T18:09:15","slug":"a-paris-les-basketteuses-deblaient-le-terrain-de-la-mixite-liberation","status":"publish","type":"post","link":"https:\/\/www.europesays.com\/fr\/527646\/","title":{"rendered":"\u00e0 Paris, les basketteuses d\u00e9blaient le terrain de la mixit\u00e9 \u2013 Lib\u00e9ration"},"content":{"rendered":"<p class=\"sc-cPiKLX AiZTS text-element\">Il est 11 heures ce 11 novembre, et, fait inhabituel, trente femmes investissent le terrain de basket ext\u00e9rieur du 144, quai de Jemmapes, dans le Xe arrondissement de Paris. Les basketteuses du jour ont d\u00e9log\u00e9 de l\u00e0 dix joueurs qui occupaient le terrain avant elles : 10 gar\u00e7ons et aucune fille. Elles sont venues \u00e0 l\u2019appel d\u2019une basketteuse de rue, Aur\u00e9lie Delpech, qui en avait assez de voir les terrains ext\u00e9rieurs trust\u00e9s par les hommes. Consciente de faire partie d\u2019\u00abune communaut\u00e9 qui compte tr\u00e8s peu de femmes\u00bb, celle qui est aussi professeure des \u00e9coles souhaite \u00abrenverser la r\u00e9alit\u00e9, proposer un autre r\u00e9pertoire visuel, pour que l\u2019espace public sportif devienne un espace de mixit\u00e9\u00bb. D\u2019apr\u00e8s les chiffres du Centre Hubertine Auclert, d\u00e9di\u00e9 \u00e0 l\u2019\u00e9galit\u00e9 femmes-hommes, 95 % des personnes qui jouent sur les \u00abcity stades\u00bb sont des hommes.<\/p>\n<p class=\"sc-cPiKLX AiZTS text-element\">Les premi\u00e8res joueuses arrivent. Il y a Rose, 21 ans, repr\u00e9sentante de l\u2019Eiffel Basket Club en nationale 3 \u2013 c\u2019est le cinqui\u00e8me \u00e9chelon du basket-ball f\u00e9minin en France. Elle a commenc\u00e9 le basket en ext\u00e9rieur d\u00e8s l\u2019\u00e2ge de 15 ans, et elle le raconte, il a fallu \u00abs\u2019imposer, plus prouver des choses, <a href=\"https:\/\/www.liberation.fr\/societe\/le-foot-mixte-une-revolution-feministe-du-ballon-rond-20221212_GKDTASZWFBH3XO57FQOESRDVWY\/?redirected=1\" target=\"_blank\" rel=\"noreferrer noopener\" title=\"https:\/\/www.liberation.fr\/societe\/le-foot-mixte-une-revolution-feministe-du-ballon-rond-20221212_GKDTASZWFBH3XO57FQOESRDVWY\/?redirected=1\">face \u00e0 des gars qui vont moins te faire moins confiance a priori<\/a>. Il faut aussi faire avec \u00e9norm\u00e9ment de commentaires sexistes.\u00bb<\/p>\n<p class=\"sc-cPiKLX AiZTS text-element\">C\u2019est l\u2019heure des pr\u00e9sentations avec les nouvelles venues. Marine, r\u00e9cente membre de Paris Gazelles, un collectif de basketball parisien ouvert aux femmes de tous niveaux, fait partie des \u00abrookies\u00bb, les novices. Elle raconte \u00eatre pass\u00e9e \u00absouvent devant ce terrain\u00bb, mais sans s\u2019arr\u00eater parce qu\u2019elle ne savait pas jouer. Ivelisse, 20 ans, en club \u00e0 Gennevilliers, vient pour en d\u00e9coudre : \u00abJe ne jouais plus dehors parce que c\u2019est insupportable de jouer avec des mecs, souvent hautains et qui \u201cb\u00e2chent\u201d gratuitement des filles.\u00bb<\/p>\n<p class=\"sc-cPiKLX AiZTS text-element\">A l\u2019\u00e9chauffement, chacune son ballon, premiers shoots r\u00e9ussis dans le panier. Micka\u00ebl fait partie des gar\u00e7ons qui ont laiss\u00e9 leur place ce matin. Habitu\u00e9 du terrain, il commente : \u00abL\u2019apr\u00e8s-midi, il y a encore moins de filles quand le niveau s\u2019\u00e9l\u00e8ve, et le soir c\u2019est peut-\u00eatre un peu dangereux pour elles.\u00bb Rose aper\u00e7oit un groupe de quatre jeunes filles sur le c\u00f4t\u00e9, l\u2019air h\u00e9sitant. \u00abJe vous vois l\u00e0, venez, je vous jure, \u00e7a va \u00eatre bien !\u00bb<\/p>\n<p class=\"sc-cPiKLX AiZTS text-element\">Les premi\u00e8res oppositions peuvent commencer. Aujourd\u2019hui ce sera 3 contre 3 sur un seul panier, en 16 ou en 21 points selon le nombre d\u2019\u00e9quipes qui attendent pour \u00abprendre la gagne\u00bb. Street basket oblige, on s\u2019auto-arbitre. Le son de l\u2019enceinte monte en m\u00eame temps que la tension, m\u00eame si l\u2019ambiance de la matin\u00e9e n\u2019est pas \u00e0 la gagne \u00e0 tout prix. Le premier objectif est atteint, les filles ont pris le terrain.<\/p>\n<p class=\"sc-cPiKLX AiZTS text-element\">Meije, 40 ans, membre du club d\u2019entreprise de France T\u00e9l\u00e9visions, joue au basket depuis ses 14 ans. \u00abHabitu\u00e9e \u00e0 l\u2019environnement masculin\u00bb en bas de chez elle, o\u00f9 elle est souvent la seule femme, \u00abil faut vite marquer un panier pour que les gars voient qu\u2019ils peuvent compter sur nous\u00bb. Elle est venue parce que \u00abl\u2019initiative est top et [que] c\u2019est cool de jouer avec mes semblables pour une fois\u00bb. C\u2019est dans cet esprit intersectionnel, attentif aux minorit\u00e9s de genre, que la joueuse Carole Cicci\u00f9, qui est venue mais ne joue pas, a fond\u00e9 le Comxte Club en 2021. Elle propose \u00e0 Saint-Ouen (Seine-Saint-Denis) des cr\u00e9neaux en ext\u00e9rieur, <a href=\"https:\/\/www.liberation.fr\/lifestyle\/voyages\/a-la-salle-de-sport-les-femmes-revent-de-seance-sans-hommes-20251016_5GMG4F5MNZB63AOIUOXBPUCRQY\/\" target=\"_blank\" rel=\"noreferrer noopener\" title=\"https:\/\/www.liberation.fr\/lifestyle\/voyages\/a-la-salle-de-sport-les-femmes-revent-de-seance-sans-hommes-20251016_5GMG4F5MNZB63AOIUOXBPUCRQY\/\">en non-mixit\u00e9<\/a>, une ou deux fois par semaine, avec pour but de \u00abcr\u00e9er une r\u00e9p\u00e9tition, une habitude, autant pour les personnes qui veulent jouer avec nous que pour les riverains ou les personnes qui occupent le terrain d\u2019habitude, et qui vont se dire que c\u2019est normal de nous avoir.\u00bb<\/p>\n<p class=\"sc-cPiKLX AiZTS text-element\">Deux gar\u00e7ons sont rest\u00e9s, pour jouer. Il y a Ruffin, 23 ans, et Abdelkrim, 18 ans. Le premier constate que \u00abde plus en plus de filles sont licenci\u00e9es en club donc c\u2019est bizarre qu\u2019il n\u2019y en ait pas plus au street. C\u2019est bien qu\u2019il y a un sujet.\u00bb Les deux comp\u00e8res compl\u00e8tent leur \u00e9quipe mixte, s\u2019avancent pour un match. Mais Abdelkrim et Ruffin se connaissent trop bien et d\u00e9s\u00e9quilibrent le niveau, les organisatrices du jour d\u00e9cident de les s\u00e9parer. Ils protestent en riant. Ivelisse commente, magnanime : \u00abIls restent supportables ce matin parce qu\u2019il y a plein de meufs, ils respectent. Mais qu\u2019ils continuent de parler, \u00e7a met de l\u2019ambiance !\u00bb Combien de temps vont-elles garder le terrain ? \u00abJusqu\u2019\u00e0 ce que plein de mecs arrivent et nous so\u00fblent trop\u00bb, blague Meije.<\/p>\n<p class=\"sc-cPiKLX AiZTS text-element\">Elles auront \u00e9t\u00e9 jusqu\u2019\u00e0 une trentaine \u00e0 dribbler sur le quai de Jemmapes. Une fin de partie est \u00e9voqu\u00e9e pour 15 heures. Aur\u00e9lie Delpech est satisfaite : \u00e0 la vue des trois jeunes spectatrices accroch\u00e9es \u00e0 la grille pour admirer toutes les g\u00e9n\u00e9rations de joueuses occuper le terrain, son objectif de \u00abrenverser l\u2019esth\u00e9tique\u00bb est atteint. Des passants confirment cette impression visuelle : \u00abC\u2019est vrai que d\u2019habitude, il n\u2019y a que des gars, en fait !\u00bb<\/p>\n","protected":false},"excerpt":{"rendered":"Il est 11 heures ce 11 novembre, et, fait inhabituel, trente femmes investissent le terrain de basket ext\u00e9rieur&hellip;\n","protected":false},"author":2,"featured_media":527647,"comment_status":"","ping_status":"","sticky":false,"template":"","format":"standard","meta":{"footnotes":""},"categories":[1888],"tags":[11,1464,1777,674,6757,1011,27,12,626,25],"class_list":{"0":"post-527646","1":"post","2":"type-post","3":"status-publish","4":"format-standard","5":"has-post-thumbnail","7":"category-paris","8":"tag-actualites","9":"tag-basketball","10":"tag-eu","11":"tag-europe","12":"tag-feminisme","13":"tag-fr","14":"tag-france","15":"tag-news","16":"tag-paris","17":"tag-republique-francaise"},"share_on_mastodon":{"url":"https:\/\/pubeurope.com\/@fr\/115532409491412203","error":""},"_links":{"self":[{"href":"https:\/\/www.europesays.com\/fr\/wp-json\/wp\/v2\/posts\/527646","targetHints":{"allow":["GET"]}}],"collection":[{"href":"https:\/\/www.europesays.com\/fr\/wp-json\/wp\/v2\/posts"}],"about":[{"href":"https:\/\/www.europesays.com\/fr\/wp-json\/wp\/v2\/types\/post"}],"author":[{"embeddable":true,"href":"https:\/\/www.europesays.com\/fr\/wp-json\/wp\/v2\/users\/2"}],"replies":[{"embeddable":true,"href":"https:\/\/www.europesays.com\/fr\/wp-json\/wp\/v2\/comments?post=527646"}],"version-history":[{"count":0,"href":"https:\/\/www.europesays.com\/fr\/wp-json\/wp\/v2\/posts\/527646\/revisions"}],"wp:featuredmedia":[{"embeddable":true,"href":"https:\/\/www.europesays.com\/fr\/wp-json\/wp\/v2\/media\/527647"}],"wp:attachment":[{"href":"https:\/\/www.europesays.com\/fr\/wp-json\/wp\/v2\/media?parent=527646"}],"wp:term":[{"taxonomy":"category","embeddable":true,"href":"https:\/\/www.europesays.com\/fr\/wp-json\/wp\/v2\/categories?post=527646"},{"taxonomy":"post_tag","embeddable":true,"href":"https:\/\/www.europesays.com\/fr\/wp-json\/wp\/v2\/tags?post=527646"}],"curies":[{"name":"wp","href":"https:\/\/api.w.org\/{rel}","templated":true}]}}